{"id":51102,"date":"2024-07-04T14:21:02","date_gmt":"2024-07-04T17:21:02","guid":{"rendered":"https:\/\/temucotelevision.cl\/web\/?p=51102"},"modified":"2024-07-04T14:21:03","modified_gmt":"2024-07-04T17:21:03","slug":"trashumantes-abre-las-puertas-de-un-nuevo-espacio-para-las-artes-escenicas-en-la-araucania","status":"publish","type":"post","link":"https:\/\/temucotelevision.cl\/web\/2024\/07\/04\/trashumantes-abre-las-puertas-de-un-nuevo-espacio-para-las-artes-escenicas-en-la-araucania\/","title":{"rendered":"Trashumantes abre las puertas de un nuevo espacio para las artes esc\u00e9nicas en La Araucan\u00eda"},"content":{"rendered":"<div class=\"pvc_clear\"><\/div><p id=\"pvc_stats_51102\" class=\"pvc_stats total_only  \" data-element-id=\"51102\" style=\"\"><i class=\"pvc-stats-icon large\" aria-hidden=\"true\"><svg aria-hidden=\"true\" focusable=\"false\" data-prefix=\"far\" data-icon=\"chart-bar\" role=\"img\" xmlns=\"http:\/\/www.w3.org\/2000\/svg\" viewBox=\"0 0 512 512\" class=\"svg-inline--fa fa-chart-bar fa-w-16 fa-2x\"><path fill=\"currentColor\" d=\"M396.8 352h22.4c6.4 0 12.8-6.4 12.8-12.8V108.8c0-6.4-6.4-12.8-12.8-12.8h-22.4c-6.4 0-12.8 6.4-12.8 12.8v230.4c0 6.4 6.4 12.8 12.8 12.8zm-192 0h22.4c6.4 0 12.8-6.4 12.8-12.8V140.8c0-6.4-6.4-12.8-12.8-12.8h-22.4c-6.4 0-12.8 6.4-12.8 12.8v198.4c0 6.4 6.4 12.8 12.8 12.8zm96 0h22.4c6.4 0 12.8-6.4 12.8-12.8V204.8c0-6.4-6.4-12.8-12.8-12.8h-22.4c-6.4 0-12.8 6.4-12.8 12.8v134.4c0 6.4 6.4 12.8 12.8 12.8zM496 400H48V80c0-8.84-7.16-16-16-16H16C7.16 64 0 71.16 0 80v336c0 17.67 14.33 32 32 32h464c8.84 0 16-7.16 16-16v-16c0-8.84-7.16-16-16-16zm-387.2-48h22.4c6.4 0 12.8-6.4 12.8-12.8v-70.4c0-6.4-6.4-12.8-12.8-12.8h-22.4c-6.4 0-12.8 6.4-12.8 12.8v70.4c0 6.4 6.4 12.8 12.8 12.8z\" class=\"\"><\/path><\/svg><\/i> <img loading=\"lazy\" decoding=\"async\" width=\"16\" height=\"16\" alt=\"Loading\" src=\"https:\/\/temucotelevision.cl\/web\/wp-content\/plugins\/page-views-count\/ajax-loader-2x.gif\" border=0 \/><\/p><div class=\"pvc_clear\"><\/div>\n<p><em>Se trata de Carpa Teatro Trashumantes que para este segundo semestre ofrecer\u00e1 sus primeras Temporadas Teatrales con m\u00e1s de 12 obras programadas hasta diciembre.<\/em><\/p>\n\n\n\n<p>Un nuevo hito para las artes esc\u00e9nicas regionales se vivir\u00e1 este viernes en La Araucan\u00eda, cuando Carpa Teatro Trashumantes abra sus puertas al p\u00fablico para ofrecer experiencias teatrales de manera permanente y continua en una sala pensada \u00edntegramente para las artes esc\u00e9nicas.&nbsp;<\/p>\n\n\n\n<p>La construcci\u00f3n de este espacio esc\u00e9nico \u00fanico en Temuco, que permitir\u00e1 disfrutar de una cartelera anual con compa\u00f1\u00edas locales y nacionales, fue posible gracias al Fondo de Artes Esc\u00e9nicas, L\u00ednea de Equipamiento, del Ministerio de las Culturas, las Artes y el Patrimonio de Chile.<\/p>\n\n\n\n<p>\u201cEstamos felices de poder concretar la inauguraci\u00f3n de esta sala y de poner a disposici\u00f3n de colectivos y compa\u00f1\u00edas un espacio de trabajo y de exhibici\u00f3n pensado para las artes esc\u00e9nicas, un espacio que esperamos se transforme en un punto de encuentro entre artistas y la comunidad\u201d, dicen las directoras de Trashumantes, Andrea Richards y Gisela Buscaglione.<\/p>\n\n\n\n<p>En esa l\u00ednea, agregan las actrices, \u201cCarpa teatro Trashumantes ser\u00e1 un espacio que haremos todas y todos y donde cada contribuci\u00f3n, traducida en entradas que abrazan el trabajo de las compa\u00f1\u00edas y sus creaciones y aportes que refuerzan el quehacer de este equipo, ser\u00e1 vital para mantener nuestras puertas abiertas\u201d.<\/p>\n\n\n\n<p>Este segundo semestre se realizar\u00e1n las primeras Temporadas Teatrales de Carpa Teatro Trashumantes, con m\u00e1s de 12 obras programadas entre julio y diciembre. \u201cFilogenia\u201d de la Colectiva Una Debacle abrir\u00e1 la cartelera el pr\u00f3ximo s\u00e1bado 13 y domingo 14 con doble funci\u00f3n, es decir a las 16.00 y 18.00 horas cada d\u00eda.<\/p>\n\n\n\n<p>T\u00edtulos como \u201cCartograf\u00edas humanas\u201d de Escena Port\u00e1til, \u201cTraves\u00eda, un viaje por la m\u00fasica\u201d de Cirkoqoshka, \u201cBajo la misma luna\u201d de Circo Lacustre, \u201cLucila, la ni\u00f1a que iba a ser reina\u201d de La Campanazo y \u201cUn mont\u00f3n de brujas volando por el cielo\u201d de Teatro en Tr\u00e1nsito son parte de esta nutrida cartelera.&nbsp;<\/p>\n\n\n\n<p><strong>MAESTRANZA<\/strong><\/p>\n\n\n\n<p>La inauguraci\u00f3n de este espacio esc\u00e9nico se realizar\u00e1 el viernes 05 de julio, a las 19.00 horas, en San Mart\u00edn 0891, con el corte de cinta y posterior presentaci\u00f3n de \u201cMaestranza\u201d, obra de artes esc\u00e9nicas interdisciplinaria dirigida por Mar\u00eda Paula Mora de la Compa\u00f1\u00eda La Barbarie.<\/p>\n\n\n\n<p>A trav\u00e9s de la danza, el teatro, la m\u00fasica y el circo, este espect\u00e1culo narra la historia de Pedro, un obrero de la Casa de M\u00e1quinas de Temuco que, junto a sus compa\u00f1eros, debe lidiar con el \u00f3xido que trata de consumir las locomotoras y vagones, una lucha contra el tiempo que corroe sin piedad.<\/p>\n\n\n\n<p>La obra invita a observar la analog\u00eda del \u00f3xido de las m\u00e1quinas con el \u00f3xido que consume el cerebro de Pedro, afectado por el Alzheimer, \u00f3xido que al mismo tiempo destruye sus arquetipos, develando y empoder\u00e1ndole de su homosexualidad, reprimida por un contexto laboral e hist\u00f3rico conservador y patriarcal.<\/p>\n\n\n\n<p>Las personas que quieran asistir a la inauguraci\u00f3n de Carpa Teatro Trashumantes pueden reservar su butaca en<a href=\"http:\/\/www.fundaciontrashumantes.cl\/\">www.fundaciontrashumantes.cl<\/a>, los cupos son limitados.<\/p>\n","protected":false},"excerpt":{"rendered":"<div class=\"pvc_clear\"><\/div>\n<p id=\"pvc_stats_51102\" class=\"pvc_stats total_only  \" data-element-id=\"51102\" style=\"\"><i class=\"pvc-stats-icon large\" aria-hidden=\"true\"><svg aria-hidden=\"true\" focusable=\"false\" data-prefix=\"far\" data-icon=\"chart-bar\" role=\"img\" xmlns=\"http:\/\/www.w3.org\/2000\/svg\" viewBox=\"0 0 512 512\" class=\"svg-inline--fa fa-chart-bar fa-w-16 fa-2x\"><path fill=\"currentColor\" d=\"M396.8 352h22.4c6.4 0 12.8-6.4 12.8-12.8V108.8c0-6.4-6.4-12.8-12.8-12.8h-22.4c-6.4 0-12.8 6.4-12.8 12.8v230.4c0 6.4 6.4 12.8 12.8 12.8zm-192 0h22.4c6.4 0 12.8-6.4 12.8-12.8V140.8c0-6.4-6.4-12.8-12.8-12.8h-22.4c-6.4 0-12.8 6.4-12.8 12.8v198.4c0 6.4 6.4 12.8 12.8 12.8zm96 0h22.4c6.4 0 12.8-6.4 12.8-12.8V204.8c0-6.4-6.4-12.8-12.8-12.8h-22.4c-6.4 0-12.8 6.4-12.8 12.8v134.4c0 6.4 6.4 12.8 12.8 12.8zM496 400H48V80c0-8.84-7.16-16-16-16H16C7.16 64 0 71.16 0 80v336c0 17.67 14.33 32 32 32h464c8.84 0 16-7.16 16-16v-16c0-8.84-7.16-16-16-16zm-387.2-48h22.4c6.4 0 12.8-6.4 12.8-12.8v-70.4c0-6.4-6.4-12.8-12.8-12.8h-22.4c-6.4 0-12.8 6.4-12.8 12.8v70.4c0 6.4 6.4 12.8 12.8 12.8z\" class=\"\"><\/path><\/svg><\/i> <img loading=\"lazy\" decoding=\"async\" width=\"16\" height=\"16\" alt=\"Loading\" src=\"https:\/\/temucotelevision.cl\/web\/wp-content\/plugins\/page-views-count\/ajax-loader-2x.gif\" border=0 \/><\/p>\n<div class=\"pvc_clear\"><\/div>\n<p>Se trata de Carpa Teatro Trashumantes que para este segundo semestre ofrecer\u00e1 sus primeras Temporadas Teatrales con m\u00e1s de 12<\/p>\n","protected":false},"author":1,"featured_media":51103,"comment_status":"open","ping_status":"open","sticky":false,"template":"","format":"standard","meta":{"colormag_page_container_layout":"default_layout","colormag_page_sidebar_layout":"default_layout","footnotes":""},"categories":[86],"tags":[3676],"class_list":["post-51102","post","type-post","status-publish","format-standard","has-post-thumbnail","hentry","category-panoramas","tag-trashumantes"],"a3_pvc":{"activated":true,"total_views":906,"today_views":0},"_links":{"self":[{"href":"https:\/\/temucotelevision.cl\/web\/wp-json\/wp\/v2\/posts\/51102","targetHints":{"allow":["GET"]}}],"collection":[{"href":"https:\/\/temucotelevision.cl\/web\/wp-json\/wp\/v2\/posts"}],"about":[{"href":"https:\/\/temucotelevision.cl\/web\/wp-json\/wp\/v2\/types\/post"}],"author":[{"embeddable":true,"href":"https:\/\/temucotelevision.cl\/web\/wp-json\/wp\/v2\/users\/1"}],"replies":[{"embeddable":true,"href":"https:\/\/temucotelevision.cl\/web\/wp-json\/wp\/v2\/comments?post=51102"}],"version-history":[{"count":1,"href":"https:\/\/temucotelevision.cl\/web\/wp-json\/wp\/v2\/posts\/51102\/revisions"}],"predecessor-version":[{"id":51104,"href":"https:\/\/temucotelevision.cl\/web\/wp-json\/wp\/v2\/posts\/51102\/revisions\/51104"}],"wp:featuredmedia":[{"embeddable":true,"href":"https:\/\/temucotelevision.cl\/web\/wp-json\/wp\/v2\/media\/51103"}],"wp:attachment":[{"href":"https:\/\/temucotelevision.cl\/web\/wp-json\/wp\/v2\/media?parent=51102"}],"wp:term":[{"taxonomy":"category","embeddable":true,"href":"https:\/\/temucotelevision.cl\/web\/wp-json\/wp\/v2\/categories?post=51102"},{"taxonomy":"post_tag","embeddable":true,"href":"https:\/\/temucotelevision.cl\/web\/wp-json\/wp\/v2\/tags?post=51102"}],"curies":[{"name":"wp","href":"https:\/\/api.w.org\/{rel}","templated":true}]}}