{"id":51094,"date":"2024-07-03T23:23:41","date_gmt":"2024-07-04T02:23:41","guid":{"rendered":"https:\/\/temucotelevision.cl\/web\/?p=51094"},"modified":"2024-07-03T23:23:41","modified_gmt":"2024-07-04T02:23:41","slug":"chile-vamos-sin-candidato-a-alcalde-en-loncoche-a-cuatro-meses-de-la-eleccion","status":"publish","type":"post","link":"https:\/\/temucotelevision.cl\/web\/2024\/07\/03\/chile-vamos-sin-candidato-a-alcalde-en-loncoche-a-cuatro-meses-de-la-eleccion\/","title":{"rendered":"Chile Vamos sin candidato a alcalde en Loncoche a cuatro meses de la elecci\u00f3n"},"content":{"rendered":"<div class=\"pvc_clear\"><\/div><p id=\"pvc_stats_51094\" class=\"pvc_stats total_only  \" data-element-id=\"51094\" style=\"\"><i class=\"pvc-stats-icon large\" aria-hidden=\"true\"><svg aria-hidden=\"true\" focusable=\"false\" data-prefix=\"far\" data-icon=\"chart-bar\" role=\"img\" xmlns=\"http:\/\/www.w3.org\/2000\/svg\" viewBox=\"0 0 512 512\" class=\"svg-inline--fa fa-chart-bar fa-w-16 fa-2x\"><path fill=\"currentColor\" d=\"M396.8 352h22.4c6.4 0 12.8-6.4 12.8-12.8V108.8c0-6.4-6.4-12.8-12.8-12.8h-22.4c-6.4 0-12.8 6.4-12.8 12.8v230.4c0 6.4 6.4 12.8 12.8 12.8zm-192 0h22.4c6.4 0 12.8-6.4 12.8-12.8V140.8c0-6.4-6.4-12.8-12.8-12.8h-22.4c-6.4 0-12.8 6.4-12.8 12.8v198.4c0 6.4 6.4 12.8 12.8 12.8zm96 0h22.4c6.4 0 12.8-6.4 12.8-12.8V204.8c0-6.4-6.4-12.8-12.8-12.8h-22.4c-6.4 0-12.8 6.4-12.8 12.8v134.4c0 6.4 6.4 12.8 12.8 12.8zM496 400H48V80c0-8.84-7.16-16-16-16H16C7.16 64 0 71.16 0 80v336c0 17.67 14.33 32 32 32h464c8.84 0 16-7.16 16-16v-16c0-8.84-7.16-16-16-16zm-387.2-48h22.4c6.4 0 12.8-6.4 12.8-12.8v-70.4c0-6.4-6.4-12.8-12.8-12.8h-22.4c-6.4 0-12.8 6.4-12.8 12.8v70.4c0 6.4 6.4 12.8 12.8 12.8z\" class=\"\"><\/path><\/svg><\/i> <img loading=\"lazy\" decoding=\"async\" width=\"16\" height=\"16\" alt=\"Loading\" src=\"https:\/\/temucotelevision.cl\/web\/wp-content\/plugins\/page-views-count\/ajax-loader-2x.gif\" border=0 \/><\/p><div class=\"pvc_clear\"><\/div>\n<p>Preocupaci\u00f3n existe en los partidos pol\u00edticos de derecha en Loncoche, agrupados en el pacto Chile Vamos, ya que, a menos de 4 meses de las elecciones municipales, no cuenta con candidato, definiendo las c\u00fapulas partidarias realizar una encuesta para dirimir a su representante, seg\u00fan informaci\u00f3n aparecida en diferentes medios de comunicaci\u00f3n.<\/p>\n\n\n\n<p>Los candidatos que se medir\u00edan en esta encuesta ser\u00edan el ex Alcalde Ricardo Pe\u00f1a, de RN, y el actual Concejal V\u00edctor V\u00e9jar, quien esta vez ser\u00eda apoyado por la UDI.&nbsp;&nbsp; &nbsp;<\/p>\n\n\n\n<p>De esta forma, el escenario electoral comunal es de alta incertidumbre, ya que la oposici\u00f3n oficialista de derecha al Alcalde Alexis Pineda Ruiz, que podr\u00eda tener verdadero peso pol\u00edtico y electoral, a escasos meses de los comicios, no tiene rostro claro, lo que perjudica el posicionamiento medi\u00e1tico, cobertura territorial y el despliegue de los equipos de campa\u00f1a.<br><\/p>\n\n\n\n<p>Por su parte, Pineda Ruiz ratific\u00f3 su postulaci\u00f3n a la reelecci\u00f3n, pese a no recibirse la resoluci\u00f3n de la Corte Suprema sobre la solicitud de destituci\u00f3n de Contralor\u00eda, trabajando junto a sus equipos a toda m\u00e1quina, con un extenso listado de inauguraciones y primeras piedras, dando cuenta de una contundente cartera de proyectos y millonaria inversi\u00f3n p\u00fablica, que le ha posibilitado una fuerte presencia comunicacional, territorial y comunitaria.&nbsp; &nbsp;&nbsp;<\/p>\n\n\n\n<p>Llamativo es que Ricardo Pe\u00f1a, ex Alcalde que estuvo en el poder local por 16 a\u00f1os, no haya consolidado una candidatura que cuente con f\u00e9rreo respaldo, dando cuenta de un liderazgo desgastado, puesto en duda y confrontado por un joven, din\u00e1mico e impetuoso Concejal.&nbsp;<\/p>\n\n\n\n<p>As\u00ed, la derecha loncochense tard\u00edamente definir\u00e1 a su candidato alcaldicio, desaprovechando usar una alternativa como las Primarias, en desmedro de la democracia misma, de la participaci\u00f3n eficaz y de la conexi\u00f3n con los habitantes del territorio, reemplazando esta opci\u00f3n por una f\u00f3rmula tecnocr\u00e1tica, por una aproximaci\u00f3n indirecta a la realidad.<\/p>\n\n\n\n<p>Por otra parte, el candidato independiente Eduardo Bast\u00edas, que se especula ser\u00eda apoyado por el pacto de los partidos Dem\u00f3cratas y Amarillos, lo entrevistaron en un medio de comunicaci\u00f3n y no habr\u00eda tenido una positiva perfomance, lo que analizaremos en un pr\u00f3ximo escrito.<\/p>\n\n\n\n<p>Finalmente, la izquierda frenteamplista, que no llevar\u00eda candidato a la Alcald\u00eda, reproduce, como ha sido su t\u00f3nica, una visi\u00f3n agria y pesimista de la realidad comunal, con un discurso duro y radical, donde abundan los excesos verbales y el negativismo.<\/p>\n\n\n\n<p>Por tanto, habr\u00e1 que esperar si se podr\u00e1 observar una disputa muy anhelada en las huestes de Pineda Ruiz, que es enfrentar a Ricardo Pe\u00f1a, en un match entre los dos m\u00e1s importantes actores pol\u00edticos de los \u00faltimos veinte a\u00f1os en la pol\u00edtica loncochense, que, sin duda, tiene un condimento especial.<\/p>\n","protected":false},"excerpt":{"rendered":"<div class=\"pvc_clear\"><\/div>\n<p id=\"pvc_stats_51094\" class=\"pvc_stats total_only  \" data-element-id=\"51094\" style=\"\"><i class=\"pvc-stats-icon large\" aria-hidden=\"true\"><svg aria-hidden=\"true\" focusable=\"false\" data-prefix=\"far\" data-icon=\"chart-bar\" role=\"img\" xmlns=\"http:\/\/www.w3.org\/2000\/svg\" viewBox=\"0 0 512 512\" class=\"svg-inline--fa fa-chart-bar fa-w-16 fa-2x\"><path fill=\"currentColor\" d=\"M396.8 352h22.4c6.4 0 12.8-6.4 12.8-12.8V108.8c0-6.4-6.4-12.8-12.8-12.8h-22.4c-6.4 0-12.8 6.4-12.8 12.8v230.4c0 6.4 6.4 12.8 12.8 12.8zm-192 0h22.4c6.4 0 12.8-6.4 12.8-12.8V140.8c0-6.4-6.4-12.8-12.8-12.8h-22.4c-6.4 0-12.8 6.4-12.8 12.8v198.4c0 6.4 6.4 12.8 12.8 12.8zm96 0h22.4c6.4 0 12.8-6.4 12.8-12.8V204.8c0-6.4-6.4-12.8-12.8-12.8h-22.4c-6.4 0-12.8 6.4-12.8 12.8v134.4c0 6.4 6.4 12.8 12.8 12.8zM496 400H48V80c0-8.84-7.16-16-16-16H16C7.16 64 0 71.16 0 80v336c0 17.67 14.33 32 32 32h464c8.84 0 16-7.16 16-16v-16c0-8.84-7.16-16-16-16zm-387.2-48h22.4c6.4 0 12.8-6.4 12.8-12.8v-70.4c0-6.4-6.4-12.8-12.8-12.8h-22.4c-6.4 0-12.8 6.4-12.8 12.8v70.4c0 6.4 6.4 12.8 12.8 12.8z\" class=\"\"><\/path><\/svg><\/i> <img loading=\"lazy\" decoding=\"async\" width=\"16\" height=\"16\" alt=\"Loading\" src=\"https:\/\/temucotelevision.cl\/web\/wp-content\/plugins\/page-views-count\/ajax-loader-2x.gif\" border=0 \/><\/p>\n<div class=\"pvc_clear\"><\/div>\n<p>Preocupaci\u00f3n existe en los partidos pol\u00edticos de derecha en Loncoche, agrupados en el pacto Chile Vamos, ya que, a menos<\/p>\n","protected":false},"author":1,"featured_media":51095,"comment_status":"open","ping_status":"open","sticky":false,"template":"","format":"standard","meta":{"colormag_page_container_layout":"default_layout","colormag_page_sidebar_layout":"default_layout","footnotes":""},"categories":[84],"tags":[3437,993],"class_list":["post-51094","post","type-post","status-publish","format-standard","has-post-thumbnail","hentry","category-politica","tag-chile-vamos","tag-loncoche"],"a3_pvc":{"activated":true,"total_views":1103,"today_views":0},"_links":{"self":[{"href":"https:\/\/temucotelevision.cl\/web\/wp-json\/wp\/v2\/posts\/51094","targetHints":{"allow":["GET"]}}],"collection":[{"href":"https:\/\/temucotelevision.cl\/web\/wp-json\/wp\/v2\/posts"}],"about":[{"href":"https:\/\/temucotelevision.cl\/web\/wp-json\/wp\/v2\/types\/post"}],"author":[{"embeddable":true,"href":"https:\/\/temucotelevision.cl\/web\/wp-json\/wp\/v2\/users\/1"}],"replies":[{"embeddable":true,"href":"https:\/\/temucotelevision.cl\/web\/wp-json\/wp\/v2\/comments?post=51094"}],"version-history":[{"count":1,"href":"https:\/\/temucotelevision.cl\/web\/wp-json\/wp\/v2\/posts\/51094\/revisions"}],"predecessor-version":[{"id":51096,"href":"https:\/\/temucotelevision.cl\/web\/wp-json\/wp\/v2\/posts\/51094\/revisions\/51096"}],"wp:featuredmedia":[{"embeddable":true,"href":"https:\/\/temucotelevision.cl\/web\/wp-json\/wp\/v2\/media\/51095"}],"wp:attachment":[{"href":"https:\/\/temucotelevision.cl\/web\/wp-json\/wp\/v2\/media?parent=51094"}],"wp:term":[{"taxonomy":"category","embeddable":true,"href":"https:\/\/temucotelevision.cl\/web\/wp-json\/wp\/v2\/categories?post=51094"},{"taxonomy":"post_tag","embeddable":true,"href":"https:\/\/temucotelevision.cl\/web\/wp-json\/wp\/v2\/tags?post=51094"}],"curies":[{"name":"wp","href":"https:\/\/api.w.org\/{rel}","templated":true}]}}