{"id":51088,"date":"2024-07-03T23:15:06","date_gmt":"2024-07-04T02:15:06","guid":{"rendered":"https:\/\/temucotelevision.cl\/web\/?p=51088"},"modified":"2024-07-03T23:19:18","modified_gmt":"2024-07-04T02:19:18","slug":"teleton-recibe-con-entusiasmo-el-internacional-musical-cats-7-de-septiembre-en-municipal-de-temuco","status":"publish","type":"post","link":"https:\/\/temucotelevision.cl\/web\/2024\/07\/03\/teleton-recibe-con-entusiasmo-el-internacional-musical-cats-7-de-septiembre-en-municipal-de-temuco\/","title":{"rendered":"Telet\u00f3n recibe con entusiasmo el internacional musical &#8220;CATS&#8221;, 7 de septiembre en municipal de Temuco."},"content":{"rendered":"<div class=\"pvc_clear\"><\/div><p id=\"pvc_stats_51088\" class=\"pvc_stats total_only  \" data-element-id=\"51088\" style=\"\"><i class=\"pvc-stats-icon large\" aria-hidden=\"true\"><svg aria-hidden=\"true\" focusable=\"false\" data-prefix=\"far\" data-icon=\"chart-bar\" role=\"img\" xmlns=\"http:\/\/www.w3.org\/2000\/svg\" viewBox=\"0 0 512 512\" class=\"svg-inline--fa fa-chart-bar fa-w-16 fa-2x\"><path fill=\"currentColor\" d=\"M396.8 352h22.4c6.4 0 12.8-6.4 12.8-12.8V108.8c0-6.4-6.4-12.8-12.8-12.8h-22.4c-6.4 0-12.8 6.4-12.8 12.8v230.4c0 6.4 6.4 12.8 12.8 12.8zm-192 0h22.4c6.4 0 12.8-6.4 12.8-12.8V140.8c0-6.4-6.4-12.8-12.8-12.8h-22.4c-6.4 0-12.8 6.4-12.8 12.8v198.4c0 6.4 6.4 12.8 12.8 12.8zm96 0h22.4c6.4 0 12.8-6.4 12.8-12.8V204.8c0-6.4-6.4-12.8-12.8-12.8h-22.4c-6.4 0-12.8 6.4-12.8 12.8v134.4c0 6.4 6.4 12.8 12.8 12.8zM496 400H48V80c0-8.84-7.16-16-16-16H16C7.16 64 0 71.16 0 80v336c0 17.67 14.33 32 32 32h464c8.84 0 16-7.16 16-16v-16c0-8.84-7.16-16-16-16zm-387.2-48h22.4c6.4 0 12.8-6.4 12.8-12.8v-70.4c0-6.4-6.4-12.8-12.8-12.8h-22.4c-6.4 0-12.8 6.4-12.8 12.8v70.4c0 6.4 6.4 12.8 12.8 12.8z\" class=\"\"><\/path><\/svg><\/i> <img loading=\"lazy\" decoding=\"async\" width=\"16\" height=\"16\" alt=\"Loading\" src=\"https:\/\/temucotelevision.cl\/web\/wp-content\/plugins\/page-views-count\/ajax-loader-2x.gif\" border=0 \/><\/p><div class=\"pvc_clear\"><\/div>\n<p><em>Personajes de la afamada obra musical compartieron con ni\u00f1os, ni\u00f1as y familias que se atienden en el centro de rehabilitaci\u00f3n. El musical tendr\u00e1 presentaciones en Santiago, Vi\u00f1a del Mar, Concepci\u00f3n y Temuco.<\/em><\/p>\n\n\n\n<p>El instituto Telet\u00f3n Santiago se llen\u00f3 de m\u00fasica, magia y alegr\u00eda con la visita del famoso y reconocido musical \u201cCats\u201d. Encabezados por los artistas nacionales Carolina Soto y Roberto D\u00edaz, ocho integrantes del elenco recorrieron las instalaciones del instituto y compartieron con pacientes y familias.<\/p>\n\n\n\n<p>Para esta visita los artistas se maquillaron y caracterizaron tal como si fuera una presentaci\u00f3n al p\u00fablico. As\u00ed, con rasgos felinos en sus rostros y una cuidada vestimenta, asombraron ni\u00f1as y ni\u00f1os que realizaban sus terapias de rehabilitaci\u00f3n.<\/p>\n\n\n\n<p>Tanto pacientes como funcionarios de Telet\u00f3n pudieron vivir el encanto de la historia de los gatos de la tribu Jellice que, una vez al a\u00f1o, se re\u00fanen en una noche de Luna llena para que uno de ellos reencarne en el Ed\u00e9n Sideral.<\/p>\n\n\n\n<p>La cantante nacional Carolina Soto, quien interpreta a Grizabella, coment\u00f3 que siempre se sorprende cuando asiste a Telet\u00f3n. \u201cCreo que debemos sentirnos orgullosos de que en Chile haya un instituto as\u00ed, un centro tan importante que abarque los problemas de nuestros ni\u00f1os con distintas discapacidades. Todos los a\u00f1os me toca colaborar de alguna manera, as\u00ed que soy una fiel y eterna colaboradora\u201d indic\u00f3 la cantante.<\/p>\n\n\n\n<p>Desde su estreno en 1983, &#8220;Cats&#8221; ha dejado una huella imborrable en la historia del teatro musical, ganando prestigiosos premios como el Laurence Olivier y siete premios Tony. El ic\u00f3nico musical aclamado por la cr\u00edtica mundial cuenta con un elenco de talentosos artistas que dan vida a los entra\u00f1ables personajes felinos, cada uno con su propia personalidad y estilo, llev\u00e1ndonos a un mundo m\u00e1gico lleno de m\u00fasica, danza y emociones.&nbsp;<\/p>\n\n\n\n<p>Roberto D\u00edaz, tenor que interpreta a Old Deuteronomio,resalt\u00f3 la energ\u00eda, el cari\u00f1o y el amor que invadi\u00f3 la visita. \u201cFuimos muy bien recibidos, los ni\u00f1os son maravillosos, tienen un grupo musical bello, todos cantan muy lindo. Es primera vez que tengo la experiencia de venir al instituto Telet\u00f3n, es algo que no se puede perder, ver c\u00f3mo trabajan integralmente con los ni\u00f1os y con sus padres, me sorprendi\u00f3 porque es un trabajo que es hacia los ni\u00f1os como tambi\u00e9n un acompa\u00f1amiento hacia sus familias, as\u00ed que qued\u00e9 muy impresionado\u201d, se\u00f1al\u00f3 el destacado cantante nacional.&nbsp;<\/p>\n\n\n\n<p>Por su parte, Francisca Gallardo, jefa de la Unidad de Terapias Art\u00edsticas y Recreativas de Telet\u00f3n Santiago, destac\u00f3 que la presencia de estos artistas personificados como si fuera una funci\u00f3n real. \u201cEllos vinieron personificados, lo que trajo este arte a los ni\u00f1os, ni\u00f1as y j\u00f3venes, porque no solamente nos vinieron a conocer, sino que tambi\u00e9n vinieron a mostrar lo que hacen. Cantaron, mostraron su arte, el maquillaje, el vestuario y se conectaron con los ni\u00f1os y ni\u00f1as y j\u00f3venes de los talleres de teatro, de m\u00fasica, de arte y de danza de nuestra unidad, es una experiencia distinta\u201d, destac\u00f3 la profesional.<\/p>\n\n\n\n<p>Al final de la visita, el elenco de \u201cCats\u201d disfrut\u00f3 de una presentaci\u00f3n art\u00edstica de ni\u00f1os, ni\u00f1as y j\u00f3venes que participan en talleres de m\u00fasica y canto del instituto. All\u00ed vieron una presentaci\u00f3n que es parte del musical \u201cOpera Rock\u201d, realizado por participantes de este taller el a\u00f1o pasado.&nbsp; Adem\u00e1s, el elenco interpret\u00f3 la canci\u00f3n Memory para los asistentes.&nbsp;<\/p>\n\n\n\n<p>El aclamado musical se presentar\u00e1 en el teatro de la Universidad de Concepci\u00f3n el 17 de agosto, en el teatro municipal de Vi\u00f1a del Mar el 31 de agosto y el 1 de septiembre,\u00a0 finalizando sus presentaciones el 7 de septiembre en el\u00a0teatro municipal de Temuco.<\/p>\n\n\n\n<p>Quienes quieran conocer m\u00e1s de Telet\u00f3n y el trabajo que realizan sus equipos en sus 14 institutos del pa\u00eds, pueden revisar su Memoria Anual 2023 disponible en <a href=\"http:\/\/www.teleton.cl\/transparencia\">www.teleton.cl\/transparencia<\/a>.<\/p>\n\n\n\n<p>La campa\u00f1a Telet\u00f3n 2024 se realizar\u00e1 este a\u00f1o el 8 y 9 de noviembre, d\u00edas en que se realizar\u00e1 el tradicional programa televisivo de 27 horas desde el Teatro Telet\u00f3n y su noche de cierre.<\/p>\n\n\n\n<figure class=\"wp-block-image size-large\"><img loading=\"lazy\" decoding=\"async\" width=\"1000\" height=\"653\" src=\"https:\/\/temucotelevision.cl\/web\/wp-content\/uploads\/2024\/07\/Visita-cats-IT-71-1000x653.jpg\" alt=\"\" class=\"wp-image-51092\" srcset=\"https:\/\/temucotelevision.cl\/web\/wp-content\/uploads\/2024\/07\/Visita-cats-IT-71-1000x653.jpg 1000w, https:\/\/temucotelevision.cl\/web\/wp-content\/uploads\/2024\/07\/Visita-cats-IT-71-768x501.jpg 768w, https:\/\/temucotelevision.cl\/web\/wp-content\/uploads\/2024\/07\/Visita-cats-IT-71-1536x1003.jpg 1536w, https:\/\/temucotelevision.cl\/web\/wp-content\/uploads\/2024\/07\/Visita-cats-IT-71-2048x1337.jpg 2048w\" sizes=\"auto, (max-width: 1000px) 100vw, 1000px\" \/><\/figure>\n","protected":false},"excerpt":{"rendered":"<div class=\"pvc_clear\"><\/div>\n<p id=\"pvc_stats_51088\" class=\"pvc_stats total_only  \" data-element-id=\"51088\" style=\"\"><i class=\"pvc-stats-icon large\" aria-hidden=\"true\"><svg aria-hidden=\"true\" focusable=\"false\" data-prefix=\"far\" data-icon=\"chart-bar\" role=\"img\" xmlns=\"http:\/\/www.w3.org\/2000\/svg\" viewBox=\"0 0 512 512\" class=\"svg-inline--fa fa-chart-bar fa-w-16 fa-2x\"><path fill=\"currentColor\" d=\"M396.8 352h22.4c6.4 0 12.8-6.4 12.8-12.8V108.8c0-6.4-6.4-12.8-12.8-12.8h-22.4c-6.4 0-12.8 6.4-12.8 12.8v230.4c0 6.4 6.4 12.8 12.8 12.8zm-192 0h22.4c6.4 0 12.8-6.4 12.8-12.8V140.8c0-6.4-6.4-12.8-12.8-12.8h-22.4c-6.4 0-12.8 6.4-12.8 12.8v198.4c0 6.4 6.4 12.8 12.8 12.8zm96 0h22.4c6.4 0 12.8-6.4 12.8-12.8V204.8c0-6.4-6.4-12.8-12.8-12.8h-22.4c-6.4 0-12.8 6.4-12.8 12.8v134.4c0 6.4 6.4 12.8 12.8 12.8zM496 400H48V80c0-8.84-7.16-16-16-16H16C7.16 64 0 71.16 0 80v336c0 17.67 14.33 32 32 32h464c8.84 0 16-7.16 16-16v-16c0-8.84-7.16-16-16-16zm-387.2-48h22.4c6.4 0 12.8-6.4 12.8-12.8v-70.4c0-6.4-6.4-12.8-12.8-12.8h-22.4c-6.4 0-12.8 6.4-12.8 12.8v70.4c0 6.4 6.4 12.8 12.8 12.8z\" class=\"\"><\/path><\/svg><\/i> <img loading=\"lazy\" decoding=\"async\" width=\"16\" height=\"16\" alt=\"Loading\" src=\"https:\/\/temucotelevision.cl\/web\/wp-content\/plugins\/page-views-count\/ajax-loader-2x.gif\" border=0 \/><\/p>\n<div class=\"pvc_clear\"><\/div>\n<p>Personajes de la afamada obra musical compartieron con ni\u00f1os, ni\u00f1as y familias que se atienden en el centro de rehabilitaci\u00f3n.<\/p>\n","protected":false},"author":1,"featured_media":51089,"comment_status":"open","ping_status":"open","sticky":false,"template":"","format":"standard","meta":{"colormag_page_container_layout":"default_layout","colormag_page_sidebar_layout":"default_layout","footnotes":""},"categories":[86],"tags":[6791],"class_list":["post-51088","post","type-post","status-publish","format-standard","has-post-thumbnail","hentry","category-panoramas","tag-musical"],"a3_pvc":{"activated":true,"total_views":1171,"today_views":0},"_links":{"self":[{"href":"https:\/\/temucotelevision.cl\/web\/wp-json\/wp\/v2\/posts\/51088","targetHints":{"allow":["GET"]}}],"collection":[{"href":"https:\/\/temucotelevision.cl\/web\/wp-json\/wp\/v2\/posts"}],"about":[{"href":"https:\/\/temucotelevision.cl\/web\/wp-json\/wp\/v2\/types\/post"}],"author":[{"embeddable":true,"href":"https:\/\/temucotelevision.cl\/web\/wp-json\/wp\/v2\/users\/1"}],"replies":[{"embeddable":true,"href":"https:\/\/temucotelevision.cl\/web\/wp-json\/wp\/v2\/comments?post=51088"}],"version-history":[{"count":2,"href":"https:\/\/temucotelevision.cl\/web\/wp-json\/wp\/v2\/posts\/51088\/revisions"}],"predecessor-version":[{"id":51093,"href":"https:\/\/temucotelevision.cl\/web\/wp-json\/wp\/v2\/posts\/51088\/revisions\/51093"}],"wp:featuredmedia":[{"embeddable":true,"href":"https:\/\/temucotelevision.cl\/web\/wp-json\/wp\/v2\/media\/51089"}],"wp:attachment":[{"href":"https:\/\/temucotelevision.cl\/web\/wp-json\/wp\/v2\/media?parent=51088"}],"wp:term":[{"taxonomy":"category","embeddable":true,"href":"https:\/\/temucotelevision.cl\/web\/wp-json\/wp\/v2\/categories?post=51088"},{"taxonomy":"post_tag","embeddable":true,"href":"https:\/\/temucotelevision.cl\/web\/wp-json\/wp\/v2\/tags?post=51088"}],"curies":[{"name":"wp","href":"https:\/\/api.w.org\/{rel}","templated":true}]}}