{"id":51085,"date":"2024-07-03T22:48:04","date_gmt":"2024-07-04T01:48:04","guid":{"rendered":"https:\/\/temucotelevision.cl\/web\/?p=51085"},"modified":"2024-07-03T23:28:22","modified_gmt":"2024-07-04T02:28:22","slug":"mtt-y-municipio-de-temuco-inauguran-cruce-semaforizado-ohiggins-con-san-carlos","status":"publish","type":"post","link":"https:\/\/temucotelevision.cl\/web\/2024\/07\/03\/mtt-y-municipio-de-temuco-inauguran-cruce-semaforizado-ohiggins-con-san-carlos\/","title":{"rendered":"MTT y municipio de Temuco inauguran cruce semaforizado, O\u2019Higgins con San Carlos"},"content":{"rendered":"<div class=\"pvc_clear\"><\/div><p id=\"pvc_stats_51085\" class=\"pvc_stats total_only  \" data-element-id=\"51085\" style=\"\"><i class=\"pvc-stats-icon large\" aria-hidden=\"true\"><svg aria-hidden=\"true\" focusable=\"false\" data-prefix=\"far\" data-icon=\"chart-bar\" role=\"img\" xmlns=\"http:\/\/www.w3.org\/2000\/svg\" viewBox=\"0 0 512 512\" class=\"svg-inline--fa fa-chart-bar fa-w-16 fa-2x\"><path fill=\"currentColor\" d=\"M396.8 352h22.4c6.4 0 12.8-6.4 12.8-12.8V108.8c0-6.4-6.4-12.8-12.8-12.8h-22.4c-6.4 0-12.8 6.4-12.8 12.8v230.4c0 6.4 6.4 12.8 12.8 12.8zm-192 0h22.4c6.4 0 12.8-6.4 12.8-12.8V140.8c0-6.4-6.4-12.8-12.8-12.8h-22.4c-6.4 0-12.8 6.4-12.8 12.8v198.4c0 6.4 6.4 12.8 12.8 12.8zm96 0h22.4c6.4 0 12.8-6.4 12.8-12.8V204.8c0-6.4-6.4-12.8-12.8-12.8h-22.4c-6.4 0-12.8 6.4-12.8 12.8v134.4c0 6.4 6.4 12.8 12.8 12.8zM496 400H48V80c0-8.84-7.16-16-16-16H16C7.16 64 0 71.16 0 80v336c0 17.67 14.33 32 32 32h464c8.84 0 16-7.16 16-16v-16c0-8.84-7.16-16-16-16zm-387.2-48h22.4c6.4 0 12.8-6.4 12.8-12.8v-70.4c0-6.4-6.4-12.8-12.8-12.8h-22.4c-6.4 0-12.8 6.4-12.8 12.8v70.4c0 6.4 6.4 12.8 12.8 12.8z\" class=\"\"><\/path><\/svg><\/i> <img loading=\"lazy\" decoding=\"async\" width=\"16\" height=\"16\" alt=\"Loading\" src=\"https:\/\/temucotelevision.cl\/web\/wp-content\/plugins\/page-views-count\/ajax-loader-2x.gif\" border=0 \/><\/p><div class=\"pvc_clear\"><\/div>\n<ul class=\"wp-block-list\">\n<li><em><strong>Sem\u00e1foro en la intersecci\u00f3n O\u2019Higgins con San Carlos se encuentra integrado al SCAT Araucan\u00eda para su monitoreo y gesti\u00f3n del tr\u00e1nsito desde el Centro de Control de la UOCT.<\/strong><\/em><\/li>\n<\/ul>\n\n\n\n<p>Con el objetivo de mejorar las condiciones de movilidad y seguridad de peatones y conductores en la comuna de Temuco y promover la convivencia vial en la regi\u00f3n, la Seremi de Transporte y Telecomunicaciones junto al Municipio inauguraron un nuevo cruce semaforizado en la intersecci\u00f3n de O\u2019Higgins con San Carlos.<\/p>\n\n\n\n<p>El cruce, se encuentra conectado de forma inal\u00e1mbrica al Centro de Control de la&nbsp;Unidad Operativa de Control de Tr\u00e1nsito (UOCT) Araucan\u00eda, para el monitoreo y gesti\u00f3n del tr\u00e1nsito, cuenta con l\u00e1mparas de tecnolog\u00eda led y una unidad de respaldo de energ\u00eda UPS para mantener el funcionamiento en caso de corte del suministro el\u00e9ctrico.<\/p>\n\n\n\n<p>Las obras de semaforizaci\u00f3n fueron supervisadas por el equipo UOCT Araucan\u00eda, para garantizar el cumplimiento de los est\u00e1ndares de seguridad y calidad, adem\u00e1s de la programaci\u00f3n de la operaci\u00f3n de acuerdo a la demanda en los diferentes horarios.<\/p>\n\n\n\n<p>La seremi de Transporte y Telecomunicacioes, Mary Valdebenito Tapia, explic\u00f3 que la integraci\u00f3n de este nuevo sem\u00e1foro es una medida que mejora las condiciones de accesibilidad Universal y circulaci\u00f3n en el espacio p\u00fablico.&nbsp;<\/p>\n\n\n\n<p>\u201cEl nuevo sem\u00e1foro no solo impacta positivamente el espacio p\u00fablico actual, sino tambi\u00e9n incorpora elementos tecnol\u00f3gicos de valor urbano para la comunidad, lo que representa importantes avances en materia de gesti\u00f3n de tr\u00e1nsito al contribuir a mejorar las condiciones de seguridad y a disminuir los accidentes de tr\u00e1nsito, a trav\u00e9s de una gesti\u00f3n de tr\u00e1nsito desarrollada por nuestra UOCT, y que beneficiar\u00e1 tanto a peatones, ciclistas y personas con movilidad reducida como a veh\u00edculos motorizados que circulan en este sector\u201d, afirm\u00f3 la autoridad regional.<\/p>\n\n\n\n<p>Por su parte, la encargada de la UOCT regional Lorena Ortiz, se\u00f1al\u00f3 que \u201ceste es el sem\u00e1foro 183 de Temuco que es integrado al Sistema de control de Tr\u00e1nsito de la UOCT, lo que permite gestionar de manera remota y&nbsp;en tiempo real el 76% de los sem\u00e1foros de la comuna, esto reduce los tiempos de viajes de los usuarios en un 15% adem\u00e1s de mitigar los problemas de congesti\u00f3n, mejorando las condiciones de movilidad sobre todo de aquellos m\u00e1s vulnerables, contribuyendo al proceso de descentralizaci\u00f3n y equidad territorial en la regi\u00f3n\u201d.<\/p>\n\n\n\n<p>En tanto, el acalde de Temuco, Roberto Neira, sostuvo que \u201choy entregamos seguridad vial en una intersecci\u00f3n compleja de la ciudad y esto permite mayor seguridad a quienes transitan por este sector como peatones, automovilistas y el transporte p\u00fablico mayor\u201d.&nbsp;<\/p>\n\n\n\n<p>Cabe destacar que este nuevo cruce cuenta con espiras de detecci\u00f3n vehicular en la calzada y botoneras para activar el tiempo de sem\u00e1foro verde para facilitar el cruce de peatones por Avenida O\u2019Higgins.&nbsp;<\/p>\n\n\n\n<p><a><\/a>El costo de ejecuci\u00f3n de las obras de semaforizaci\u00f3n, financiado por la Subdere, tuvo una inversi\u00f3n cercana a los sesenta millones de pesos, mientras que la integraci\u00f3n de los sem\u00e1foros al SCAT Araucan\u00eda cont\u00f3 con financiamiento del MTT por cinco millones de pesos.&nbsp;<\/p>\n\n\n\n<figure class=\"wp-block-image size-large\"><img loading=\"lazy\" decoding=\"async\" width=\"1000\" height=\"600\" src=\"https:\/\/temucotelevision.cl\/web\/wp-content\/uploads\/2024\/07\/Semaforo3-1000x600.jpg\" alt=\"\" class=\"wp-image-51097\" srcset=\"https:\/\/temucotelevision.cl\/web\/wp-content\/uploads\/2024\/07\/Semaforo3-1000x600.jpg 1000w, https:\/\/temucotelevision.cl\/web\/wp-content\/uploads\/2024\/07\/Semaforo3-768x461.jpg 768w, https:\/\/temucotelevision.cl\/web\/wp-content\/uploads\/2024\/07\/Semaforo3-1536x922.jpg 1536w, https:\/\/temucotelevision.cl\/web\/wp-content\/uploads\/2024\/07\/Semaforo3.jpg 2000w\" sizes=\"auto, (max-width: 1000px) 100vw, 1000px\" \/><\/figure>\n","protected":false},"excerpt":{"rendered":"<div class=\"pvc_clear\"><\/div>\n<p id=\"pvc_stats_51085\" class=\"pvc_stats total_only  \" data-element-id=\"51085\" style=\"\"><i class=\"pvc-stats-icon large\" aria-hidden=\"true\"><svg aria-hidden=\"true\" focusable=\"false\" data-prefix=\"far\" data-icon=\"chart-bar\" role=\"img\" xmlns=\"http:\/\/www.w3.org\/2000\/svg\" viewBox=\"0 0 512 512\" class=\"svg-inline--fa fa-chart-bar fa-w-16 fa-2x\"><path fill=\"currentColor\" d=\"M396.8 352h22.4c6.4 0 12.8-6.4 12.8-12.8V108.8c0-6.4-6.4-12.8-12.8-12.8h-22.4c-6.4 0-12.8 6.4-12.8 12.8v230.4c0 6.4 6.4 12.8 12.8 12.8zm-192 0h22.4c6.4 0 12.8-6.4 12.8-12.8V140.8c0-6.4-6.4-12.8-12.8-12.8h-22.4c-6.4 0-12.8 6.4-12.8 12.8v198.4c0 6.4 6.4 12.8 12.8 12.8zm96 0h22.4c6.4 0 12.8-6.4 12.8-12.8V204.8c0-6.4-6.4-12.8-12.8-12.8h-22.4c-6.4 0-12.8 6.4-12.8 12.8v134.4c0 6.4 6.4 12.8 12.8 12.8zM496 400H48V80c0-8.84-7.16-16-16-16H16C7.16 64 0 71.16 0 80v336c0 17.67 14.33 32 32 32h464c8.84 0 16-7.16 16-16v-16c0-8.84-7.16-16-16-16zm-387.2-48h22.4c6.4 0 12.8-6.4 12.8-12.8v-70.4c0-6.4-6.4-12.8-12.8-12.8h-22.4c-6.4 0-12.8 6.4-12.8 12.8v70.4c0 6.4 6.4 12.8 12.8 12.8z\" class=\"\"><\/path><\/svg><\/i> <img loading=\"lazy\" decoding=\"async\" width=\"16\" height=\"16\" alt=\"Loading\" src=\"https:\/\/temucotelevision.cl\/web\/wp-content\/plugins\/page-views-count\/ajax-loader-2x.gif\" border=0 \/><\/p>\n<div class=\"pvc_clear\"><\/div>\n<p>Con el objetivo de mejorar las condiciones de movilidad y seguridad de peatones y conductores en la comuna de Temuco<\/p>\n","protected":false},"author":1,"featured_media":51086,"comment_status":"open","ping_status":"open","sticky":false,"template":"","format":"standard","meta":{"colormag_page_container_layout":"default_layout","colormag_page_sidebar_layout":"default_layout","footnotes":""},"categories":[14],"tags":[745,1344,7107],"class_list":["post-51085","post","type-post","status-publish","format-standard","has-post-thumbnail","hentry","category-temuco","tag-autoridades","tag-cruce","tag-semaforo"],"a3_pvc":{"activated":true,"total_views":2344,"today_views":0},"_links":{"self":[{"href":"https:\/\/temucotelevision.cl\/web\/wp-json\/wp\/v2\/posts\/51085","targetHints":{"allow":["GET"]}}],"collection":[{"href":"https:\/\/temucotelevision.cl\/web\/wp-json\/wp\/v2\/posts"}],"about":[{"href":"https:\/\/temucotelevision.cl\/web\/wp-json\/wp\/v2\/types\/post"}],"author":[{"embeddable":true,"href":"https:\/\/temucotelevision.cl\/web\/wp-json\/wp\/v2\/users\/1"}],"replies":[{"embeddable":true,"href":"https:\/\/temucotelevision.cl\/web\/wp-json\/wp\/v2\/comments?post=51085"}],"version-history":[{"count":2,"href":"https:\/\/temucotelevision.cl\/web\/wp-json\/wp\/v2\/posts\/51085\/revisions"}],"predecessor-version":[{"id":51098,"href":"https:\/\/temucotelevision.cl\/web\/wp-json\/wp\/v2\/posts\/51085\/revisions\/51098"}],"wp:featuredmedia":[{"embeddable":true,"href":"https:\/\/temucotelevision.cl\/web\/wp-json\/wp\/v2\/media\/51086"}],"wp:attachment":[{"href":"https:\/\/temucotelevision.cl\/web\/wp-json\/wp\/v2\/media?parent=51085"}],"wp:term":[{"taxonomy":"category","embeddable":true,"href":"https:\/\/temucotelevision.cl\/web\/wp-json\/wp\/v2\/categories?post=51085"},{"taxonomy":"post_tag","embeddable":true,"href":"https:\/\/temucotelevision.cl\/web\/wp-json\/wp\/v2\/tags?post=51085"}],"curies":[{"name":"wp","href":"https:\/\/api.w.org\/{rel}","templated":true}]}}