{"id":51075,"date":"2024-07-03T22:33:52","date_gmt":"2024-07-04T01:33:52","guid":{"rendered":"https:\/\/temucotelevision.cl\/web\/?p=51075"},"modified":"2024-07-03T22:42:06","modified_gmt":"2024-07-04T01:42:06","slug":"sernameg-apela-decision-del-tribunal-en-caso-de-alcalde-de-victoria","status":"publish","type":"post","link":"https:\/\/temucotelevision.cl\/web\/2024\/07\/03\/sernameg-apela-decision-del-tribunal-en-caso-de-alcalde-de-victoria\/","title":{"rendered":"SernamEG apela decisi\u00f3n del Tribunal en caso de alcalde de Victoria"},"content":{"rendered":"<div class=\"pvc_clear\"><\/div><p id=\"pvc_stats_51075\" class=\"pvc_stats total_only  \" data-element-id=\"51075\" style=\"\"><i class=\"pvc-stats-icon large\" aria-hidden=\"true\"><svg aria-hidden=\"true\" focusable=\"false\" data-prefix=\"far\" data-icon=\"chart-bar\" role=\"img\" xmlns=\"http:\/\/www.w3.org\/2000\/svg\" viewBox=\"0 0 512 512\" class=\"svg-inline--fa fa-chart-bar fa-w-16 fa-2x\"><path fill=\"currentColor\" d=\"M396.8 352h22.4c6.4 0 12.8-6.4 12.8-12.8V108.8c0-6.4-6.4-12.8-12.8-12.8h-22.4c-6.4 0-12.8 6.4-12.8 12.8v230.4c0 6.4 6.4 12.8 12.8 12.8zm-192 0h22.4c6.4 0 12.8-6.4 12.8-12.8V140.8c0-6.4-6.4-12.8-12.8-12.8h-22.4c-6.4 0-12.8 6.4-12.8 12.8v198.4c0 6.4 6.4 12.8 12.8 12.8zm96 0h22.4c6.4 0 12.8-6.4 12.8-12.8V204.8c0-6.4-6.4-12.8-12.8-12.8h-22.4c-6.4 0-12.8 6.4-12.8 12.8v134.4c0 6.4 6.4 12.8 12.8 12.8zM496 400H48V80c0-8.84-7.16-16-16-16H16C7.16 64 0 71.16 0 80v336c0 17.67 14.33 32 32 32h464c8.84 0 16-7.16 16-16v-16c0-8.84-7.16-16-16-16zm-387.2-48h22.4c6.4 0 12.8-6.4 12.8-12.8v-70.4c0-6.4-6.4-12.8-12.8-12.8h-22.4c-6.4 0-12.8 6.4-12.8 12.8v70.4c0 6.4 6.4 12.8 12.8 12.8z\" class=\"\"><\/path><\/svg><\/i> <img loading=\"lazy\" decoding=\"async\" width=\"16\" height=\"16\" alt=\"Loading\" src=\"https:\/\/temucotelevision.cl\/web\/wp-content\/plugins\/page-views-count\/ajax-loader-2x.gif\" border=0 \/><\/p><div class=\"pvc_clear\"><\/div>\n<p><em>&#8220;Tal como mencion\u00f3 la directora nacional del Servicio Nacional de la Mujer y la Equidad de G\u00e9nero, Priscilla Carrasco, consideramos lamentable la decisi\u00f3n del Tribunal de decretar arraigo nacional en contra el alcalde de Victoria, Javier Jaramillo.<\/em><\/p>\n\n\n\n<p><em>Estos se tratan de hechos graves que involucran a la m\u00e1xima autoridad de una comuna, por lo que, al igual que en todos los casos de violencia de g\u00e9nero, esperamos las m\u00e1ximas sanciones para que este tipo de delitos no se sigan repitiendo.&nbsp;<\/em><\/p>\n\n\n\n<p><em>Es por eso que valoramos la decisi\u00f3n del SernamEG de apelar a la decisi\u00f3n del Tribunal para conseguir la prisi\u00f3n preventiva en contra del alcalde. Hay que recordar que a trav\u00e9s de SernamEG somos querellantes en otros casos que involucran a ediles de La Araucan\u00eda, por lo que la defensa judicial de las v\u00edctimas es parte de nuestra prioridad.&nbsp;<\/em><\/p>\n\n\n\n<p><em>Frente a esto, hay que indicar que como Gobierno hemos apoyado la Ley Karin, que entra en vigencia este 1 de agosto y que establece mecanismos para la cesaci\u00f3n del cargo de alcaldes y concejales agresores. Esta es una alerta que se levant\u00f3 desde el Ministerio de la Mujer y Equidad de G\u00e9nero, lamentablemente fundada, entre otros casos, por la realidad que afecta a La Araucan\u00eda.<\/em><\/p>\n\n\n\n<div class=\"wp-block-media-text is-stacked-on-mobile\" style=\"grid-template-columns:31% auto\"><figure class=\"wp-block-media-text__media\"><img loading=\"lazy\" decoding=\"async\" width=\"768\" height=\"1000\" src=\"https:\/\/temucotelevision.cl\/web\/wp-content\/uploads\/2024\/07\/SernamEG-768x1000.jpeg\" alt=\"\" class=\"wp-image-51083 size-full\" srcset=\"https:\/\/temucotelevision.cl\/web\/wp-content\/uploads\/2024\/07\/SernamEG-768x1000.jpeg 768w, https:\/\/temucotelevision.cl\/web\/wp-content\/uploads\/2024\/07\/SernamEG.jpeg 983w\" sizes=\"auto, (max-width: 768px) 100vw, 768px\" \/><\/figure><div class=\"wp-block-media-text__content\">\n<p><em>Por otro lado, la recientemente promulgada Ley Integral, establece el derecho a vidas libres de violencia para las mujeres. Ese es el objetivo que nos impulsa, a avanzar en la erradicaci\u00f3n de toda forma de violencia que afecte la vida de las mujeres. Por esto, reiterar que a trav\u00e9s de nuestro servicio (SernamEG), nos ponemos a disposici\u00f3n para la atenci\u00f3n y orientaci\u00f3n de cualquier mujer que viva violencia&#8221;<\/em><\/p>\n<\/div><\/div>\n","protected":false},"excerpt":{"rendered":"<div class=\"pvc_clear\"><\/div>\n<p id=\"pvc_stats_51075\" class=\"pvc_stats total_only  \" data-element-id=\"51075\" style=\"\"><i class=\"pvc-stats-icon large\" aria-hidden=\"true\"><svg aria-hidden=\"true\" focusable=\"false\" data-prefix=\"far\" data-icon=\"chart-bar\" role=\"img\" xmlns=\"http:\/\/www.w3.org\/2000\/svg\" viewBox=\"0 0 512 512\" class=\"svg-inline--fa fa-chart-bar fa-w-16 fa-2x\"><path fill=\"currentColor\" d=\"M396.8 352h22.4c6.4 0 12.8-6.4 12.8-12.8V108.8c0-6.4-6.4-12.8-12.8-12.8h-22.4c-6.4 0-12.8 6.4-12.8 12.8v230.4c0 6.4 6.4 12.8 12.8 12.8zm-192 0h22.4c6.4 0 12.8-6.4 12.8-12.8V140.8c0-6.4-6.4-12.8-12.8-12.8h-22.4c-6.4 0-12.8 6.4-12.8 12.8v198.4c0 6.4 6.4 12.8 12.8 12.8zm96 0h22.4c6.4 0 12.8-6.4 12.8-12.8V204.8c0-6.4-6.4-12.8-12.8-12.8h-22.4c-6.4 0-12.8 6.4-12.8 12.8v134.4c0 6.4 6.4 12.8 12.8 12.8zM496 400H48V80c0-8.84-7.16-16-16-16H16C7.16 64 0 71.16 0 80v336c0 17.67 14.33 32 32 32h464c8.84 0 16-7.16 16-16v-16c0-8.84-7.16-16-16-16zm-387.2-48h22.4c6.4 0 12.8-6.4 12.8-12.8v-70.4c0-6.4-6.4-12.8-12.8-12.8h-22.4c-6.4 0-12.8 6.4-12.8 12.8v70.4c0 6.4 6.4 12.8 12.8 12.8z\" class=\"\"><\/path><\/svg><\/i> <img loading=\"lazy\" decoding=\"async\" width=\"16\" height=\"16\" alt=\"Loading\" src=\"https:\/\/temucotelevision.cl\/web\/wp-content\/plugins\/page-views-count\/ajax-loader-2x.gif\" border=0 \/><\/p>\n<div class=\"pvc_clear\"><\/div>\n<p>&#8220;Tal como mencion\u00f3 la directora nacional del Servicio Nacional de la Mujer y la Equidad de G\u00e9nero, Priscilla Carrasco, consideramos<\/p>\n","protected":false},"author":1,"featured_media":51076,"comment_status":"open","ping_status":"open","sticky":false,"template":"","format":"standard","meta":{"colormag_page_container_layout":"default_layout","colormag_page_sidebar_layout":"default_layout","footnotes":""},"categories":[15],"tags":[202,586],"class_list":["post-51075","post","type-post","status-publish","format-standard","has-post-thumbnail","hentry","category-la-araucania","tag-alcalde","tag-tribunal"],"a3_pvc":{"activated":true,"total_views":3207,"today_views":0},"_links":{"self":[{"href":"https:\/\/temucotelevision.cl\/web\/wp-json\/wp\/v2\/posts\/51075","targetHints":{"allow":["GET"]}}],"collection":[{"href":"https:\/\/temucotelevision.cl\/web\/wp-json\/wp\/v2\/posts"}],"about":[{"href":"https:\/\/temucotelevision.cl\/web\/wp-json\/wp\/v2\/types\/post"}],"author":[{"embeddable":true,"href":"https:\/\/temucotelevision.cl\/web\/wp-json\/wp\/v2\/users\/1"}],"replies":[{"embeddable":true,"href":"https:\/\/temucotelevision.cl\/web\/wp-json\/wp\/v2\/comments?post=51075"}],"version-history":[{"count":4,"href":"https:\/\/temucotelevision.cl\/web\/wp-json\/wp\/v2\/posts\/51075\/revisions"}],"predecessor-version":[{"id":51084,"href":"https:\/\/temucotelevision.cl\/web\/wp-json\/wp\/v2\/posts\/51075\/revisions\/51084"}],"wp:featuredmedia":[{"embeddable":true,"href":"https:\/\/temucotelevision.cl\/web\/wp-json\/wp\/v2\/media\/51076"}],"wp:attachment":[{"href":"https:\/\/temucotelevision.cl\/web\/wp-json\/wp\/v2\/media?parent=51075"}],"wp:term":[{"taxonomy":"category","embeddable":true,"href":"https:\/\/temucotelevision.cl\/web\/wp-json\/wp\/v2\/categories?post=51075"},{"taxonomy":"post_tag","embeddable":true,"href":"https:\/\/temucotelevision.cl\/web\/wp-json\/wp\/v2\/tags?post=51075"}],"curies":[{"name":"wp","href":"https:\/\/api.w.org\/{rel}","templated":true}]}}