{"id":51072,"date":"2024-07-03T17:47:33","date_gmt":"2024-07-03T20:47:33","guid":{"rendered":"https:\/\/temucotelevision.cl\/web\/?p=51072"},"modified":"2024-07-03T17:47:34","modified_gmt":"2024-07-03T20:47:34","slug":"familias-de-nueva-imperial-denuncian-malos-olores-por-eventuales-rebalses-de-camaras-de-alcantarillado","status":"publish","type":"post","link":"https:\/\/temucotelevision.cl\/web\/2024\/07\/03\/familias-de-nueva-imperial-denuncian-malos-olores-por-eventuales-rebalses-de-camaras-de-alcantarillado\/","title":{"rendered":"Familias\u00a0de Nueva Imperial: Denuncian\u00a0malos olores por\u00a0eventuales\u00a0rebalses\u00a0de c\u00e1maras de alcantarillado"},"content":{"rendered":"<div class=\"pvc_clear\"><\/div><p id=\"pvc_stats_51072\" class=\"pvc_stats total_only  \" data-element-id=\"51072\" style=\"\"><i class=\"pvc-stats-icon large\" aria-hidden=\"true\"><svg aria-hidden=\"true\" focusable=\"false\" data-prefix=\"far\" data-icon=\"chart-bar\" role=\"img\" xmlns=\"http:\/\/www.w3.org\/2000\/svg\" viewBox=\"0 0 512 512\" class=\"svg-inline--fa fa-chart-bar fa-w-16 fa-2x\"><path fill=\"currentColor\" d=\"M396.8 352h22.4c6.4 0 12.8-6.4 12.8-12.8V108.8c0-6.4-6.4-12.8-12.8-12.8h-22.4c-6.4 0-12.8 6.4-12.8 12.8v230.4c0 6.4 6.4 12.8 12.8 12.8zm-192 0h22.4c6.4 0 12.8-6.4 12.8-12.8V140.8c0-6.4-6.4-12.8-12.8-12.8h-22.4c-6.4 0-12.8 6.4-12.8 12.8v198.4c0 6.4 6.4 12.8 12.8 12.8zm96 0h22.4c6.4 0 12.8-6.4 12.8-12.8V204.8c0-6.4-6.4-12.8-12.8-12.8h-22.4c-6.4 0-12.8 6.4-12.8 12.8v134.4c0 6.4 6.4 12.8 12.8 12.8zM496 400H48V80c0-8.84-7.16-16-16-16H16C7.16 64 0 71.16 0 80v336c0 17.67 14.33 32 32 32h464c8.84 0 16-7.16 16-16v-16c0-8.84-7.16-16-16-16zm-387.2-48h22.4c6.4 0 12.8-6.4 12.8-12.8v-70.4c0-6.4-6.4-12.8-12.8-12.8h-22.4c-6.4 0-12.8 6.4-12.8 12.8v70.4c0 6.4 6.4 12.8 12.8 12.8z\" class=\"\"><\/path><\/svg><\/i> <img loading=\"lazy\" decoding=\"async\" width=\"16\" height=\"16\" alt=\"Loading\" src=\"https:\/\/temucotelevision.cl\/web\/wp-content\/plugins\/page-views-count\/ajax-loader-2x.gif\" border=0 \/><\/p><div class=\"pvc_clear\"><\/div>\n<p>\u2022&nbsp;<em>\u201c<\/em><em>Es importante saber en qu\u00e9 condiciones sanitarias est\u00e1n viviendo las familias de Santa Teresa y Barrio Coilaco, porque no se puede vivir en un entorno contaminado, eso es indigno<\/em><em>. Por eso ofici\u00e9 a la Superintendencia de Servicios Sanitarios<\/em><em>\u201d,&nbsp;<\/em><em>puntualiz<\/em><em>\u00f3 el diputado Miguel Mellado. &nbsp;<\/em><\/p>\n\n\n\n<p>Preocupados est\u00e1n los vecinos de&nbsp;Santa Teresa y Barrio Coilaco&nbsp;en la comuna de&nbsp;Nueva Imperial, quienes denuncian que durante el \u00faltimo sistema frontal&nbsp;las tapas de la red&nbsp;de alcantarillado&nbsp;estar\u00edan evacuando aguas servidas a las calles y veredas. Argumentan que en el lugar persisten malos olores, lo que ser\u00edan provocados por el eventual rebalse de las c\u00e1maras. Ante las dudas respecto al origen del problemay la posibilidad de que se trate de un foco infeccioso, el diputado Miguel Mellado&nbsp;ofici\u00f3 al Coordinador de la Superintendencia de Servicios Sanitarios (SISS) en la regi\u00f3n de La Araucan\u00eda.&nbsp;<\/p>\n\n\n\n<p><a><\/a>\u201cEs importante saber en qu\u00e9 condiciones sanitarias est\u00e1n&nbsp;viviendo&nbsp;las familias de Santa Teresa y Barrio Coilaco de Nueva Imperial, porque no se puede vivir en un entorno contaminado, eso es indigno. Por eso estoy pidiendo saber&nbsp;si se trata de la red de alcantarillado o no y&nbsp;cu\u00e1les son las acciones de fiscalizaci\u00f3n que ha realizado la Superintendencia en este&nbsp;sector. Los vecinos&nbsp;tienen miedo&nbsp;de&nbsp;que se trate del&nbsp;rebalse de las c\u00e1maras&nbsp;y,&nbsp;lo que m\u00e1s preocupa,&nbsp;es que&nbsp;dicen que esto se viene repitiendo con mayor frecuencia el \u00faltimo tiempo&nbsp;e incluso durante el verano\u201d, precis\u00f3 el legislador.<\/p>\n\n\n\n<p>Un eventual&nbsp;riesgo sanitario&nbsp;que tiene intranquilas a&nbsp;las familias&nbsp;del hist\u00f3rico sector de la comuna costera.&nbsp;Los&nbsp;malos olores&nbsp;y&nbsp;la probabilidad de que lo que escurre hacia las calles por donde transitan diariamente sean&nbsp;aguas servidas&nbsp;los mantiene en incertidumbre. \u201cSi se verifica lo que denuncian los vecinos, la&nbsp;Superintendencia de Servicios Sanitarios&nbsp;puede&nbsp;instruir las mejoras&nbsp;correspondientes a&nbsp;la empresa sanitaria&nbsp;y esto es necesario que se haga lo antes posible, porque&nbsp;las familias&nbsp;insisten&nbsp;que esto es algo reiterativo ytemen que pueda&nbsp;poner&nbsp;en riesgo la salud p\u00fablica\u201d, sentenci\u00f3 el parlamentario Miguel Mellado, quien confirm\u00f3 que est\u00e1 a la espera de una pronta respuesta de la SISS, para que a la brevedad se mejoren las condiciones en las que est\u00e1n viviendo cientos de familias de Nueva Imperial.&nbsp;<\/p>\n","protected":false},"excerpt":{"rendered":"<div class=\"pvc_clear\"><\/div>\n<p id=\"pvc_stats_51072\" class=\"pvc_stats total_only  \" data-element-id=\"51072\" style=\"\"><i class=\"pvc-stats-icon large\" aria-hidden=\"true\"><svg aria-hidden=\"true\" focusable=\"false\" data-prefix=\"far\" data-icon=\"chart-bar\" role=\"img\" xmlns=\"http:\/\/www.w3.org\/2000\/svg\" viewBox=\"0 0 512 512\" class=\"svg-inline--fa fa-chart-bar fa-w-16 fa-2x\"><path fill=\"currentColor\" d=\"M396.8 352h22.4c6.4 0 12.8-6.4 12.8-12.8V108.8c0-6.4-6.4-12.8-12.8-12.8h-22.4c-6.4 0-12.8 6.4-12.8 12.8v230.4c0 6.4 6.4 12.8 12.8 12.8zm-192 0h22.4c6.4 0 12.8-6.4 12.8-12.8V140.8c0-6.4-6.4-12.8-12.8-12.8h-22.4c-6.4 0-12.8 6.4-12.8 12.8v198.4c0 6.4 6.4 12.8 12.8 12.8zm96 0h22.4c6.4 0 12.8-6.4 12.8-12.8V204.8c0-6.4-6.4-12.8-12.8-12.8h-22.4c-6.4 0-12.8 6.4-12.8 12.8v134.4c0 6.4 6.4 12.8 12.8 12.8zM496 400H48V80c0-8.84-7.16-16-16-16H16C7.16 64 0 71.16 0 80v336c0 17.67 14.33 32 32 32h464c8.84 0 16-7.16 16-16v-16c0-8.84-7.16-16-16-16zm-387.2-48h22.4c6.4 0 12.8-6.4 12.8-12.8v-70.4c0-6.4-6.4-12.8-12.8-12.8h-22.4c-6.4 0-12.8 6.4-12.8 12.8v70.4c0 6.4 6.4 12.8 12.8 12.8z\" class=\"\"><\/path><\/svg><\/i> <img loading=\"lazy\" decoding=\"async\" width=\"16\" height=\"16\" alt=\"Loading\" src=\"https:\/\/temucotelevision.cl\/web\/wp-content\/plugins\/page-views-count\/ajax-loader-2x.gif\" border=0 \/><\/p>\n<div class=\"pvc_clear\"><\/div>\n<p>\u2022&nbsp;\u201cEs importante saber en qu\u00e9 condiciones sanitarias est\u00e1n viviendo las familias de Santa Teresa y Barrio Coilaco, porque no se<\/p>\n","protected":false},"author":1,"featured_media":51073,"comment_status":"open","ping_status":"open","sticky":false,"template":"","format":"standard","meta":{"colormag_page_container_layout":"default_layout","colormag_page_sidebar_layout":"default_layout","footnotes":""},"categories":[84,14],"tags":[303],"class_list":["post-51072","post","type-post","status-publish","format-standard","has-post-thumbnail","hentry","category-politica","category-temuco","tag-imperial"],"a3_pvc":{"activated":true,"total_views":939,"today_views":0},"_links":{"self":[{"href":"https:\/\/temucotelevision.cl\/web\/wp-json\/wp\/v2\/posts\/51072","targetHints":{"allow":["GET"]}}],"collection":[{"href":"https:\/\/temucotelevision.cl\/web\/wp-json\/wp\/v2\/posts"}],"about":[{"href":"https:\/\/temucotelevision.cl\/web\/wp-json\/wp\/v2\/types\/post"}],"author":[{"embeddable":true,"href":"https:\/\/temucotelevision.cl\/web\/wp-json\/wp\/v2\/users\/1"}],"replies":[{"embeddable":true,"href":"https:\/\/temucotelevision.cl\/web\/wp-json\/wp\/v2\/comments?post=51072"}],"version-history":[{"count":1,"href":"https:\/\/temucotelevision.cl\/web\/wp-json\/wp\/v2\/posts\/51072\/revisions"}],"predecessor-version":[{"id":51074,"href":"https:\/\/temucotelevision.cl\/web\/wp-json\/wp\/v2\/posts\/51072\/revisions\/51074"}],"wp:featuredmedia":[{"embeddable":true,"href":"https:\/\/temucotelevision.cl\/web\/wp-json\/wp\/v2\/media\/51073"}],"wp:attachment":[{"href":"https:\/\/temucotelevision.cl\/web\/wp-json\/wp\/v2\/media?parent=51072"}],"wp:term":[{"taxonomy":"category","embeddable":true,"href":"https:\/\/temucotelevision.cl\/web\/wp-json\/wp\/v2\/categories?post=51072"},{"taxonomy":"post_tag","embeddable":true,"href":"https:\/\/temucotelevision.cl\/web\/wp-json\/wp\/v2\/tags?post=51072"}],"curies":[{"name":"wp","href":"https:\/\/api.w.org\/{rel}","templated":true}]}}