{"id":51068,"date":"2024-07-03T16:56:54","date_gmt":"2024-07-03T19:56:54","guid":{"rendered":"https:\/\/temucotelevision.cl\/web\/?p=51068"},"modified":"2024-07-03T16:57:39","modified_gmt":"2024-07-03T19:57:39","slug":"victoria-juzgado-decreta-medidas-cautelares-para-alcalde-javier-jaramillo-por-tres-delitos-de-abuso-sexual-calificado-y-un-delito-de-violacion","status":"publish","type":"post","link":"https:\/\/temucotelevision.cl\/web\/2024\/07\/03\/victoria-juzgado-decreta-medidas-cautelares-para-alcalde-javier-jaramillo-por-tres-delitos-de-abuso-sexual-calificado-y-un-delito-de-violacion\/","title":{"rendered":"Victoria: Juzgado decreta medidas cautelares para Alcalde Javier Jaramillo, tres delitos de abuso sexual calificado y un delito de violaci\u00f3n"},"content":{"rendered":"<div class=\"pvc_clear\"><\/div><p id=\"pvc_stats_51068\" class=\"pvc_stats total_only  \" data-element-id=\"51068\" style=\"\"><i class=\"pvc-stats-icon large\" aria-hidden=\"true\"><svg aria-hidden=\"true\" focusable=\"false\" data-prefix=\"far\" data-icon=\"chart-bar\" role=\"img\" xmlns=\"http:\/\/www.w3.org\/2000\/svg\" viewBox=\"0 0 512 512\" class=\"svg-inline--fa fa-chart-bar fa-w-16 fa-2x\"><path fill=\"currentColor\" d=\"M396.8 352h22.4c6.4 0 12.8-6.4 12.8-12.8V108.8c0-6.4-6.4-12.8-12.8-12.8h-22.4c-6.4 0-12.8 6.4-12.8 12.8v230.4c0 6.4 6.4 12.8 12.8 12.8zm-192 0h22.4c6.4 0 12.8-6.4 12.8-12.8V140.8c0-6.4-6.4-12.8-12.8-12.8h-22.4c-6.4 0-12.8 6.4-12.8 12.8v198.4c0 6.4 6.4 12.8 12.8 12.8zm96 0h22.4c6.4 0 12.8-6.4 12.8-12.8V204.8c0-6.4-6.4-12.8-12.8-12.8h-22.4c-6.4 0-12.8 6.4-12.8 12.8v134.4c0 6.4 6.4 12.8 12.8 12.8zM496 400H48V80c0-8.84-7.16-16-16-16H16C7.16 64 0 71.16 0 80v336c0 17.67 14.33 32 32 32h464c8.84 0 16-7.16 16-16v-16c0-8.84-7.16-16-16-16zm-387.2-48h22.4c6.4 0 12.8-6.4 12.8-12.8v-70.4c0-6.4-6.4-12.8-12.8-12.8h-22.4c-6.4 0-12.8 6.4-12.8 12.8v70.4c0 6.4 6.4 12.8 12.8 12.8z\" class=\"\"><\/path><\/svg><\/i> <img loading=\"lazy\" decoding=\"async\" width=\"16\" height=\"16\" alt=\"Loading\" src=\"https:\/\/temucotelevision.cl\/web\/wp-content\/plugins\/page-views-count\/ajax-loader-2x.gif\" border=0 \/><\/p><div class=\"pvc_clear\"><\/div>\n<p>Victoria, Chile &#8211; El Juzgado de Garant\u00eda de Victoria ha decretado las medidas cautelares de arraigo nacional y prohibici\u00f3n de acercarse a la v\u00edctima para el alcalde Javier Jaramillo Soto. El Ministerio P\u00fablico imput\u00f3 al alcalde por tres delitos de abuso sexual calificado y un delito de violaci\u00f3n. El plazo de investigaci\u00f3n ha sido fijado en seis meses.<\/p>\n\n\n\n<p>La Fiscal\u00eda formaliz\u00f3 la investigaci\u00f3n contra el alcalde Jaramillo Soto por delitos sexuales cometidos contra dos mujeres. Los cargos incluyen abuso sexual simple, abuso sexual calificado y violaci\u00f3n. En la formalizaci\u00f3n, se detall\u00f3 que el abuso sexual calificado involucr\u00f3 la introducci\u00f3n de objetos, espec\u00edficamente dedos, seg\u00fan la exposici\u00f3n del caso.<\/p>\n\n\n\n<p>Durante la audiencia, la defensa del alcalde solicit\u00f3 la prescripci\u00f3n de los delitos de abuso sexual simple, argumentando que el plazo de prescripci\u00f3n para estos delitos es de cinco a\u00f1os. A pesar de la oposici\u00f3n de la Fiscal\u00eda, que argument\u00f3 que la prescripci\u00f3n no aplicaba debido a la interrupci\u00f3n de la acci\u00f3n penal al iniciarse la investigaci\u00f3n o al cometerse nuevos delitos, la jueza Evelyn Zelaya decret\u00f3 la prescripci\u00f3n y el sobreseimiento de estos hechos.<\/p>\n\n\n\n<p>La jueza formaliz\u00f3 la investigaci\u00f3n por cuatro hechos que configuran los delitos de abuso sexual calificado y violaci\u00f3n cometidos en perjuicio de una v\u00edctima entre los a\u00f1os 2016 y 2019. Sin embargo, el tribunal decret\u00f3 el sobreseimiento por prescripci\u00f3n de la acci\u00f3n penal en relaci\u00f3n con el delito de abuso sexual simple ocurrido en el mismo periodo.<\/p>\n\n\n\n<p>Respecto a la segunda v\u00edctima, el tribunal tambi\u00e9n estim\u00f3 que la acci\u00f3n penal estaba prescrita y dict\u00f3 el sobreseimiento en los dos hechos de abuso sexual simple investigados, que ocurrieron en 2018 y 2019.<\/p>\n\n\n\n<p>La fiscal Vania Arancibia solicit\u00f3 la prisi\u00f3n preventiva del imputado, pero el tribunal rechaz\u00f3 esta solicitud, dejando al alcalde Jaramillo Soto con las medidas cautelares de arraigo nacional y prohibici\u00f3n de aproximarse a la v\u00edctima. La fiscal anunci\u00f3 que apelar\u00e1 a la resoluci\u00f3n de sobreseimiento definitivo por prescripci\u00f3n de los delitos de abuso sexual simple y que evaluar\u00e1 apelar tambi\u00e9n a la medida cautelar impuesta.<\/p>\n\n\n\n<p>La comunidad de Victoria sigue con atenci\u00f3n el desarrollo de este caso, mientras se espera que la Fiscal\u00eda avance en la investigaci\u00f3n durante los pr\u00f3ximos seis meses.<\/p>\n","protected":false},"excerpt":{"rendered":"<div class=\"pvc_clear\"><\/div>\n<p id=\"pvc_stats_51068\" class=\"pvc_stats total_only  \" data-element-id=\"51068\" style=\"\"><i class=\"pvc-stats-icon large\" aria-hidden=\"true\"><svg aria-hidden=\"true\" focusable=\"false\" data-prefix=\"far\" data-icon=\"chart-bar\" role=\"img\" xmlns=\"http:\/\/www.w3.org\/2000\/svg\" viewBox=\"0 0 512 512\" class=\"svg-inline--fa fa-chart-bar fa-w-16 fa-2x\"><path fill=\"currentColor\" d=\"M396.8 352h22.4c6.4 0 12.8-6.4 12.8-12.8V108.8c0-6.4-6.4-12.8-12.8-12.8h-22.4c-6.4 0-12.8 6.4-12.8 12.8v230.4c0 6.4 6.4 12.8 12.8 12.8zm-192 0h22.4c6.4 0 12.8-6.4 12.8-12.8V140.8c0-6.4-6.4-12.8-12.8-12.8h-22.4c-6.4 0-12.8 6.4-12.8 12.8v198.4c0 6.4 6.4 12.8 12.8 12.8zm96 0h22.4c6.4 0 12.8-6.4 12.8-12.8V204.8c0-6.4-6.4-12.8-12.8-12.8h-22.4c-6.4 0-12.8 6.4-12.8 12.8v134.4c0 6.4 6.4 12.8 12.8 12.8zM496 400H48V80c0-8.84-7.16-16-16-16H16C7.16 64 0 71.16 0 80v336c0 17.67 14.33 32 32 32h464c8.84 0 16-7.16 16-16v-16c0-8.84-7.16-16-16-16zm-387.2-48h22.4c6.4 0 12.8-6.4 12.8-12.8v-70.4c0-6.4-6.4-12.8-12.8-12.8h-22.4c-6.4 0-12.8 6.4-12.8 12.8v70.4c0 6.4 6.4 12.8 12.8 12.8z\" class=\"\"><\/path><\/svg><\/i> <img loading=\"lazy\" decoding=\"async\" width=\"16\" height=\"16\" alt=\"Loading\" src=\"https:\/\/temucotelevision.cl\/web\/wp-content\/plugins\/page-views-count\/ajax-loader-2x.gif\" border=0 \/><\/p>\n<div class=\"pvc_clear\"><\/div>\n<p>Victoria, Chile &#8211; El Juzgado de Garant\u00eda de Victoria ha decretado las medidas cautelares de arraigo nacional y prohibici\u00f3n de<\/p>\n","protected":false},"author":1,"featured_media":51069,"comment_status":"open","ping_status":"open","sticky":false,"template":"","format":"standard","meta":{"colormag_page_container_layout":"default_layout","colormag_page_sidebar_layout":"default_layout","footnotes":""},"categories":[15],"tags":[202],"class_list":["post-51068","post","type-post","status-publish","format-standard","has-post-thumbnail","hentry","category-la-araucania","tag-alcalde"],"a3_pvc":{"activated":true,"total_views":8914,"today_views":0},"_links":{"self":[{"href":"https:\/\/temucotelevision.cl\/web\/wp-json\/wp\/v2\/posts\/51068","targetHints":{"allow":["GET"]}}],"collection":[{"href":"https:\/\/temucotelevision.cl\/web\/wp-json\/wp\/v2\/posts"}],"about":[{"href":"https:\/\/temucotelevision.cl\/web\/wp-json\/wp\/v2\/types\/post"}],"author":[{"embeddable":true,"href":"https:\/\/temucotelevision.cl\/web\/wp-json\/wp\/v2\/users\/1"}],"replies":[{"embeddable":true,"href":"https:\/\/temucotelevision.cl\/web\/wp-json\/wp\/v2\/comments?post=51068"}],"version-history":[{"count":2,"href":"https:\/\/temucotelevision.cl\/web\/wp-json\/wp\/v2\/posts\/51068\/revisions"}],"predecessor-version":[{"id":51071,"href":"https:\/\/temucotelevision.cl\/web\/wp-json\/wp\/v2\/posts\/51068\/revisions\/51071"}],"wp:featuredmedia":[{"embeddable":true,"href":"https:\/\/temucotelevision.cl\/web\/wp-json\/wp\/v2\/media\/51069"}],"wp:attachment":[{"href":"https:\/\/temucotelevision.cl\/web\/wp-json\/wp\/v2\/media?parent=51068"}],"wp:term":[{"taxonomy":"category","embeddable":true,"href":"https:\/\/temucotelevision.cl\/web\/wp-json\/wp\/v2\/categories?post=51068"},{"taxonomy":"post_tag","embeddable":true,"href":"https:\/\/temucotelevision.cl\/web\/wp-json\/wp\/v2\/tags?post=51068"}],"curies":[{"name":"wp","href":"https:\/\/api.w.org\/{rel}","templated":true}]}}