{"id":51063,"date":"2024-07-02T23:14:14","date_gmt":"2024-07-03T02:14:14","guid":{"rendered":"https:\/\/temucotelevision.cl\/web\/?p=51063"},"modified":"2024-07-02T23:14:15","modified_gmt":"2024-07-03T02:14:15","slug":"velorios-solo-en-cementerios-y-por-un-maximo-de-24-horas-diputado-henry-leal-respalda-proyecto-que-busca-terminar-con-funerales-narco-en-el-pais","status":"publish","type":"post","link":"https:\/\/temucotelevision.cl\/web\/2024\/07\/02\/velorios-solo-en-cementerios-y-por-un-maximo-de-24-horas-diputado-henry-leal-respalda-proyecto-que-busca-terminar-con-funerales-narco-en-el-pais\/","title":{"rendered":"Velorios s\u00f3lo en cementerios y por un m\u00e1ximo de 24 horas: Diputado Henry Leal respalda proyecto que busca terminar con \u201cfunerales narco\u201d en el pa\u00eds"},"content":{"rendered":"<div class=\"pvc_clear\"><\/div><p id=\"pvc_stats_51063\" class=\"pvc_stats total_only  \" data-element-id=\"51063\" style=\"\"><i class=\"pvc-stats-icon large\" aria-hidden=\"true\"><svg aria-hidden=\"true\" focusable=\"false\" data-prefix=\"far\" data-icon=\"chart-bar\" role=\"img\" xmlns=\"http:\/\/www.w3.org\/2000\/svg\" viewBox=\"0 0 512 512\" class=\"svg-inline--fa fa-chart-bar fa-w-16 fa-2x\"><path fill=\"currentColor\" d=\"M396.8 352h22.4c6.4 0 12.8-6.4 12.8-12.8V108.8c0-6.4-6.4-12.8-12.8-12.8h-22.4c-6.4 0-12.8 6.4-12.8 12.8v230.4c0 6.4 6.4 12.8 12.8 12.8zm-192 0h22.4c6.4 0 12.8-6.4 12.8-12.8V140.8c0-6.4-6.4-12.8-12.8-12.8h-22.4c-6.4 0-12.8 6.4-12.8 12.8v198.4c0 6.4 6.4 12.8 12.8 12.8zm96 0h22.4c6.4 0 12.8-6.4 12.8-12.8V204.8c0-6.4-6.4-12.8-12.8-12.8h-22.4c-6.4 0-12.8 6.4-12.8 12.8v134.4c0 6.4 6.4 12.8 12.8 12.8zM496 400H48V80c0-8.84-7.16-16-16-16H16C7.16 64 0 71.16 0 80v336c0 17.67 14.33 32 32 32h464c8.84 0 16-7.16 16-16v-16c0-8.84-7.16-16-16-16zm-387.2-48h22.4c6.4 0 12.8-6.4 12.8-12.8v-70.4c0-6.4-6.4-12.8-12.8-12.8h-22.4c-6.4 0-12.8 6.4-12.8 12.8v70.4c0 6.4 6.4 12.8 12.8 12.8z\" class=\"\"><\/path><\/svg><\/i> <img loading=\"lazy\" decoding=\"async\" width=\"16\" height=\"16\" alt=\"Loading\" src=\"https:\/\/temucotelevision.cl\/web\/wp-content\/plugins\/page-views-count\/ajax-loader-2x.gif\" border=0 \/><\/p><div class=\"pvc_clear\"><\/div>\n<p><em>El representante de La Araucan\u00eda vot\u00f3 a favor de restringir los actos f\u00fanebres que realizan las organizaciones delictuales, en los que sus asistentes suelen lanzar fuegos artificiales y disparar<\/em><em>&nbsp;<\/em><em>al<\/em><em>&nbsp;<\/em><em>aire,<\/em><em>&nbsp;<\/em><em>lo<\/em><em>&nbsp;<\/em><em>que<\/em><em>&nbsp;<\/em><em>incluso<\/em><em>&nbsp;<\/em><em>ha<\/em><em><\/em><em>provocado<\/em><em>&nbsp;<\/em><em>que<\/em><em>&nbsp;<\/em><em>los<\/em><em>&nbsp;<\/em><em>colegios<\/em><em>&nbsp;<\/em><em>tengan<\/em><em>&nbsp;<\/em><em>que<\/em><em>&nbsp;<\/em><em>suspender<\/em><em>&nbsp;<\/em><em>las<\/em><em>&nbsp;<\/em><em>clases.<\/em><\/p>\n\n\n\n<p>El diputado por la Regi\u00f3n de La Araucan\u00eda e integrante de la comisi\u00f3n de Seguridad Ciudadana de la C\u00e1mara Baja, Henry Leal (UDI), aprob\u00f3 durante esta jornada un proyecto de ley que busca terminar con los denominados \u201cfunerales narco\u201d en todo el pa\u00eds, lo que se hab\u00edan vuelto reiterativos durante el \u00faltimo tiempo, alterando el orden y la seguridad p\u00fablica de los sectores donde se llevaban a cabo.<\/p>\n\n\n\n<p>Al respecto, el parlamentario explic\u00f3 que dicha iniciativa -que ahora deber\u00e1 ser tramitada por el Senado antes de convertirse en ley- apunta a resolver una grave situaci\u00f3n que se estaba generando en distintas comunas, sobre todo en las zonas que registran una mayor presencia de organizaciones delictuales, donde los funerales de algunos de sus integrantes se extend\u00edan por hasta una semana, lo que conllevaba a que, incluso, muchos colegios de los sectores tuvieran que suspender sus clases.<\/p>\n\n\n\n<p>Por lo mismo, el representante del Distrito 23 respald\u00f3 que sean los delegados presidenciales los que, una vez que el proyecto entre en vigencia, deban catalogar los funerales seg\u00fan su nivel de riesgo: bajo, moderado, alto o riesgo extremo. En el caso de las \u00faltimas dos categor\u00edas, el diputado Leal explic\u00f3 que todo el proceso deber\u00e1 realizarse en un m\u00e1ximo de 24 horas -desde el retiro del cuerpo hasta la sepultura o cremaci\u00f3n-, estableciendo adem\u00e1s que velorio y el acto f\u00fanebre podr\u00e1n realizarse s\u00f3lo en un cementerio o un crematorio legalmente autorizado seg\u00fan el C\u00f3digo Sanitario.<\/p>\n\n\n\n<p>\u201cLleg\u00f3 el minuto en que las organizaciones criminales y delictuales dejen de hacer lo que quieran, atemorizando y afectando la calidad de vida de los chilenos. Todos hemos tomado conocimiento de los denominados \u2018funerales narco\u2019 que se realizan en nuestro pa\u00eds, que suelen extenderse por cerca de una semana y cuyos asistentes se dedican a realizar constantes disparos al aire, lanzar fuegos artificiales y cometer una serie de incivilidades durante todos esos d\u00edas. Por eso es tan importante que no s\u00f3lo limit\u00e1ramos a 24 horas el desarrollo de los funerales catalogados como alto o de riesgo extremo, sino que tambi\u00e9n prohibi\u00e9ramos que se puedan realizar en alguna casa, sede u otro lugar que no est\u00e9 previamente autorizado, como ocurre actualmente\u201d, valor\u00f3 el parlamentario de la UDI.<\/p>\n\n\n\n<p>En ese sentido, el representante de La Araucan\u00eda asegur\u00f3 que para que la norma cumpla con su objetivo, Carabineros deber\u00e1 elaborar un informe t\u00e9cnico, considerando los antecedentes penales del fallecido, como tambi\u00e9n las circunstancias del deceso. Pero adem\u00e1s, en el proyecto tambi\u00e9n se propuso endurecer las sanciones a quienes cometan delitos durante el transcurso de alg\u00fan funeral.<\/p>\n\n\n\n<p>As\u00ed, el legislador explic\u00f3 que, en el caso de las infracciones a la ley de armas o la que sanciona el tr\u00e1fico il\u00edcito de estupefacientes, se eliminar\u00e1 el grado m\u00ednimo de la pena al momento de la condena.<\/p>\n\n\n\n<p>\u201cLos \u2018funerales narco\u2019 no pueden seguir teniendo cabida en nuestro pa\u00eds, y este es un importante paso para devolverle esa tranquilidad que muchas familias han ido perdiendo\u201d, manifest\u00f3 Leal.<\/p>\n","protected":false},"excerpt":{"rendered":"<div class=\"pvc_clear\"><\/div>\n<p id=\"pvc_stats_51063\" class=\"pvc_stats total_only  \" data-element-id=\"51063\" style=\"\"><i class=\"pvc-stats-icon large\" aria-hidden=\"true\"><svg aria-hidden=\"true\" focusable=\"false\" data-prefix=\"far\" data-icon=\"chart-bar\" role=\"img\" xmlns=\"http:\/\/www.w3.org\/2000\/svg\" viewBox=\"0 0 512 512\" class=\"svg-inline--fa fa-chart-bar fa-w-16 fa-2x\"><path fill=\"currentColor\" d=\"M396.8 352h22.4c6.4 0 12.8-6.4 12.8-12.8V108.8c0-6.4-6.4-12.8-12.8-12.8h-22.4c-6.4 0-12.8 6.4-12.8 12.8v230.4c0 6.4 6.4 12.8 12.8 12.8zm-192 0h22.4c6.4 0 12.8-6.4 12.8-12.8V140.8c0-6.4-6.4-12.8-12.8-12.8h-22.4c-6.4 0-12.8 6.4-12.8 12.8v198.4c0 6.4 6.4 12.8 12.8 12.8zm96 0h22.4c6.4 0 12.8-6.4 12.8-12.8V204.8c0-6.4-6.4-12.8-12.8-12.8h-22.4c-6.4 0-12.8 6.4-12.8 12.8v134.4c0 6.4 6.4 12.8 12.8 12.8zM496 400H48V80c0-8.84-7.16-16-16-16H16C7.16 64 0 71.16 0 80v336c0 17.67 14.33 32 32 32h464c8.84 0 16-7.16 16-16v-16c0-8.84-7.16-16-16-16zm-387.2-48h22.4c6.4 0 12.8-6.4 12.8-12.8v-70.4c0-6.4-6.4-12.8-12.8-12.8h-22.4c-6.4 0-12.8 6.4-12.8 12.8v70.4c0 6.4 6.4 12.8 12.8 12.8z\" class=\"\"><\/path><\/svg><\/i> <img loading=\"lazy\" decoding=\"async\" width=\"16\" height=\"16\" alt=\"Loading\" src=\"https:\/\/temucotelevision.cl\/web\/wp-content\/plugins\/page-views-count\/ajax-loader-2x.gif\" border=0 \/><\/p>\n<div class=\"pvc_clear\"><\/div>\n<p>El representante de La Araucan\u00eda vot\u00f3 a favor de restringir los actos f\u00fanebres que realizan las organizaciones delictuales, en los<\/p>\n","protected":false},"author":1,"featured_media":35906,"comment_status":"open","ping_status":"open","sticky":false,"template":"","format":"standard","meta":{"colormag_page_container_layout":"default_layout","colormag_page_sidebar_layout":"default_layout","footnotes":""},"categories":[84],"tags":[154],"class_list":["post-51063","post","type-post","status-publish","format-standard","has-post-thumbnail","hentry","category-politica","tag-diputado"],"a3_pvc":{"activated":true,"total_views":5184,"today_views":0},"_links":{"self":[{"href":"https:\/\/temucotelevision.cl\/web\/wp-json\/wp\/v2\/posts\/51063","targetHints":{"allow":["GET"]}}],"collection":[{"href":"https:\/\/temucotelevision.cl\/web\/wp-json\/wp\/v2\/posts"}],"about":[{"href":"https:\/\/temucotelevision.cl\/web\/wp-json\/wp\/v2\/types\/post"}],"author":[{"embeddable":true,"href":"https:\/\/temucotelevision.cl\/web\/wp-json\/wp\/v2\/users\/1"}],"replies":[{"embeddable":true,"href":"https:\/\/temucotelevision.cl\/web\/wp-json\/wp\/v2\/comments?post=51063"}],"version-history":[{"count":1,"href":"https:\/\/temucotelevision.cl\/web\/wp-json\/wp\/v2\/posts\/51063\/revisions"}],"predecessor-version":[{"id":51064,"href":"https:\/\/temucotelevision.cl\/web\/wp-json\/wp\/v2\/posts\/51063\/revisions\/51064"}],"wp:featuredmedia":[{"embeddable":true,"href":"https:\/\/temucotelevision.cl\/web\/wp-json\/wp\/v2\/media\/35906"}],"wp:attachment":[{"href":"https:\/\/temucotelevision.cl\/web\/wp-json\/wp\/v2\/media?parent=51063"}],"wp:term":[{"taxonomy":"category","embeddable":true,"href":"https:\/\/temucotelevision.cl\/web\/wp-json\/wp\/v2\/categories?post=51063"},{"taxonomy":"post_tag","embeddable":true,"href":"https:\/\/temucotelevision.cl\/web\/wp-json\/wp\/v2\/tags?post=51063"}],"curies":[{"name":"wp","href":"https:\/\/api.w.org\/{rel}","templated":true}]}}