{"id":51060,"date":"2024-07-02T22:59:49","date_gmt":"2024-07-03T01:59:49","guid":{"rendered":"https:\/\/temucotelevision.cl\/web\/?p=51060"},"modified":"2024-07-02T22:59:50","modified_gmt":"2024-07-03T01:59:50","slug":"alcaldes-de-la-costa-araucania-exigen-solucion-inmediata-al-mal-estado-de-los-caminos-rurales","status":"publish","type":"post","link":"https:\/\/temucotelevision.cl\/web\/2024\/07\/02\/alcaldes-de-la-costa-araucania-exigen-solucion-inmediata-al-mal-estado-de-los-caminos-rurales\/","title":{"rendered":"Alcaldes de la Costa Araucan\u00eda exigen soluci\u00f3n inmediata al mal estado de los caminos rurales"},"content":{"rendered":"<div class=\"pvc_clear\"><\/div><p id=\"pvc_stats_51060\" class=\"pvc_stats total_only  \" data-element-id=\"51060\" style=\"\"><i class=\"pvc-stats-icon large\" aria-hidden=\"true\"><svg aria-hidden=\"true\" focusable=\"false\" data-prefix=\"far\" data-icon=\"chart-bar\" role=\"img\" xmlns=\"http:\/\/www.w3.org\/2000\/svg\" viewBox=\"0 0 512 512\" class=\"svg-inline--fa fa-chart-bar fa-w-16 fa-2x\"><path fill=\"currentColor\" d=\"M396.8 352h22.4c6.4 0 12.8-6.4 12.8-12.8V108.8c0-6.4-6.4-12.8-12.8-12.8h-22.4c-6.4 0-12.8 6.4-12.8 12.8v230.4c0 6.4 6.4 12.8 12.8 12.8zm-192 0h22.4c6.4 0 12.8-6.4 12.8-12.8V140.8c0-6.4-6.4-12.8-12.8-12.8h-22.4c-6.4 0-12.8 6.4-12.8 12.8v198.4c0 6.4 6.4 12.8 12.8 12.8zm96 0h22.4c6.4 0 12.8-6.4 12.8-12.8V204.8c0-6.4-6.4-12.8-12.8-12.8h-22.4c-6.4 0-12.8 6.4-12.8 12.8v134.4c0 6.4 6.4 12.8 12.8 12.8zM496 400H48V80c0-8.84-7.16-16-16-16H16C7.16 64 0 71.16 0 80v336c0 17.67 14.33 32 32 32h464c8.84 0 16-7.16 16-16v-16c0-8.84-7.16-16-16-16zm-387.2-48h22.4c6.4 0 12.8-6.4 12.8-12.8v-70.4c0-6.4-6.4-12.8-12.8-12.8h-22.4c-6.4 0-12.8 6.4-12.8 12.8v70.4c0 6.4 6.4 12.8 12.8 12.8z\" class=\"\"><\/path><\/svg><\/i> <img loading=\"lazy\" decoding=\"async\" width=\"16\" height=\"16\" alt=\"Loading\" src=\"https:\/\/temucotelevision.cl\/web\/wp-content\/plugins\/page-views-count\/ajax-loader-2x.gif\" border=0 \/><\/p><div class=\"pvc_clear\"><\/div>\n<p>Los alcaldes de la Asociaci\u00f3n de Municipios Costa Araucan\u00eda representados por el alcalde Alejandro S\u00e1ez, Baldomero Santos, Juan Paillafil y Ricardo Herrera, junto a dirigentes de sus respectivas comunas, se desplazaron hasta las oficinas del ministerio de obras p\u00fablicas para existir un el plan de trabajo y nuevos dise\u00f1os de caminos, las que pesar de las constantes solicitudes, los caminos siguen en mal estado, afectando la calidad de vida de cientos de familias de la Costa Araucan\u00eda.&nbsp;<br>Dirigimos una carta al Seremi de Obras P\u00fablicas y&nbsp;al Director de Vialidad de La Araucan\u00eda exigiendo una soluci\u00f3n inmediata. Los&nbsp;baches, la falta de se\u00f1alizaci\u00f3n y los deslizamientos son problemas constantes&nbsp;que requieren una inversi\u00f3n urgente en asfalto y una mejor planificaci\u00f3n.&nbsp;<\/p>\n\n\n\n<p>Alejandro S\u00e1ez alcalde. Pdte. Amca &#8221; estamos pidiendo que haya una mantenci\u00f3n seria y responsable a nuestros caminos, que se le den m\u00e1s recursos a las globales, para que puedan hacer un plan integral a los caminos, le dan recursos solamente para que hagan parches, estamos cansados, es por eso que, como asociaci\u00f3n de municipios, porque tenemos este problema en com\u00fan&#8221;&nbsp;<\/p>\n\n\n\n<p>Baldomero Santos Alcalde. Secr. Amca &#8221; en Teodoro&nbsp;Schmidt, se reunieron cien dirigentes con el delegado presidencial, seremi y&nbsp;director de vialidad, hace m\u00e1s de un a\u00f1o, donde nos pidieron que hici\u00e9ramos una&nbsp;&nbsp;priorizaci\u00f3n de dise\u00f1os de asfaltos, este gobierno va para el tercer a\u00f1o, y al&nbsp;&nbsp;d\u00eda de hoy, no nos han dado ninguna respuesta, eso es re\u00edrse de la gente<\/p>\n\n\n\n<p>Patricio Poza Seremi MOP &#8220;efectivamente algo&nbsp;&nbsp;ac\u00e1 est\u00e1 pasando, escuchamos a los vecinos, tanto de la zona costera, como&nbsp;&nbsp;otras zonas de la regi\u00f3n, molestos como est\u00e1n funcionando la red vial en la&nbsp;&nbsp;regi\u00f3n, y es un dato muy preocupante, porque este ha sido el a\u00f1o con mejor&nbsp;&nbsp;ejecuci\u00f3n presupuestaria en la historia del mop, sobre un 41%, la discusi\u00f3n que&nbsp;&nbsp;tenemos que hacer aqu\u00ed, creo yo, es con m\u00e1s de altura de mira, tenemos que&nbsp;&nbsp;trabajar en conjunto con los alcaldes, con el territorio y tambi\u00e9n una&nbsp;discusi\u00f3n legislativa&#8221;<\/p>\n\n\n\n<p>Ricardo Herrera- secretario&nbsp;ejecutivo AMCA &#8221; exigimos un plan de trabajo que no lo tenemos, exigir un&nbsp;&nbsp;plan de mantenci\u00f3n de los caminos y exigir un plan de inversi\u00f3n de asfaltos,&nbsp;&nbsp;vamos a reunirnos la pr\u00f3xima semana en la asociaci\u00f3n con las autoridades y establecer un plan de trabajo que es lo que est\u00e1n demandando los alcaldes de la costa<\/p>\n","protected":false},"excerpt":{"rendered":"<div class=\"pvc_clear\"><\/div>\n<p id=\"pvc_stats_51060\" class=\"pvc_stats total_only  \" data-element-id=\"51060\" style=\"\"><i class=\"pvc-stats-icon large\" aria-hidden=\"true\"><svg aria-hidden=\"true\" focusable=\"false\" data-prefix=\"far\" data-icon=\"chart-bar\" role=\"img\" xmlns=\"http:\/\/www.w3.org\/2000\/svg\" viewBox=\"0 0 512 512\" class=\"svg-inline--fa fa-chart-bar fa-w-16 fa-2x\"><path fill=\"currentColor\" d=\"M396.8 352h22.4c6.4 0 12.8-6.4 12.8-12.8V108.8c0-6.4-6.4-12.8-12.8-12.8h-22.4c-6.4 0-12.8 6.4-12.8 12.8v230.4c0 6.4 6.4 12.8 12.8 12.8zm-192 0h22.4c6.4 0 12.8-6.4 12.8-12.8V140.8c0-6.4-6.4-12.8-12.8-12.8h-22.4c-6.4 0-12.8 6.4-12.8 12.8v198.4c0 6.4 6.4 12.8 12.8 12.8zm96 0h22.4c6.4 0 12.8-6.4 12.8-12.8V204.8c0-6.4-6.4-12.8-12.8-12.8h-22.4c-6.4 0-12.8 6.4-12.8 12.8v134.4c0 6.4 6.4 12.8 12.8 12.8zM496 400H48V80c0-8.84-7.16-16-16-16H16C7.16 64 0 71.16 0 80v336c0 17.67 14.33 32 32 32h464c8.84 0 16-7.16 16-16v-16c0-8.84-7.16-16-16-16zm-387.2-48h22.4c6.4 0 12.8-6.4 12.8-12.8v-70.4c0-6.4-6.4-12.8-12.8-12.8h-22.4c-6.4 0-12.8 6.4-12.8 12.8v70.4c0 6.4 6.4 12.8 12.8 12.8z\" class=\"\"><\/path><\/svg><\/i> <img loading=\"lazy\" decoding=\"async\" width=\"16\" height=\"16\" alt=\"Loading\" src=\"https:\/\/temucotelevision.cl\/web\/wp-content\/plugins\/page-views-count\/ajax-loader-2x.gif\" border=0 \/><\/p>\n<div class=\"pvc_clear\"><\/div>\n<p>Los alcaldes de la Asociaci\u00f3n de Municipios Costa Araucan\u00eda representados por el alcalde Alejandro S\u00e1ez, Baldomero Santos, Juan Paillafil y<\/p>\n","protected":false},"author":1,"featured_media":51061,"comment_status":"open","ping_status":"open","sticky":false,"template":"","format":"standard","meta":{"colormag_page_container_layout":"default_layout","colormag_page_sidebar_layout":"default_layout","footnotes":""},"categories":[14],"tags":[1512,554],"class_list":["post-51060","post","type-post","status-publish","format-standard","has-post-thumbnail","hentry","category-temuco","tag-alcaldes","tag-mop"],"a3_pvc":{"activated":true,"total_views":3539,"today_views":0},"_links":{"self":[{"href":"https:\/\/temucotelevision.cl\/web\/wp-json\/wp\/v2\/posts\/51060","targetHints":{"allow":["GET"]}}],"collection":[{"href":"https:\/\/temucotelevision.cl\/web\/wp-json\/wp\/v2\/posts"}],"about":[{"href":"https:\/\/temucotelevision.cl\/web\/wp-json\/wp\/v2\/types\/post"}],"author":[{"embeddable":true,"href":"https:\/\/temucotelevision.cl\/web\/wp-json\/wp\/v2\/users\/1"}],"replies":[{"embeddable":true,"href":"https:\/\/temucotelevision.cl\/web\/wp-json\/wp\/v2\/comments?post=51060"}],"version-history":[{"count":1,"href":"https:\/\/temucotelevision.cl\/web\/wp-json\/wp\/v2\/posts\/51060\/revisions"}],"predecessor-version":[{"id":51062,"href":"https:\/\/temucotelevision.cl\/web\/wp-json\/wp\/v2\/posts\/51060\/revisions\/51062"}],"wp:featuredmedia":[{"embeddable":true,"href":"https:\/\/temucotelevision.cl\/web\/wp-json\/wp\/v2\/media\/51061"}],"wp:attachment":[{"href":"https:\/\/temucotelevision.cl\/web\/wp-json\/wp\/v2\/media?parent=51060"}],"wp:term":[{"taxonomy":"category","embeddable":true,"href":"https:\/\/temucotelevision.cl\/web\/wp-json\/wp\/v2\/categories?post=51060"},{"taxonomy":"post_tag","embeddable":true,"href":"https:\/\/temucotelevision.cl\/web\/wp-json\/wp\/v2\/tags?post=51060"}],"curies":[{"name":"wp","href":"https:\/\/api.w.org\/{rel}","templated":true}]}}