{"id":51058,"date":"2024-07-02T22:55:44","date_gmt":"2024-07-03T01:55:44","guid":{"rendered":"https:\/\/temucotelevision.cl\/web\/?p=51058"},"modified":"2024-07-02T22:55:45","modified_gmt":"2024-07-03T01:55:45","slug":"tras-gestiones-del-senador-bianchi-el-ministro-de-energia-anuncio-proyecto-de-ley-para-triplicar-subsidio-en-magallanes","status":"publish","type":"post","link":"https:\/\/temucotelevision.cl\/web\/2024\/07\/02\/tras-gestiones-del-senador-bianchi-el-ministro-de-energia-anuncio-proyecto-de-ley-para-triplicar-subsidio-en-magallanes\/","title":{"rendered":"Tras gestiones del Senador Bianchi el Ministro de Energ\u00eda anunci\u00f3 proyecto de ley para triplicar subsidio en Magallanes"},"content":{"rendered":"<div class=\"pvc_clear\"><\/div><p id=\"pvc_stats_51058\" class=\"pvc_stats total_only  \" data-element-id=\"51058\" style=\"\"><i class=\"pvc-stats-icon large\" aria-hidden=\"true\"><svg aria-hidden=\"true\" focusable=\"false\" data-prefix=\"far\" data-icon=\"chart-bar\" role=\"img\" xmlns=\"http:\/\/www.w3.org\/2000\/svg\" viewBox=\"0 0 512 512\" class=\"svg-inline--fa fa-chart-bar fa-w-16 fa-2x\"><path fill=\"currentColor\" d=\"M396.8 352h22.4c6.4 0 12.8-6.4 12.8-12.8V108.8c0-6.4-6.4-12.8-12.8-12.8h-22.4c-6.4 0-12.8 6.4-12.8 12.8v230.4c0 6.4 6.4 12.8 12.8 12.8zm-192 0h22.4c6.4 0 12.8-6.4 12.8-12.8V140.8c0-6.4-6.4-12.8-12.8-12.8h-22.4c-6.4 0-12.8 6.4-12.8 12.8v198.4c0 6.4 6.4 12.8 12.8 12.8zm96 0h22.4c6.4 0 12.8-6.4 12.8-12.8V204.8c0-6.4-6.4-12.8-12.8-12.8h-22.4c-6.4 0-12.8 6.4-12.8 12.8v134.4c0 6.4 6.4 12.8 12.8 12.8zM496 400H48V80c0-8.84-7.16-16-16-16H16C7.16 64 0 71.16 0 80v336c0 17.67 14.33 32 32 32h464c8.84 0 16-7.16 16-16v-16c0-8.84-7.16-16-16-16zm-387.2-48h22.4c6.4 0 12.8-6.4 12.8-12.8v-70.4c0-6.4-6.4-12.8-12.8-12.8h-22.4c-6.4 0-12.8 6.4-12.8 12.8v70.4c0 6.4 6.4 12.8 12.8 12.8z\" class=\"\"><\/path><\/svg><\/i> <img loading=\"lazy\" decoding=\"async\" width=\"16\" height=\"16\" alt=\"Loading\" src=\"https:\/\/temucotelevision.cl\/web\/wp-content\/plugins\/page-views-count\/ajax-loader-2x.gif\" border=0 \/><\/p><div class=\"pvc_clear\"><\/div>\n<p><em>El parlamentario se reuni\u00f3 con el ministro de energ\u00eda, para solicitar un aumento en el subsidio el\u00e9ctrico para la regi\u00f3n de Magallanes y por consecuencia a Los Lagos y Ays\u00e9n, debido a la preocupaci\u00f3n de la comunidad patag\u00f3nica, por el mayor costo de energ\u00eda el\u00e9ctrica.<\/em><\/p>\n\n\n\n<p>La comunidad de la regi\u00f3n de Magallanes ve con mucha preocupaci\u00f3n el alza progresiva en las cuentas de la luz, debido al uso excesivo de este vital elemento, producto de la disminuci\u00f3n de la luz solar que caracteriza al territorio. Es por ello que el Senador Karim Bianchi se reuni\u00f3 con los ministerios de energ\u00eda y transportes, para solicitar mayo apoyo a la comunidad.&nbsp;<\/p>\n\n\n\n<p>\u201cLuego de estas reuniones que sostuvimos en Magallanes y en el Congreso con las autoridades ministeriales, logramos conversar con el ministro Pardow para que se comprometa a entregar una ayuda a las familias de la patagonia, quienes tiene una preocupaci\u00f3n muy alta por las alzas de la luz y el Gobierno realizar\u00e1 un esfuerzo por nuestra querida zona patag\u00f3nica\u201d, se\u00f1al\u00f3 Bianchi.&nbsp;<\/p>\n\n\n\n<p>Por su parte el ministro Diego Pardow&nbsp; agreg\u00f3 \u201cvamoa a presentar un proyecto de ley, para que en los sistemas medianos, como Magallanes el subsidio de ajuste crezca en un 20%, la misma canasta que se recibe en el resto del pa\u00eds, pero para que todos enfrenten una misma realidad, sobre pensando en las diferencias que tienen en estas regiones por el mayor uso de energ\u00eda, por ello la canasta estar\u00e1 multiplicada por 1,2 es decir un 20% mayor\u201d.&nbsp;<\/p>\n\n\n\n<p>Finalmente el parlamentario sentenci\u00f3 \u201cquiero agradecer al Ministro por adquirir este compromiso, evidentemente vamos a apoyar este proyecto, esperando que sea un alivio para la comunidad de Magallanes que ve con mucha preocupaci\u00f3n estas alzas y esperamos un resultado positivo\u201d.<\/p>\n","protected":false},"excerpt":{"rendered":"<div class=\"pvc_clear\"><\/div>\n<p id=\"pvc_stats_51058\" class=\"pvc_stats total_only  \" data-element-id=\"51058\" style=\"\"><i class=\"pvc-stats-icon large\" aria-hidden=\"true\"><svg aria-hidden=\"true\" focusable=\"false\" data-prefix=\"far\" data-icon=\"chart-bar\" role=\"img\" xmlns=\"http:\/\/www.w3.org\/2000\/svg\" viewBox=\"0 0 512 512\" class=\"svg-inline--fa fa-chart-bar fa-w-16 fa-2x\"><path fill=\"currentColor\" d=\"M396.8 352h22.4c6.4 0 12.8-6.4 12.8-12.8V108.8c0-6.4-6.4-12.8-12.8-12.8h-22.4c-6.4 0-12.8 6.4-12.8 12.8v230.4c0 6.4 6.4 12.8 12.8 12.8zm-192 0h22.4c6.4 0 12.8-6.4 12.8-12.8V140.8c0-6.4-6.4-12.8-12.8-12.8h-22.4c-6.4 0-12.8 6.4-12.8 12.8v198.4c0 6.4 6.4 12.8 12.8 12.8zm96 0h22.4c6.4 0 12.8-6.4 12.8-12.8V204.8c0-6.4-6.4-12.8-12.8-12.8h-22.4c-6.4 0-12.8 6.4-12.8 12.8v134.4c0 6.4 6.4 12.8 12.8 12.8zM496 400H48V80c0-8.84-7.16-16-16-16H16C7.16 64 0 71.16 0 80v336c0 17.67 14.33 32 32 32h464c8.84 0 16-7.16 16-16v-16c0-8.84-7.16-16-16-16zm-387.2-48h22.4c6.4 0 12.8-6.4 12.8-12.8v-70.4c0-6.4-6.4-12.8-12.8-12.8h-22.4c-6.4 0-12.8 6.4-12.8 12.8v70.4c0 6.4 6.4 12.8 12.8 12.8z\" class=\"\"><\/path><\/svg><\/i> <img loading=\"lazy\" decoding=\"async\" width=\"16\" height=\"16\" alt=\"Loading\" src=\"https:\/\/temucotelevision.cl\/web\/wp-content\/plugins\/page-views-count\/ajax-loader-2x.gif\" border=0 \/><\/p>\n<div class=\"pvc_clear\"><\/div>\n<p>El parlamentario se reuni\u00f3 con el ministro de energ\u00eda, para solicitar un aumento en el subsidio el\u00e9ctrico para la regi\u00f3n<\/p>\n","protected":false},"author":1,"featured_media":48584,"comment_status":"open","ping_status":"open","sticky":false,"template":"","format":"standard","meta":{"colormag_page_container_layout":"default_layout","colormag_page_sidebar_layout":"default_layout","footnotes":""},"categories":[84],"tags":[506,155],"class_list":["post-51058","post","type-post","status-publish","format-standard","has-post-thumbnail","hentry","category-politica","tag-ley","tag-proyecto"],"a3_pvc":{"activated":true,"total_views":806,"today_views":0},"_links":{"self":[{"href":"https:\/\/temucotelevision.cl\/web\/wp-json\/wp\/v2\/posts\/51058","targetHints":{"allow":["GET"]}}],"collection":[{"href":"https:\/\/temucotelevision.cl\/web\/wp-json\/wp\/v2\/posts"}],"about":[{"href":"https:\/\/temucotelevision.cl\/web\/wp-json\/wp\/v2\/types\/post"}],"author":[{"embeddable":true,"href":"https:\/\/temucotelevision.cl\/web\/wp-json\/wp\/v2\/users\/1"}],"replies":[{"embeddable":true,"href":"https:\/\/temucotelevision.cl\/web\/wp-json\/wp\/v2\/comments?post=51058"}],"version-history":[{"count":1,"href":"https:\/\/temucotelevision.cl\/web\/wp-json\/wp\/v2\/posts\/51058\/revisions"}],"predecessor-version":[{"id":51059,"href":"https:\/\/temucotelevision.cl\/web\/wp-json\/wp\/v2\/posts\/51058\/revisions\/51059"}],"wp:featuredmedia":[{"embeddable":true,"href":"https:\/\/temucotelevision.cl\/web\/wp-json\/wp\/v2\/media\/48584"}],"wp:attachment":[{"href":"https:\/\/temucotelevision.cl\/web\/wp-json\/wp\/v2\/media?parent=51058"}],"wp:term":[{"taxonomy":"category","embeddable":true,"href":"https:\/\/temucotelevision.cl\/web\/wp-json\/wp\/v2\/categories?post=51058"},{"taxonomy":"post_tag","embeddable":true,"href":"https:\/\/temucotelevision.cl\/web\/wp-json\/wp\/v2\/tags?post=51058"}],"curies":[{"name":"wp","href":"https:\/\/api.w.org\/{rel}","templated":true}]}}