{"id":50990,"date":"2024-06-28T18:18:55","date_gmt":"2024-06-28T21:18:55","guid":{"rendered":"https:\/\/temucotelevision.cl\/web\/?p=50990"},"modified":"2024-06-28T18:18:56","modified_gmt":"2024-06-28T21:18:56","slug":"desarticulan-banda-dedicada-al-robo-con-intimidacion-y-en-lugar-habitado-en-la-comuna-de-villarrica","status":"publish","type":"post","link":"https:\/\/temucotelevision.cl\/web\/2024\/06\/28\/desarticulan-banda-dedicada-al-robo-con-intimidacion-y-en-lugar-habitado-en-la-comuna-de-villarrica\/","title":{"rendered":"Desarticulan banda dedicada al robo con intimidaci\u00f3n y en lugar habitado en la comuna de Villarrica"},"content":{"rendered":"<div class=\"pvc_clear\"><\/div><p id=\"pvc_stats_50990\" class=\"pvc_stats total_only  \" data-element-id=\"50990\" style=\"\"><i class=\"pvc-stats-icon large\" aria-hidden=\"true\"><svg aria-hidden=\"true\" focusable=\"false\" data-prefix=\"far\" data-icon=\"chart-bar\" role=\"img\" xmlns=\"http:\/\/www.w3.org\/2000\/svg\" viewBox=\"0 0 512 512\" class=\"svg-inline--fa fa-chart-bar fa-w-16 fa-2x\"><path fill=\"currentColor\" d=\"M396.8 352h22.4c6.4 0 12.8-6.4 12.8-12.8V108.8c0-6.4-6.4-12.8-12.8-12.8h-22.4c-6.4 0-12.8 6.4-12.8 12.8v230.4c0 6.4 6.4 12.8 12.8 12.8zm-192 0h22.4c6.4 0 12.8-6.4 12.8-12.8V140.8c0-6.4-6.4-12.8-12.8-12.8h-22.4c-6.4 0-12.8 6.4-12.8 12.8v198.4c0 6.4 6.4 12.8 12.8 12.8zm96 0h22.4c6.4 0 12.8-6.4 12.8-12.8V204.8c0-6.4-6.4-12.8-12.8-12.8h-22.4c-6.4 0-12.8 6.4-12.8 12.8v134.4c0 6.4 6.4 12.8 12.8 12.8zM496 400H48V80c0-8.84-7.16-16-16-16H16C7.16 64 0 71.16 0 80v336c0 17.67 14.33 32 32 32h464c8.84 0 16-7.16 16-16v-16c0-8.84-7.16-16-16-16zm-387.2-48h22.4c6.4 0 12.8-6.4 12.8-12.8v-70.4c0-6.4-6.4-12.8-12.8-12.8h-22.4c-6.4 0-12.8 6.4-12.8 12.8v70.4c0 6.4 6.4 12.8 12.8 12.8z\" class=\"\"><\/path><\/svg><\/i> <img loading=\"lazy\" decoding=\"async\" width=\"16\" height=\"16\" alt=\"Loading\" src=\"https:\/\/temucotelevision.cl\/web\/wp-content\/plugins\/page-views-count\/ajax-loader-2x.gif\" border=0 \/><\/p><div class=\"pvc_clear\"><\/div>\n<ul class=\"wp-block-list\">\n<li>El subsecretario Vergara destac\u00f3 el trabajo realizado por la Polic\u00eda de Investigaciones y valor\u00f3 la puesta en marcha de nueva tecnolog\u00eda preventiva en la comuna.<\/li>\n<\/ul>\n\n\n\n<p>Una estructura criminal sindicada como autora de diversos delitos en la comuna de Villarrica fue desarticulada la madrugada de este viernes por la Polic\u00eda de Investigaciones. As\u00ed lo dio a conocer el subsecretario de Prevenci\u00f3n del Delito, Eduardo Vergara, en el marco de la gira de trabajo que realiz\u00f3 esta semana en distintas comunas de la Regi\u00f3n de La Araucan\u00eda.<\/p>\n\n\n\n<p>La banda estaba compuesta por seis sujetos, todos de nacionalidad chilena y con antecedentes penales, quienes exhib\u00edan un importante nivel de organizaci\u00f3n, que inclu\u00eda el uso de veh\u00edculos propios, casas de seguridad y armamento. Entre los delitos por los que ser\u00e1n imputados se cuentan un robo con intimidaci\u00f3n con arma de fuego a una casa de cambios en el centro de Villarrica, un robo en lugar habitado en el sector Catrico y otro robo con intimidaci\u00f3n en el sector rural Lef\u00fan de la misma comuna.<\/p>\n\n\n\n<p>En total, la operaci\u00f3n de la PDI contempl\u00f3 el allanamiento de seis domicilios emplazados en macrosector \u201cSegunda Faja\u201d y cont\u00f3 con colaboraci\u00f3n de Brigada de Reacci\u00f3n T\u00e1ctica Araucan\u00eda.&nbsp;<\/p>\n\n\n\n<p>Junto con valorar el trabajo conjunto de la polic\u00eda y el Ministerio P\u00fablico, el subsecretario Vergara resalt\u00f3 los avances en materia de seguridad que ha tenido la comuna de Villarrica, especialmente, en relaci\u00f3n con la instalaci\u00f3n de nueva tecnolog\u00eda preventiva.<\/p>\n\n\n\n<p>\u201cEs importante destacar como Villarrica ha avanzado mucho en el uso de tecnolog\u00eda, a la que se suma la inversi\u00f3n que acabamos de inaugurar, los p\u00f3rticos detectores y lectores de patentes. El uso de las c\u00e1maras e im\u00e1genes fueron clave para dar con la detenci\u00f3n de estas personas. El uso de tecnolog\u00eda a nivel municipal permite que las personas vivan m\u00e1s seguras y que, por sobre todo, nuestra polic\u00eda y el Ministerio P\u00fablico tengan m\u00e1s herramientas para investigar, perseguir y llevar a los responsables frente a la justicia\u201d, se\u00f1al\u00f3.<\/p>\n","protected":false},"excerpt":{"rendered":"<div class=\"pvc_clear\"><\/div>\n<p id=\"pvc_stats_50990\" class=\"pvc_stats total_only  \" data-element-id=\"50990\" style=\"\"><i class=\"pvc-stats-icon large\" aria-hidden=\"true\"><svg aria-hidden=\"true\" focusable=\"false\" data-prefix=\"far\" data-icon=\"chart-bar\" role=\"img\" xmlns=\"http:\/\/www.w3.org\/2000\/svg\" viewBox=\"0 0 512 512\" class=\"svg-inline--fa fa-chart-bar fa-w-16 fa-2x\"><path fill=\"currentColor\" d=\"M396.8 352h22.4c6.4 0 12.8-6.4 12.8-12.8V108.8c0-6.4-6.4-12.8-12.8-12.8h-22.4c-6.4 0-12.8 6.4-12.8 12.8v230.4c0 6.4 6.4 12.8 12.8 12.8zm-192 0h22.4c6.4 0 12.8-6.4 12.8-12.8V140.8c0-6.4-6.4-12.8-12.8-12.8h-22.4c-6.4 0-12.8 6.4-12.8 12.8v198.4c0 6.4 6.4 12.8 12.8 12.8zm96 0h22.4c6.4 0 12.8-6.4 12.8-12.8V204.8c0-6.4-6.4-12.8-12.8-12.8h-22.4c-6.4 0-12.8 6.4-12.8 12.8v134.4c0 6.4 6.4 12.8 12.8 12.8zM496 400H48V80c0-8.84-7.16-16-16-16H16C7.16 64 0 71.16 0 80v336c0 17.67 14.33 32 32 32h464c8.84 0 16-7.16 16-16v-16c0-8.84-7.16-16-16-16zm-387.2-48h22.4c6.4 0 12.8-6.4 12.8-12.8v-70.4c0-6.4-6.4-12.8-12.8-12.8h-22.4c-6.4 0-12.8 6.4-12.8 12.8v70.4c0 6.4 6.4 12.8 12.8 12.8z\" class=\"\"><\/path><\/svg><\/i> <img loading=\"lazy\" decoding=\"async\" width=\"16\" height=\"16\" alt=\"Loading\" src=\"https:\/\/temucotelevision.cl\/web\/wp-content\/plugins\/page-views-count\/ajax-loader-2x.gif\" border=0 \/><\/p>\n<div class=\"pvc_clear\"><\/div>\n<p>Una estructura criminal sindicada como autora de diversos delitos en la comuna de Villarrica fue desarticulada la madrugada de este<\/p>\n","protected":false},"author":1,"featured_media":50991,"comment_status":"open","ping_status":"open","sticky":false,"template":"","format":"standard","meta":{"colormag_page_container_layout":"default_layout","colormag_page_sidebar_layout":"default_layout","footnotes":""},"categories":[15],"tags":[635,138,204],"class_list":["post-50990","post","type-post","status-publish","format-standard","has-post-thumbnail","hentry","category-la-araucania","tag-banda","tag-robo","tag-villarrica"],"a3_pvc":{"activated":true,"total_views":5046,"today_views":0},"_links":{"self":[{"href":"https:\/\/temucotelevision.cl\/web\/wp-json\/wp\/v2\/posts\/50990","targetHints":{"allow":["GET"]}}],"collection":[{"href":"https:\/\/temucotelevision.cl\/web\/wp-json\/wp\/v2\/posts"}],"about":[{"href":"https:\/\/temucotelevision.cl\/web\/wp-json\/wp\/v2\/types\/post"}],"author":[{"embeddable":true,"href":"https:\/\/temucotelevision.cl\/web\/wp-json\/wp\/v2\/users\/1"}],"replies":[{"embeddable":true,"href":"https:\/\/temucotelevision.cl\/web\/wp-json\/wp\/v2\/comments?post=50990"}],"version-history":[{"count":1,"href":"https:\/\/temucotelevision.cl\/web\/wp-json\/wp\/v2\/posts\/50990\/revisions"}],"predecessor-version":[{"id":50992,"href":"https:\/\/temucotelevision.cl\/web\/wp-json\/wp\/v2\/posts\/50990\/revisions\/50992"}],"wp:featuredmedia":[{"embeddable":true,"href":"https:\/\/temucotelevision.cl\/web\/wp-json\/wp\/v2\/media\/50991"}],"wp:attachment":[{"href":"https:\/\/temucotelevision.cl\/web\/wp-json\/wp\/v2\/media?parent=50990"}],"wp:term":[{"taxonomy":"category","embeddable":true,"href":"https:\/\/temucotelevision.cl\/web\/wp-json\/wp\/v2\/categories?post=50990"},{"taxonomy":"post_tag","embeddable":true,"href":"https:\/\/temucotelevision.cl\/web\/wp-json\/wp\/v2\/tags?post=50990"}],"curies":[{"name":"wp","href":"https:\/\/api.w.org\/{rel}","templated":true}]}}