{"id":50976,"date":"2024-06-28T17:04:36","date_gmt":"2024-06-28T20:04:36","guid":{"rendered":"https:\/\/temucotelevision.cl\/web\/?p=50976"},"modified":"2024-06-28T17:16:38","modified_gmt":"2024-06-28T20:16:38","slug":"operacion-confederacion-operativo-de-la-pdi-desmantela-banda-de-ladrones-en-temuco-y-villarrica","status":"publish","type":"post","link":"https:\/\/temucotelevision.cl\/web\/2024\/06\/28\/operacion-confederacion-operativo-de-la-pdi-desmantela-banda-de-ladrones-en-temuco-y-villarrica\/","title":{"rendered":"\u201cOperaci\u00f3n Confederaci\u00f3n\u201d: En un operativo, PDI desmantela banda de ladrones en Temuco y Villarrica"},"content":{"rendered":"<div class=\"pvc_clear\"><\/div><p id=\"pvc_stats_50976\" class=\"pvc_stats total_only  \" data-element-id=\"50976\" style=\"\"><i class=\"pvc-stats-icon large\" aria-hidden=\"true\"><svg aria-hidden=\"true\" focusable=\"false\" data-prefix=\"far\" data-icon=\"chart-bar\" role=\"img\" xmlns=\"http:\/\/www.w3.org\/2000\/svg\" viewBox=\"0 0 512 512\" class=\"svg-inline--fa fa-chart-bar fa-w-16 fa-2x\"><path fill=\"currentColor\" d=\"M396.8 352h22.4c6.4 0 12.8-6.4 12.8-12.8V108.8c0-6.4-6.4-12.8-12.8-12.8h-22.4c-6.4 0-12.8 6.4-12.8 12.8v230.4c0 6.4 6.4 12.8 12.8 12.8zm-192 0h22.4c6.4 0 12.8-6.4 12.8-12.8V140.8c0-6.4-6.4-12.8-12.8-12.8h-22.4c-6.4 0-12.8 6.4-12.8 12.8v198.4c0 6.4 6.4 12.8 12.8 12.8zm96 0h22.4c6.4 0 12.8-6.4 12.8-12.8V204.8c0-6.4-6.4-12.8-12.8-12.8h-22.4c-6.4 0-12.8 6.4-12.8 12.8v134.4c0 6.4 6.4 12.8 12.8 12.8zM496 400H48V80c0-8.84-7.16-16-16-16H16C7.16 64 0 71.16 0 80v336c0 17.67 14.33 32 32 32h464c8.84 0 16-7.16 16-16v-16c0-8.84-7.16-16-16-16zm-387.2-48h22.4c6.4 0 12.8-6.4 12.8-12.8v-70.4c0-6.4-6.4-12.8-12.8-12.8h-22.4c-6.4 0-12.8 6.4-12.8 12.8v70.4c0 6.4 6.4 12.8 12.8 12.8z\" class=\"\"><\/path><\/svg><\/i> <img loading=\"lazy\" decoding=\"async\" width=\"16\" height=\"16\" alt=\"Loading\" src=\"https:\/\/temucotelevision.cl\/web\/wp-content\/plugins\/page-views-count\/ajax-loader-2x.gif\" border=0 \/><\/p><div class=\"pvc_clear\"><\/div>\n<p class=\"wp-block-paragraph\">En un amplio despliegue operativo, detectives de diversas unidades de la Polic\u00eda de Investigaciones en la provincia de Caut\u00edn, Regi\u00f3n de La Araucan\u00eda, desarticularon una organizaci\u00f3n criminal, deteniendo a cinco personas, tres integrantes de la banda -hombres, mayores de edad y con antecedentes policiales-, a la pareja de uno de ellos que manten\u00eda diversas especies producto de los il\u00edcitos, y a una segunda mujer que ten\u00eda en su poder \u201cmiguelitos\u201d que utilizar\u00edan tras huir del lugar donde perpetraban los robos.\u00a0<\/p>\n\n\n\n<figure class=\"wp-block-image size-large\"><img loading=\"lazy\" decoding=\"async\" width=\"1000\" height=\"561\" src=\"https:\/\/temucotelevision.cl\/web\/wp-content\/uploads\/2024\/06\/Captura-de-Pantalla-2024-06-28-a-las-16.00.39-1000x561.png\" alt=\"\" class=\"wp-image-50978\" srcset=\"https:\/\/temucotelevision.cl\/web\/wp-content\/uploads\/2024\/06\/Captura-de-Pantalla-2024-06-28-a-las-16.00.39-1000x561.png 1000w, https:\/\/temucotelevision.cl\/web\/wp-content\/uploads\/2024\/06\/Captura-de-Pantalla-2024-06-28-a-las-16.00.39-768x431.png 768w, https:\/\/temucotelevision.cl\/web\/wp-content\/uploads\/2024\/06\/Captura-de-Pantalla-2024-06-28-a-las-16.00.39-1536x862.png 1536w, https:\/\/temucotelevision.cl\/web\/wp-content\/uploads\/2024\/06\/Captura-de-Pantalla-2024-06-28-a-las-16.00.39.png 1668w\" sizes=\"auto, (max-width: 1000px) 100vw, 1000px\" \/><\/figure>\n\n\n\n<p class=\"wp-block-paragraph\">El jefe de la Prefectura provincial Caut\u00edn, prefecto Luis Garrido Aravena, explic\u00f3 que conforme a una orden de investigar por el delito de robo con intimidaci\u00f3n que afect\u00f3 a una casa de cambio de dineros ubicada en sector c\u00e9ntrico de Villarrica, se inici\u00f3 una indagatoria donde \u201cse establece una estructura criminal compuesta por cinco personas, hombres adultos, que realizaban delitos contra la propiedad, en concreto, robos con violencia a locales comerciales, tanto en la ciudad de Temuco, como en la zona lacustre de Villarrica\u201d.<\/p>\n\n\n\n<p class=\"wp-block-paragraph\">En el procedimiento, se recuperaron diversas especies producto de los il\u00edcitos, como, dinero en efectivo de denominaci\u00f3n nacional, billetes de origen brasile\u00f1o y argentino, prendas de vestir utilizadas en los il\u00edcitos, y una pistola 9 mil\u00edmetros, 10 cartuchos del mismo calibre, \u201cesta arma ser\u00eda la utilizada por los imputados para intimidar a los locatarios de las dependencias afectadas en Temuco y la zona lacustre\u201d, asever\u00f3 el jefe de la Prefectura Caut\u00edn de la PDI.<\/p>\n\n\n\n<p class=\"wp-block-paragraph\">\u201cGracias al trabajo de an\u00e1lisis criminal, de investigaci\u00f3n profesional de largo aliento que permiti\u00f3, determinar y verificar, mediante c\u00e1maras de vigilancia, el actuar de estos individuos, tanto cuando viajaban de Temuco y se juntaban en la zona lacustre, intercambiando, incluso, veh\u00edculos, y se apropiaban de especies que comercializaban posteriormente en la capital regional, principalmente\u201d, agreg\u00f3 el prefecto Garrido.<\/p>\n\n\n\n<p class=\"wp-block-paragraph\">Por instrucci\u00f3n del fiscal de caso, los cinco detenidos ser\u00e1n puestos a disposici\u00f3n del Juzgado de Garant\u00eda de Villarrica durante la jornada de hoy -viernes 28 de junio- donde se efectuar\u00e1 el respectivo control de detenci\u00f3n y formalizaci\u00f3n de cargos.<\/p>\n\n\n\n<figure class=\"wp-block-image size-large\"><img loading=\"lazy\" decoding=\"async\" width=\"1000\" height=\"462\" src=\"https:\/\/temucotelevision.cl\/web\/wp-content\/uploads\/2024\/06\/Especies-Banda-1000x462.jpeg\" alt=\"\" class=\"wp-image-50980\" srcset=\"https:\/\/temucotelevision.cl\/web\/wp-content\/uploads\/2024\/06\/Especies-Banda-1000x462.jpeg 1000w, https:\/\/temucotelevision.cl\/web\/wp-content\/uploads\/2024\/06\/Especies-Banda-768x355.jpeg 768w, https:\/\/temucotelevision.cl\/web\/wp-content\/uploads\/2024\/06\/Especies-Banda-1536x709.jpeg 1536w, https:\/\/temucotelevision.cl\/web\/wp-content\/uploads\/2024\/06\/Especies-Banda.jpeg 1600w\" sizes=\"auto, (max-width: 1000px) 100vw, 1000px\" \/><\/figure>\n","protected":false},"excerpt":{"rendered":"<div class=\"pvc_clear\"><\/div>\n<p id=\"pvc_stats_50976\" class=\"pvc_stats total_only  \" data-element-id=\"50976\" style=\"\"><i class=\"pvc-stats-icon large\" aria-hidden=\"true\"><svg aria-hidden=\"true\" focusable=\"false\" data-prefix=\"far\" data-icon=\"chart-bar\" role=\"img\" xmlns=\"http:\/\/www.w3.org\/2000\/svg\" viewBox=\"0 0 512 512\" class=\"svg-inline--fa fa-chart-bar fa-w-16 fa-2x\"><path fill=\"currentColor\" d=\"M396.8 352h22.4c6.4 0 12.8-6.4 12.8-12.8V108.8c0-6.4-6.4-12.8-12.8-12.8h-22.4c-6.4 0-12.8 6.4-12.8 12.8v230.4c0 6.4 6.4 12.8 12.8 12.8zm-192 0h22.4c6.4 0 12.8-6.4 12.8-12.8V140.8c0-6.4-6.4-12.8-12.8-12.8h-22.4c-6.4 0-12.8 6.4-12.8 12.8v198.4c0 6.4 6.4 12.8 12.8 12.8zm96 0h22.4c6.4 0 12.8-6.4 12.8-12.8V204.8c0-6.4-6.4-12.8-12.8-12.8h-22.4c-6.4 0-12.8 6.4-12.8 12.8v134.4c0 6.4 6.4 12.8 12.8 12.8zM496 400H48V80c0-8.84-7.16-16-16-16H16C7.16 64 0 71.16 0 80v336c0 17.67 14.33 32 32 32h464c8.84 0 16-7.16 16-16v-16c0-8.84-7.16-16-16-16zm-387.2-48h22.4c6.4 0 12.8-6.4 12.8-12.8v-70.4c0-6.4-6.4-12.8-12.8-12.8h-22.4c-6.4 0-12.8 6.4-12.8 12.8v70.4c0 6.4 6.4 12.8 12.8 12.8z\" class=\"\"><\/path><\/svg><\/i> <img loading=\"lazy\" decoding=\"async\" width=\"16\" height=\"16\" alt=\"Loading\" src=\"https:\/\/temucotelevision.cl\/web\/wp-content\/plugins\/page-views-count\/ajax-loader-2x.gif\" border=0 \/><\/p>\n<div class=\"pvc_clear\"><\/div>\n<p>En un amplio despliegue operativo, detectives de diversas unidades de la Polic\u00eda de Investigaciones en la provincia de Caut\u00edn, Regi\u00f3n<\/p>\n","protected":false},"author":1,"featured_media":50977,"comment_status":"open","ping_status":"open","sticky":false,"template":"","format":"standard","meta":{"colormag_page_container_layout":"default_layout","colormag_page_sidebar_layout":"default_layout","advanced_seo_description":"","jetpack_seo_html_title":"","jetpack_seo_noindex":false,"jetpack_seo_schema_type":"","_jetpack_newsletter_access":"","_jetpack_dont_email_post_to_subs":false,"_jetpack_newsletter_tier_id":0,"_jetpack_memberships_contains_paywalled_content":false,"_jetpack_feature_clip_id":0,"_jetpack_memberships_contains_paid_content":false,"footnotes":"","jetpack_publicize_message":"","jetpack_publicize_feature_enabled":true,"jetpack_social_post_already_shared":false,"jetpack_social_options":{"image_generator_settings":{"template":"highway","default_image_id":0,"font":"","enabled":false},"version":2},"jetpack_post_was_ever_published":false},"categories":[16],"tags":[635,725,76],"class_list":["post-50976","post","type-post","status-publish","format-standard","has-post-thumbnail","hentry","category-policial","tag-banda","tag-operacion","tag-pdi"],"a3_pvc":{"activated":true,"total_views":6303,"today_views":0},"jetpack_publicize_connections":[],"jetpack_sharing_enabled":true,"jetpack_likes_enabled":true,"jetpack_featured_media_url":"https:\/\/temucotelevision.cl\/web\/wp-content\/uploads\/2024\/06\/PDI-BAnda.jpeg","_links":{"self":[{"href":"https:\/\/temucotelevision.cl\/web\/wp-json\/wp\/v2\/posts\/50976","targetHints":{"allow":["GET"]}}],"collection":[{"href":"https:\/\/temucotelevision.cl\/web\/wp-json\/wp\/v2\/posts"}],"about":[{"href":"https:\/\/temucotelevision.cl\/web\/wp-json\/wp\/v2\/types\/post"}],"author":[{"embeddable":true,"href":"https:\/\/temucotelevision.cl\/web\/wp-json\/wp\/v2\/users\/1"}],"replies":[{"embeddable":true,"href":"https:\/\/temucotelevision.cl\/web\/wp-json\/wp\/v2\/comments?post=50976"}],"version-history":[{"count":3,"href":"https:\/\/temucotelevision.cl\/web\/wp-json\/wp\/v2\/posts\/50976\/revisions"}],"predecessor-version":[{"id":50983,"href":"https:\/\/temucotelevision.cl\/web\/wp-json\/wp\/v2\/posts\/50976\/revisions\/50983"}],"wp:featuredmedia":[{"embeddable":true,"href":"https:\/\/temucotelevision.cl\/web\/wp-json\/wp\/v2\/media\/50977"}],"wp:attachment":[{"href":"https:\/\/temucotelevision.cl\/web\/wp-json\/wp\/v2\/media?parent=50976"}],"wp:term":[{"taxonomy":"category","embeddable":true,"href":"https:\/\/temucotelevision.cl\/web\/wp-json\/wp\/v2\/categories?post=50976"},{"taxonomy":"post_tag","embeddable":true,"href":"https:\/\/temucotelevision.cl\/web\/wp-json\/wp\/v2\/tags?post=50976"}],"curies":[{"name":"wp","href":"https:\/\/api.w.org\/{rel}","templated":true}]}}