{"id":50882,"date":"2024-06-23T18:38:06","date_gmt":"2024-06-23T21:38:06","guid":{"rendered":"https:\/\/temucotelevision.cl\/web\/?p=50882"},"modified":"2024-06-23T18:38:07","modified_gmt":"2024-06-23T21:38:07","slug":"vibrante-celebracion-del-we-tripantu-en-el-liceo-monsenor-guillermo-hartl","status":"publish","type":"post","link":"https:\/\/temucotelevision.cl\/web\/2024\/06\/23\/vibrante-celebracion-del-we-tripantu-en-el-liceo-monsenor-guillermo-hartl\/","title":{"rendered":"Vibrante celebraci\u00f3n del We Tripantu en el Liceo Monse\u00f1or Guillermo Hartl"},"content":{"rendered":"<div class=\"pvc_clear\"><\/div><p id=\"pvc_stats_50882\" class=\"pvc_stats total_only  \" data-element-id=\"50882\" style=\"\"><i class=\"pvc-stats-icon large\" aria-hidden=\"true\"><svg aria-hidden=\"true\" focusable=\"false\" data-prefix=\"far\" data-icon=\"chart-bar\" role=\"img\" xmlns=\"http:\/\/www.w3.org\/2000\/svg\" viewBox=\"0 0 512 512\" class=\"svg-inline--fa fa-chart-bar fa-w-16 fa-2x\"><path fill=\"currentColor\" d=\"M396.8 352h22.4c6.4 0 12.8-6.4 12.8-12.8V108.8c0-6.4-6.4-12.8-12.8-12.8h-22.4c-6.4 0-12.8 6.4-12.8 12.8v230.4c0 6.4 6.4 12.8 12.8 12.8zm-192 0h22.4c6.4 0 12.8-6.4 12.8-12.8V140.8c0-6.4-6.4-12.8-12.8-12.8h-22.4c-6.4 0-12.8 6.4-12.8 12.8v198.4c0 6.4 6.4 12.8 12.8 12.8zm96 0h22.4c6.4 0 12.8-6.4 12.8-12.8V204.8c0-6.4-6.4-12.8-12.8-12.8h-22.4c-6.4 0-12.8 6.4-12.8 12.8v134.4c0 6.4 6.4 12.8 12.8 12.8zM496 400H48V80c0-8.84-7.16-16-16-16H16C7.16 64 0 71.16 0 80v336c0 17.67 14.33 32 32 32h464c8.84 0 16-7.16 16-16v-16c0-8.84-7.16-16-16-16zm-387.2-48h22.4c6.4 0 12.8-6.4 12.8-12.8v-70.4c0-6.4-6.4-12.8-12.8-12.8h-22.4c-6.4 0-12.8 6.4-12.8 12.8v70.4c0 6.4 6.4 12.8 12.8 12.8z\" class=\"\"><\/path><\/svg><\/i> <img loading=\"lazy\" decoding=\"async\" width=\"16\" height=\"16\" alt=\"Loading\" src=\"https:\/\/temucotelevision.cl\/web\/wp-content\/plugins\/page-views-count\/ajax-loader-2x.gif\" border=0 \/><\/p><div class=\"pvc_clear\"><\/div>\n<p>Con la participaci\u00f3n de estudiantes, profesores e invitados especiales, el Liceo Bicentenario de Excelencia Monse\u00f1or Guillermo Hartl de Pitrufqu\u00e9n, celebr\u00f3 el We tripantu, la tradicional ceremonia mapuche que marca el solsticio de invierno y el inicio de un nuevo ciclo natural. Este evento, que destaca la cosmovisi\u00f3n del pueblo mapuche, reuni\u00f3 a la comunidad educativa en una jornada llena de cultura, arte y tradici\u00f3n.<\/p>\n\n\n\n<p><strong>Jos\u00e9 Salum Tom\u00e9, Director del establecimiento,<\/strong>&nbsp;manifest\u00f3 \u201c<em>En nuestro liceo contamos con un gran n\u00famero de estudiantes pertenecientes a la cultura Mapuche y el trabajo que realizamos est\u00e1 en concordancia con la preservaci\u00f3n y el respeto por las tradiciones vivas, especialmente en la regi\u00f3n de La Araucan\u00eda y en la comuna d Pitrufqu\u00e9n. Actividades como la de hoy, son muy importantes porque permiten mantener y fortalecer la cultura Mapuche entre nuestros estudiantes, el Wetripantu pasa a ser parte de nuestra identidad\u201d.<\/em><\/p>\n\n\n\n<p>Durante la celebraci\u00f3n, organizada por el Departamento de Historia del establecimiento, los asistentes disfrutaron de una variada muestra de la cultura Mapuche. La comida tradicional fue uno de los grandes protagonistas, permitiendo a los asistentes degustar platos t\u00edpicos y aprender sobre la gastronom\u00eda ancestral. Adem\u00e1s, se realizaron exposiciones sobre diversas actividades tradicionales como el tejido con pita, la plater\u00eda mapuche y el cultivo de plantas y \u00e1rboles, mostrando as\u00ed la conexi\u00f3n profunda de esta cultura con la naturaleza y sus ciclos.<\/p>\n\n\n\n<p>Una de las invitadas fue&nbsp;<strong>Rosa Huenchumil Qeupan, artesana tradicional de la comuna de Freire,<\/strong>&nbsp;quien particip\u00f3 y mostr\u00f3 el trabajo de las mujeres mapuche, se\u00f1al\u00f3: \u201c<em>Vine a mostrar mi trabajo en artesan\u00eda de lana de oveja, greda y ahora estamos haciendo canastillos de pita\u2026 celebramos el Wetripantu porque en la cosmovisi\u00f3n de nuestra cultura, es el renacer de la vida\u201d<\/em><\/p>\n\n\n\n<p><strong>Fernando Palma estudiante del liceo indic\u00f3<\/strong>:&nbsp;<em>\u201cEs una actividad muy interesante y entretenida, logramos ver actividades tradicionales de la cultura mapuche, y destaco la comida ancestral, disfrut\u00e9 unas ricas sopaipillas y una torta hecha con<\/em><em>pi\u00f1ones\u201d<\/em><\/p>\n\n\n\n<p>Uno de los momentos m\u00e1s destacados de la jornada fue la participaci\u00f3n activa de los estudiantes en talleres relacionados con la medicina tradicional mapuche. Los estudiantes tuvieron la oportunidad de preparar ung\u00fcentos y conocer m\u00e1s sobre las plantas medicinales utilizadas por este pueblo originario.<\/p>\n\n\n\n<p>El We tripantu, adem\u00e1s de ser una celebraci\u00f3n cultural y espiritual, destaca la profunda conexi\u00f3n del pueblo mapuche con el medio ambiente. Esta festividad es una oportunidad para renovar la relaci\u00f3n con la tierra, por lo que el Departamento de Ciencias del establecimiento decidi\u00f3 plantar \u00e1rboles y arbustos en el liceo. Esta acci\u00f3n refleja un v\u00ednculo con la naturaleza y un legado para las futuras generaciones.<\/p>\n\n\n\n<p>La ceremonia culmin\u00f3 con la premiaci\u00f3n de estudiantes que participaron del concurso de afiches y el reconocimiento a los participantes que contribuyeron a la realizaci\u00f3n de esta significativa actividad. El We tripantu no solo simboliza la llegada de un nuevo sol y el renacer de la naturaleza, sino tambi\u00e9n la uni\u00f3n y el respeto por las culturas originarias. Esta celebraci\u00f3n se enmarca en las actividades culturales del liceo, reafirmando su compromiso con la excelencia educativa y la valorizaci\u00f3n de la diversidad cultural.<\/p>\n","protected":false},"excerpt":{"rendered":"<div class=\"pvc_clear\"><\/div>\n<p id=\"pvc_stats_50882\" class=\"pvc_stats total_only  \" data-element-id=\"50882\" style=\"\"><i class=\"pvc-stats-icon large\" aria-hidden=\"true\"><svg aria-hidden=\"true\" focusable=\"false\" data-prefix=\"far\" data-icon=\"chart-bar\" role=\"img\" xmlns=\"http:\/\/www.w3.org\/2000\/svg\" viewBox=\"0 0 512 512\" class=\"svg-inline--fa fa-chart-bar fa-w-16 fa-2x\"><path fill=\"currentColor\" d=\"M396.8 352h22.4c6.4 0 12.8-6.4 12.8-12.8V108.8c0-6.4-6.4-12.8-12.8-12.8h-22.4c-6.4 0-12.8 6.4-12.8 12.8v230.4c0 6.4 6.4 12.8 12.8 12.8zm-192 0h22.4c6.4 0 12.8-6.4 12.8-12.8V140.8c0-6.4-6.4-12.8-12.8-12.8h-22.4c-6.4 0-12.8 6.4-12.8 12.8v198.4c0 6.4 6.4 12.8 12.8 12.8zm96 0h22.4c6.4 0 12.8-6.4 12.8-12.8V204.8c0-6.4-6.4-12.8-12.8-12.8h-22.4c-6.4 0-12.8 6.4-12.8 12.8v134.4c0 6.4 6.4 12.8 12.8 12.8zM496 400H48V80c0-8.84-7.16-16-16-16H16C7.16 64 0 71.16 0 80v336c0 17.67 14.33 32 32 32h464c8.84 0 16-7.16 16-16v-16c0-8.84-7.16-16-16-16zm-387.2-48h22.4c6.4 0 12.8-6.4 12.8-12.8v-70.4c0-6.4-6.4-12.8-12.8-12.8h-22.4c-6.4 0-12.8 6.4-12.8 12.8v70.4c0 6.4 6.4 12.8 12.8 12.8z\" class=\"\"><\/path><\/svg><\/i> <img loading=\"lazy\" decoding=\"async\" width=\"16\" height=\"16\" alt=\"Loading\" src=\"https:\/\/temucotelevision.cl\/web\/wp-content\/plugins\/page-views-count\/ajax-loader-2x.gif\" border=0 \/><\/p>\n<div class=\"pvc_clear\"><\/div>\n<p>Con la participaci\u00f3n de estudiantes, profesores e invitados especiales, el Liceo Bicentenario de Excelencia Monse\u00f1or Guillermo Hartl de Pitrufqu\u00e9n, celebr\u00f3<\/p>\n","protected":false},"author":1,"featured_media":50883,"comment_status":"open","ping_status":"open","sticky":false,"template":"","format":"standard","meta":{"colormag_page_container_layout":"default_layout","colormag_page_sidebar_layout":"default_layout","footnotes":""},"categories":[14],"tags":[6532],"class_list":["post-50882","post","type-post","status-publish","format-standard","has-post-thumbnail","hentry","category-temuco","tag-wetripantu"],"a3_pvc":{"activated":true,"total_views":739,"today_views":0},"_links":{"self":[{"href":"https:\/\/temucotelevision.cl\/web\/wp-json\/wp\/v2\/posts\/50882","targetHints":{"allow":["GET"]}}],"collection":[{"href":"https:\/\/temucotelevision.cl\/web\/wp-json\/wp\/v2\/posts"}],"about":[{"href":"https:\/\/temucotelevision.cl\/web\/wp-json\/wp\/v2\/types\/post"}],"author":[{"embeddable":true,"href":"https:\/\/temucotelevision.cl\/web\/wp-json\/wp\/v2\/users\/1"}],"replies":[{"embeddable":true,"href":"https:\/\/temucotelevision.cl\/web\/wp-json\/wp\/v2\/comments?post=50882"}],"version-history":[{"count":1,"href":"https:\/\/temucotelevision.cl\/web\/wp-json\/wp\/v2\/posts\/50882\/revisions"}],"predecessor-version":[{"id":50884,"href":"https:\/\/temucotelevision.cl\/web\/wp-json\/wp\/v2\/posts\/50882\/revisions\/50884"}],"wp:featuredmedia":[{"embeddable":true,"href":"https:\/\/temucotelevision.cl\/web\/wp-json\/wp\/v2\/media\/50883"}],"wp:attachment":[{"href":"https:\/\/temucotelevision.cl\/web\/wp-json\/wp\/v2\/media?parent=50882"}],"wp:term":[{"taxonomy":"category","embeddable":true,"href":"https:\/\/temucotelevision.cl\/web\/wp-json\/wp\/v2\/categories?post=50882"},{"taxonomy":"post_tag","embeddable":true,"href":"https:\/\/temucotelevision.cl\/web\/wp-json\/wp\/v2\/tags?post=50882"}],"curies":[{"name":"wp","href":"https:\/\/api.w.org\/{rel}","templated":true}]}}