{"id":50876,"date":"2024-06-22T22:16:23","date_gmt":"2024-06-23T01:16:23","guid":{"rendered":"https:\/\/temucotelevision.cl\/web\/?p=50876"},"modified":"2024-06-22T22:16:23","modified_gmt":"2024-06-23T01:16:23","slug":"operativo-de-busqueda-en-el-parque-villarrica-cuarta-jornada-sin-novedades","status":"publish","type":"post","link":"https:\/\/temucotelevision.cl\/web\/2024\/06\/22\/operativo-de-busqueda-en-el-parque-villarrica-cuarta-jornada-sin-novedades\/","title":{"rendered":"Operativo de b\u00fasqueda en el Parque Villarrica: cuarta jornada sin novedades"},"content":{"rendered":"<div class=\"pvc_clear\"><\/div><p id=\"pvc_stats_50876\" class=\"pvc_stats total_only  \" data-element-id=\"50876\" style=\"\"><i class=\"pvc-stats-icon large\" aria-hidden=\"true\"><svg aria-hidden=\"true\" focusable=\"false\" data-prefix=\"far\" data-icon=\"chart-bar\" role=\"img\" xmlns=\"http:\/\/www.w3.org\/2000\/svg\" viewBox=\"0 0 512 512\" class=\"svg-inline--fa fa-chart-bar fa-w-16 fa-2x\"><path fill=\"currentColor\" d=\"M396.8 352h22.4c6.4 0 12.8-6.4 12.8-12.8V108.8c0-6.4-6.4-12.8-12.8-12.8h-22.4c-6.4 0-12.8 6.4-12.8 12.8v230.4c0 6.4 6.4 12.8 12.8 12.8zm-192 0h22.4c6.4 0 12.8-6.4 12.8-12.8V140.8c0-6.4-6.4-12.8-12.8-12.8h-22.4c-6.4 0-12.8 6.4-12.8 12.8v198.4c0 6.4 6.4 12.8 12.8 12.8zm96 0h22.4c6.4 0 12.8-6.4 12.8-12.8V204.8c0-6.4-6.4-12.8-12.8-12.8h-22.4c-6.4 0-12.8 6.4-12.8 12.8v134.4c0 6.4 6.4 12.8 12.8 12.8zM496 400H48V80c0-8.84-7.16-16-16-16H16C7.16 64 0 71.16 0 80v336c0 17.67 14.33 32 32 32h464c8.84 0 16-7.16 16-16v-16c0-8.84-7.16-16-16-16zm-387.2-48h22.4c6.4 0 12.8-6.4 12.8-12.8v-70.4c0-6.4-6.4-12.8-12.8-12.8h-22.4c-6.4 0-12.8 6.4-12.8 12.8v70.4c0 6.4 6.4 12.8 12.8 12.8z\" class=\"\"><\/path><\/svg><\/i> <img loading=\"lazy\" decoding=\"async\" width=\"16\" height=\"16\" alt=\"Loading\" src=\"https:\/\/temucotelevision.cl\/web\/wp-content\/plugins\/page-views-count\/ajax-loader-2x.gif\" border=0 \/><\/p><div class=\"pvc_clear\"><\/div>\n<p>Lamentablemente, no hay novedades al cierre de la cuarta jornada de b\u00fasqueda en el Parque Villarrica. El administrador del parque, Felipe Ortega, nos ha proporcionado la informaci\u00f3n m\u00e1s reciente sobre la situaci\u00f3n en el d\u00eda de hoy.<\/p>\n\n\n\n<p><strong>Situaci\u00f3n Actual del Parque Villarrica<\/strong><\/p>\n\n\n\n<p>El parque se encuentra cerrado debido a las condiciones adversas y al operativo de b\u00fasqueda en curso. Claudio Moreno, de 46 a\u00f1os, es la persona desaparecida, y los equipos de rescate est\u00e1n trabajando sin descanso para localizarlo.<\/p>\n\n\n\n<p>Durante la jornada de hoy, una fuerte tormenta con nevadas ha complicado las labores de b\u00fasqueda, adem\u00e1s de haber causado una situaci\u00f3n complicada debido al colapso vehicular, con alrededor de 300 autom\u00f3viles que llegaron al sector refugio antiguo del volc\u00e1n. Esto ha a\u00f1adido un desaf\u00edo adicional para los equipos de emergencia.<\/p>\n\n\n\n<p><strong>Informaci\u00f3n del Administrador del Parque<\/strong><\/p>\n\n\n\n<p>El administrador de Conaf, Felipe Ortega, recalc\u00f3 que el parque permanece cerrado para garantizar la seguridad de los visitantes y facilitar las labores de b\u00fasqueda. Se han reforzado los equipos con personal especializado y se han incorporado nuevas tecnolog\u00edas para mejorar la eficacia del operativo.<\/p>\n\n\n\n<p>Ortega tambi\u00e9n hizo un llamado a la comunidad para que se mantenga informada a trav\u00e9s de los canales oficiales y evite difundir rumores que puedan entorpecer las labores de b\u00fasqueda.<\/p>\n\n\n\n<div class=\"wp-block-media-text is-stacked-on-mobile\" style=\"grid-template-columns:24% auto\"><figure class=\"wp-block-media-text__media\"><img loading=\"lazy\" decoding=\"async\" width=\"577\" height=\"1000\" src=\"https:\/\/temucotelevision.cl\/web\/wp-content\/uploads\/2024\/06\/Busqueda-Desaparecido2-577x1000.jpg\" alt=\"\" class=\"wp-image-50878 size-full\" srcset=\"https:\/\/temucotelevision.cl\/web\/wp-content\/uploads\/2024\/06\/Busqueda-Desaparecido2-577x1000.jpg 577w, https:\/\/temucotelevision.cl\/web\/wp-content\/uploads\/2024\/06\/Busqueda-Desaparecido2-768x1331.jpg 768w, https:\/\/temucotelevision.cl\/web\/wp-content\/uploads\/2024\/06\/Busqueda-Desaparecido2-886x1536.jpg 886w, https:\/\/temucotelevision.cl\/web\/wp-content\/uploads\/2024\/06\/Busqueda-Desaparecido2.jpg 1125w\" sizes=\"auto, (max-width: 577px) 100vw, 577px\" \/><\/figure><div class=\"wp-block-media-text__content\">\n<p>A pesar de las dificultades, las autoridades locales y el personal del parque siguen comprometidos con la operaci\u00f3n, y se agradece la colaboraci\u00f3n y el apoyo de todos los involucrados.<\/p>\n\n\n\n<p>Continuaremos informando sobre cualquier novedad en este importante operativo de b\u00fasqueda en el Parque Villarrica.<\/p>\n<\/div><\/div>\n\n\n\n<figure class=\"wp-block-audio\"><audio controls src=\"https:\/\/temucotelevision.cl\/web\/wp-content\/uploads\/2024\/06\/Felipe-Ortega.mp3\"><\/audio><\/figure>\n","protected":false},"excerpt":{"rendered":"<div class=\"pvc_clear\"><\/div>\n<p id=\"pvc_stats_50876\" class=\"pvc_stats total_only  \" data-element-id=\"50876\" style=\"\"><i class=\"pvc-stats-icon large\" aria-hidden=\"true\"><svg aria-hidden=\"true\" focusable=\"false\" data-prefix=\"far\" data-icon=\"chart-bar\" role=\"img\" xmlns=\"http:\/\/www.w3.org\/2000\/svg\" viewBox=\"0 0 512 512\" class=\"svg-inline--fa fa-chart-bar fa-w-16 fa-2x\"><path fill=\"currentColor\" d=\"M396.8 352h22.4c6.4 0 12.8-6.4 12.8-12.8V108.8c0-6.4-6.4-12.8-12.8-12.8h-22.4c-6.4 0-12.8 6.4-12.8 12.8v230.4c0 6.4 6.4 12.8 12.8 12.8zm-192 0h22.4c6.4 0 12.8-6.4 12.8-12.8V140.8c0-6.4-6.4-12.8-12.8-12.8h-22.4c-6.4 0-12.8 6.4-12.8 12.8v198.4c0 6.4 6.4 12.8 12.8 12.8zm96 0h22.4c6.4 0 12.8-6.4 12.8-12.8V204.8c0-6.4-6.4-12.8-12.8-12.8h-22.4c-6.4 0-12.8 6.4-12.8 12.8v134.4c0 6.4 6.4 12.8 12.8 12.8zM496 400H48V80c0-8.84-7.16-16-16-16H16C7.16 64 0 71.16 0 80v336c0 17.67 14.33 32 32 32h464c8.84 0 16-7.16 16-16v-16c0-8.84-7.16-16-16-16zm-387.2-48h22.4c6.4 0 12.8-6.4 12.8-12.8v-70.4c0-6.4-6.4-12.8-12.8-12.8h-22.4c-6.4 0-12.8 6.4-12.8 12.8v70.4c0 6.4 6.4 12.8 12.8 12.8z\" class=\"\"><\/path><\/svg><\/i> <img loading=\"lazy\" decoding=\"async\" width=\"16\" height=\"16\" alt=\"Loading\" src=\"https:\/\/temucotelevision.cl\/web\/wp-content\/plugins\/page-views-count\/ajax-loader-2x.gif\" border=0 \/><\/p>\n<div class=\"pvc_clear\"><\/div>\n<p>Lamentablemente, no hay novedades al cierre de la cuarta jornada de b\u00fasqueda en el Parque Villarrica. El administrador del parque,<\/p>\n","protected":false},"author":1,"featured_media":50877,"comment_status":"open","ping_status":"open","sticky":false,"template":"","format":"standard","meta":{"colormag_page_container_layout":"default_layout","colormag_page_sidebar_layout":"default_layout","footnotes":""},"categories":[15],"tags":[425,5869],"class_list":["post-50876","post","type-post","status-publish","format-standard","has-post-thumbnail","hentry","category-la-araucania","tag-conaf","tag-desaparecido"],"a3_pvc":{"activated":true,"total_views":4428,"today_views":0},"_links":{"self":[{"href":"https:\/\/temucotelevision.cl\/web\/wp-json\/wp\/v2\/posts\/50876","targetHints":{"allow":["GET"]}}],"collection":[{"href":"https:\/\/temucotelevision.cl\/web\/wp-json\/wp\/v2\/posts"}],"about":[{"href":"https:\/\/temucotelevision.cl\/web\/wp-json\/wp\/v2\/types\/post"}],"author":[{"embeddable":true,"href":"https:\/\/temucotelevision.cl\/web\/wp-json\/wp\/v2\/users\/1"}],"replies":[{"embeddable":true,"href":"https:\/\/temucotelevision.cl\/web\/wp-json\/wp\/v2\/comments?post=50876"}],"version-history":[{"count":1,"href":"https:\/\/temucotelevision.cl\/web\/wp-json\/wp\/v2\/posts\/50876\/revisions"}],"predecessor-version":[{"id":50880,"href":"https:\/\/temucotelevision.cl\/web\/wp-json\/wp\/v2\/posts\/50876\/revisions\/50880"}],"wp:featuredmedia":[{"embeddable":true,"href":"https:\/\/temucotelevision.cl\/web\/wp-json\/wp\/v2\/media\/50877"}],"wp:attachment":[{"href":"https:\/\/temucotelevision.cl\/web\/wp-json\/wp\/v2\/media?parent=50876"}],"wp:term":[{"taxonomy":"category","embeddable":true,"href":"https:\/\/temucotelevision.cl\/web\/wp-json\/wp\/v2\/categories?post=50876"},{"taxonomy":"post_tag","embeddable":true,"href":"https:\/\/temucotelevision.cl\/web\/wp-json\/wp\/v2\/tags?post=50876"}],"curies":[{"name":"wp","href":"https:\/\/api.w.org\/{rel}","templated":true}]}}