{"id":50868,"date":"2024-06-21T22:08:26","date_gmt":"2024-06-22T01:08:26","guid":{"rendered":"https:\/\/temucotelevision.cl\/web\/?p=50868"},"modified":"2024-06-21T22:08:26","modified_gmt":"2024-06-22T01:08:26","slug":"diputado-alessandri-y-polemica-por-acusaciones-de-narcopolitica-toha-debe-acostumbrarse-al-estilo-matthei","status":"publish","type":"post","link":"https:\/\/temucotelevision.cl\/web\/2024\/06\/21\/diputado-alessandri-y-polemica-por-acusaciones-de-narcopolitica-toha-debe-acostumbrarse-al-estilo-matthei\/","title":{"rendered":"Diputado Alessandri y pol\u00e9mica por acusaciones de narcopol\u00edtica: \u201cToh\u00e1 debe acostumbrarse al estilo Matthei\u201d"},"content":{"rendered":"<div class=\"pvc_clear\"><\/div><p id=\"pvc_stats_50868\" class=\"pvc_stats total_only  \" data-element-id=\"50868\" style=\"\"><i class=\"pvc-stats-icon large\" aria-hidden=\"true\"><svg aria-hidden=\"true\" focusable=\"false\" data-prefix=\"far\" data-icon=\"chart-bar\" role=\"img\" xmlns=\"http:\/\/www.w3.org\/2000\/svg\" viewBox=\"0 0 512 512\" class=\"svg-inline--fa fa-chart-bar fa-w-16 fa-2x\"><path fill=\"currentColor\" d=\"M396.8 352h22.4c6.4 0 12.8-6.4 12.8-12.8V108.8c0-6.4-6.4-12.8-12.8-12.8h-22.4c-6.4 0-12.8 6.4-12.8 12.8v230.4c0 6.4 6.4 12.8 12.8 12.8zm-192 0h22.4c6.4 0 12.8-6.4 12.8-12.8V140.8c0-6.4-6.4-12.8-12.8-12.8h-22.4c-6.4 0-12.8 6.4-12.8 12.8v198.4c0 6.4 6.4 12.8 12.8 12.8zm96 0h22.4c6.4 0 12.8-6.4 12.8-12.8V204.8c0-6.4-6.4-12.8-12.8-12.8h-22.4c-6.4 0-12.8 6.4-12.8 12.8v134.4c0 6.4 6.4 12.8 12.8 12.8zM496 400H48V80c0-8.84-7.16-16-16-16H16C7.16 64 0 71.16 0 80v336c0 17.67 14.33 32 32 32h464c8.84 0 16-7.16 16-16v-16c0-8.84-7.16-16-16-16zm-387.2-48h22.4c6.4 0 12.8-6.4 12.8-12.8v-70.4c0-6.4-6.4-12.8-12.8-12.8h-22.4c-6.4 0-12.8 6.4-12.8 12.8v70.4c0 6.4 6.4 12.8 12.8 12.8z\" class=\"\"><\/path><\/svg><\/i> <img loading=\"lazy\" decoding=\"async\" width=\"16\" height=\"16\" alt=\"Loading\" src=\"https:\/\/temucotelevision.cl\/web\/wp-content\/plugins\/page-views-count\/ajax-loader-2x.gif\" border=0 \/><\/p><div class=\"pvc_clear\"><\/div>\n<p>Este viernes, la ministra del Interior, Carolina Toh\u00e1, se refiri\u00f3 a las acusaciones realizadas por la alcaldesa de Providencia respecto al financiamiento de la pol\u00edtica por parte del narcotr\u00e1fico, y se\u00f1al\u00f3 que \u201cojal\u00e1 no sea el estilo con que se piensa enfrentar los debates pol\u00edticos\u201d.<\/p>\n\n\n\n<p>Al respecto, el diputado UDI, Jorge Alessandri, asegur\u00f3 que \u201cyo le dir\u00eda a la ministra Toh\u00e1 que se prepare para el estilo Matthei, porque el estilo Matthei es decir la verdad, es no evadir ning\u00fan tema, y si esto requiere ser confrontacional, as\u00ed va a ser. No por una cuesti\u00f3n pol\u00edtica, sino porque los problemas son urgentes y se deben resolver\u201d.<\/p>\n\n\n\n<p>\u201cLa pol\u00edtica de barrer bajo la alfombra no es el estilo Matthei. El estilo Matthei al que se tiene que acostumbrar no solo Carolina Toh\u00e1, sino que todo el gobierno, es a enfrentar los temas y no tapar la realidad\u201d, afirm\u00f3.<\/p>\n\n\n\n<p>Asimismo, el diputado Alessandri, cuestion\u00f3 que sorprendiera en el oficialismo la informaci\u00f3n entregada por la alcaldesa, y se\u00f1al\u00f3 que \u201c\u00bfde verdad la ministra a cargo de la seguridad p\u00fablica del pa\u00eds no sab\u00eda que el narcotr\u00e1fico entr\u00f3 a la casa de la pol\u00edtica? \u00bfNo ley\u00f3 la informaci\u00f3n de la Municipalidad de San Ram\u00f3n, que ten\u00eda a presos contratados, a narcos contratados, y exist\u00eda toda una red para sacarle dinero al municipio, pero tambi\u00e9n para proteger a estas redes del narcotr\u00e1fico? No lo digo yo, lo denunci\u00f3 la misma alcaldesa de La Pintana, que apoya al gobierno, c\u00f3mo la persiguen desde la red de San Ram\u00f3n\u201d.<\/p>\n\n\n\n<p>El parlamentario agreg\u00f3 que \u201csi 17 millones de chilenos nos enteramos que el narco lleg\u00f3 a la casa de la pol\u00edtica y la ministra del Interior no sab\u00eda, estamos en un grave problema\u201d.<\/p>\n","protected":false},"excerpt":{"rendered":"<div class=\"pvc_clear\"><\/div>\n<p id=\"pvc_stats_50868\" class=\"pvc_stats total_only  \" data-element-id=\"50868\" style=\"\"><i class=\"pvc-stats-icon large\" aria-hidden=\"true\"><svg aria-hidden=\"true\" focusable=\"false\" data-prefix=\"far\" data-icon=\"chart-bar\" role=\"img\" xmlns=\"http:\/\/www.w3.org\/2000\/svg\" viewBox=\"0 0 512 512\" class=\"svg-inline--fa fa-chart-bar fa-w-16 fa-2x\"><path fill=\"currentColor\" d=\"M396.8 352h22.4c6.4 0 12.8-6.4 12.8-12.8V108.8c0-6.4-6.4-12.8-12.8-12.8h-22.4c-6.4 0-12.8 6.4-12.8 12.8v230.4c0 6.4 6.4 12.8 12.8 12.8zm-192 0h22.4c6.4 0 12.8-6.4 12.8-12.8V140.8c0-6.4-6.4-12.8-12.8-12.8h-22.4c-6.4 0-12.8 6.4-12.8 12.8v198.4c0 6.4 6.4 12.8 12.8 12.8zm96 0h22.4c6.4 0 12.8-6.4 12.8-12.8V204.8c0-6.4-6.4-12.8-12.8-12.8h-22.4c-6.4 0-12.8 6.4-12.8 12.8v134.4c0 6.4 6.4 12.8 12.8 12.8zM496 400H48V80c0-8.84-7.16-16-16-16H16C7.16 64 0 71.16 0 80v336c0 17.67 14.33 32 32 32h464c8.84 0 16-7.16 16-16v-16c0-8.84-7.16-16-16-16zm-387.2-48h22.4c6.4 0 12.8-6.4 12.8-12.8v-70.4c0-6.4-6.4-12.8-12.8-12.8h-22.4c-6.4 0-12.8 6.4-12.8 12.8v70.4c0 6.4 6.4 12.8 12.8 12.8z\" class=\"\"><\/path><\/svg><\/i> <img loading=\"lazy\" decoding=\"async\" width=\"16\" height=\"16\" alt=\"Loading\" src=\"https:\/\/temucotelevision.cl\/web\/wp-content\/plugins\/page-views-count\/ajax-loader-2x.gif\" border=0 \/><\/p>\n<div class=\"pvc_clear\"><\/div>\n<p>Este viernes, la ministra del Interior, Carolina Toh\u00e1, se refiri\u00f3 a las acusaciones realizadas por la alcaldesa de Providencia respecto<\/p>\n","protected":false},"author":1,"featured_media":46696,"comment_status":"open","ping_status":"open","sticky":false,"template":"","format":"standard","meta":{"colormag_page_container_layout":"default_layout","colormag_page_sidebar_layout":"default_layout","footnotes":""},"categories":[84],"tags":[154],"class_list":["post-50868","post","type-post","status-publish","format-standard","has-post-thumbnail","hentry","category-politica","tag-diputado"],"a3_pvc":{"activated":true,"total_views":995,"today_views":0},"_links":{"self":[{"href":"https:\/\/temucotelevision.cl\/web\/wp-json\/wp\/v2\/posts\/50868","targetHints":{"allow":["GET"]}}],"collection":[{"href":"https:\/\/temucotelevision.cl\/web\/wp-json\/wp\/v2\/posts"}],"about":[{"href":"https:\/\/temucotelevision.cl\/web\/wp-json\/wp\/v2\/types\/post"}],"author":[{"embeddable":true,"href":"https:\/\/temucotelevision.cl\/web\/wp-json\/wp\/v2\/users\/1"}],"replies":[{"embeddable":true,"href":"https:\/\/temucotelevision.cl\/web\/wp-json\/wp\/v2\/comments?post=50868"}],"version-history":[{"count":1,"href":"https:\/\/temucotelevision.cl\/web\/wp-json\/wp\/v2\/posts\/50868\/revisions"}],"predecessor-version":[{"id":50869,"href":"https:\/\/temucotelevision.cl\/web\/wp-json\/wp\/v2\/posts\/50868\/revisions\/50869"}],"wp:featuredmedia":[{"embeddable":true,"href":"https:\/\/temucotelevision.cl\/web\/wp-json\/wp\/v2\/media\/46696"}],"wp:attachment":[{"href":"https:\/\/temucotelevision.cl\/web\/wp-json\/wp\/v2\/media?parent=50868"}],"wp:term":[{"taxonomy":"category","embeddable":true,"href":"https:\/\/temucotelevision.cl\/web\/wp-json\/wp\/v2\/categories?post=50868"},{"taxonomy":"post_tag","embeddable":true,"href":"https:\/\/temucotelevision.cl\/web\/wp-json\/wp\/v2\/tags?post=50868"}],"curies":[{"name":"wp","href":"https:\/\/api.w.org\/{rel}","templated":true}]}}