{"id":50865,"date":"2024-06-21T18:29:52","date_gmt":"2024-06-21T21:29:52","guid":{"rendered":"https:\/\/temucotelevision.cl\/web\/?p=50865"},"modified":"2024-06-21T18:29:53","modified_gmt":"2024-06-21T21:29:53","slug":"este-domingo-en-temuco-ciclistas-preparan-los-pedales-para-darlo-todo-en-la-6-fecha-de-la-copa-chile-ciclocross-2024","status":"publish","type":"post","link":"https:\/\/temucotelevision.cl\/web\/2024\/06\/21\/este-domingo-en-temuco-ciclistas-preparan-los-pedales-para-darlo-todo-en-la-6-fecha-de-la-copa-chile-ciclocross-2024\/","title":{"rendered":"Este domingo en Temuco: Ciclistas preparan los pedales para darlo todo en la 6\u00b0 fecha de la Copa Chile Ciclocross 2024"},"content":{"rendered":"<div class=\"pvc_clear\"><\/div><p id=\"pvc_stats_50865\" class=\"pvc_stats total_only  \" data-element-id=\"50865\" style=\"\"><i class=\"pvc-stats-icon large\" aria-hidden=\"true\"><svg aria-hidden=\"true\" focusable=\"false\" data-prefix=\"far\" data-icon=\"chart-bar\" role=\"img\" xmlns=\"http:\/\/www.w3.org\/2000\/svg\" viewBox=\"0 0 512 512\" class=\"svg-inline--fa fa-chart-bar fa-w-16 fa-2x\"><path fill=\"currentColor\" d=\"M396.8 352h22.4c6.4 0 12.8-6.4 12.8-12.8V108.8c0-6.4-6.4-12.8-12.8-12.8h-22.4c-6.4 0-12.8 6.4-12.8 12.8v230.4c0 6.4 6.4 12.8 12.8 12.8zm-192 0h22.4c6.4 0 12.8-6.4 12.8-12.8V140.8c0-6.4-6.4-12.8-12.8-12.8h-22.4c-6.4 0-12.8 6.4-12.8 12.8v198.4c0 6.4 6.4 12.8 12.8 12.8zm96 0h22.4c6.4 0 12.8-6.4 12.8-12.8V204.8c0-6.4-6.4-12.8-12.8-12.8h-22.4c-6.4 0-12.8 6.4-12.8 12.8v134.4c0 6.4 6.4 12.8 12.8 12.8zM496 400H48V80c0-8.84-7.16-16-16-16H16C7.16 64 0 71.16 0 80v336c0 17.67 14.33 32 32 32h464c8.84 0 16-7.16 16-16v-16c0-8.84-7.16-16-16-16zm-387.2-48h22.4c6.4 0 12.8-6.4 12.8-12.8v-70.4c0-6.4-6.4-12.8-12.8-12.8h-22.4c-6.4 0-12.8 6.4-12.8 12.8v70.4c0 6.4 6.4 12.8 12.8 12.8z\" class=\"\"><\/path><\/svg><\/i> <img loading=\"lazy\" decoding=\"async\" width=\"16\" height=\"16\" alt=\"Loading\" src=\"https:\/\/temucotelevision.cl\/web\/wp-content\/plugins\/page-views-count\/ajax-loader-2x.gif\" border=0 \/><\/p><div class=\"pvc_clear\"><\/div>\n<ul class=\"wp-block-list\">\n<li><em>Los atractivos del Parque CMPC Pumalal, de acuerdo al organizador del evento, son el dinamismo que tiene el terreno y la posibilidad de que puede verse desde cualquier \u00e1ngulo del terreno\u201d.\u00a0<\/em><\/li>\n\n\n\n<li><em>Las inscripciones contin\u00faan abiertas en todas las categor\u00edas, y pueden participar desde ni\u00f1os de seis a\u00f1os hasta adultos mayores.\u00a0<\/em><\/li>\n<\/ul>\n\n\n\n<p>Decenas de pedaleros se reunir\u00e1n este domingo en el Parque CMPC Pumalal de Temuco, Regi\u00f3n de La Araucan\u00eda, ya que ser\u00e1 el escenario principal donde se desarrollar\u00e1 la sexta fecha de la Copa Chile Ciclocross 2024, torneo que cuenta con el patrocinio de la Federaci\u00f3n Nacional de Ciclismo de Chile.<\/p>\n\n\n\n<p>La Copa CX es organizada por clubes deportivos y agrupaciones ciclistas para promover el ciclocross en el pa\u00eds. Esta es la tercera edici\u00f3n y cuenta con 10 fechas en cuatro regiones, siendo el \u00fanico torneo de ciclocross en Latinoam\u00e9rica. El objetivo es consolidar esta modalidad de ciclismo interdisciplinaria, inclusiva y familiar, atrayendo a nuevos p\u00fablicos y practicantes. Principalmente, se realiza en invierno y combina diversas habilidades de la especialidad, incluyendo trote y manejo de la bicicleta en diferentes terrenos.<\/p>\n\n\n\n<p>El torneo cuenta con distintas categor\u00edas de acuerdo a la edad y experiencia de los participantes: Formativas (desde los 6 hasta los 39 a\u00f1os), aficionados (desde los 23 a\u00f1os) y profesionales (desde los 19 a\u00f1os). La actividad iniciar\u00e1 a las 8 de la ma\u00f1ana con la entrega de kits para los ciclistas, mientras la primera largada se proyecta a las 9:50 horas. Las inscripciones contin\u00faan abiertas, en todas las categor\u00edas, en el sitio web&nbsp;<a href=\"https:\/\/welcu.com\/team-plussportcl\/copa-chile-cx-2024-6ta-fecha-temuco\">https:\/\/welcu.com\/team-plussportcl\/copa-chile-cx-2024-6ta-fecha-temuco<\/a>.<\/p>\n\n\n\n<p>\u201cEl ciclocross es como un punto de encuentro entre distintas disciplinas de lo que es el ciclismo, es una gran escuela para perfeccionar las distintas habilidades sobre la bicicleta y tambi\u00e9n puede ser una forma divertida y segura de iniciarse en el ciclismo competitivo, ya que los circuitos no conllevan grandes dificultades\u201d, se\u00f1al\u00f3 Gabriel Rom\u00e1n, integrante del equipo organizador PlusSport.&nbsp;<\/p>\n\n\n\n<p>Lo atractivo del circuito, comenta Gabriel, es el parque CMPC Pumalal, ya que es un lugar din\u00e1mico para realizar este deporte: \u201cTiene obst\u00e1culos, escaleras, barro. Es un circuito acotado, de 2 kil\u00f3metros aproximadamente, por lo tanto es una carrera m\u00e1s intensa. El p\u00fablico puede verlo desde cualquier punto, entonces las familias y amigos tienen la posibilidad de animar a los corredores desde cualquier lugar\u201d.<\/p>\n\n\n\n<p>Juan Pablo Fuentes, subgerente de Relacionamiento Sur de CMPC, indic\u00f3 que esta jornada deportiva en el Parque CMPC Pumalal refleja el compromiso de la empresa con la promoci\u00f3n de la vida activa y el contacto con la naturaleza en La Araucan\u00eda: \u201cEn CMPC estamos firmemente comprometidos con el fomento del deporte y con el uso sostenible y sustentable de nuestros parques, donde conviven bosques productivos y nativos. Es por eso que ponemos a disposici\u00f3n de la comunidad la red Bosque Vivo para la realizaci\u00f3n de eventos deportivos que promuevan un estilo de vida activo y saludable en armon\u00eda con la naturaleza. Estamos convencidos de que, juntos, podemos construir espacios donde el deporte y la conservaci\u00f3n del medio ambiente se complementen y potencien mutuamente&#8221;, declar\u00f3 Fuentes.<\/p>\n\n\n\n<p>Las pr\u00f3ximas fechas del campeonato se desarrollar\u00e1n entre agosto y septiembre en la regi\u00f3n Metropolitana, mientras el campeonato nacional se realizar\u00e1 el 8 de septiembre en Talca, regi\u00f3n del Maule.<\/p>\n","protected":false},"excerpt":{"rendered":"<div class=\"pvc_clear\"><\/div>\n<p id=\"pvc_stats_50865\" class=\"pvc_stats total_only  \" data-element-id=\"50865\" style=\"\"><i class=\"pvc-stats-icon large\" aria-hidden=\"true\"><svg aria-hidden=\"true\" focusable=\"false\" data-prefix=\"far\" data-icon=\"chart-bar\" role=\"img\" xmlns=\"http:\/\/www.w3.org\/2000\/svg\" viewBox=\"0 0 512 512\" class=\"svg-inline--fa fa-chart-bar fa-w-16 fa-2x\"><path fill=\"currentColor\" d=\"M396.8 352h22.4c6.4 0 12.8-6.4 12.8-12.8V108.8c0-6.4-6.4-12.8-12.8-12.8h-22.4c-6.4 0-12.8 6.4-12.8 12.8v230.4c0 6.4 6.4 12.8 12.8 12.8zm-192 0h22.4c6.4 0 12.8-6.4 12.8-12.8V140.8c0-6.4-6.4-12.8-12.8-12.8h-22.4c-6.4 0-12.8 6.4-12.8 12.8v198.4c0 6.4 6.4 12.8 12.8 12.8zm96 0h22.4c6.4 0 12.8-6.4 12.8-12.8V204.8c0-6.4-6.4-12.8-12.8-12.8h-22.4c-6.4 0-12.8 6.4-12.8 12.8v134.4c0 6.4 6.4 12.8 12.8 12.8zM496 400H48V80c0-8.84-7.16-16-16-16H16C7.16 64 0 71.16 0 80v336c0 17.67 14.33 32 32 32h464c8.84 0 16-7.16 16-16v-16c0-8.84-7.16-16-16-16zm-387.2-48h22.4c6.4 0 12.8-6.4 12.8-12.8v-70.4c0-6.4-6.4-12.8-12.8-12.8h-22.4c-6.4 0-12.8 6.4-12.8 12.8v70.4c0 6.4 6.4 12.8 12.8 12.8z\" class=\"\"><\/path><\/svg><\/i> <img loading=\"lazy\" decoding=\"async\" width=\"16\" height=\"16\" alt=\"Loading\" src=\"https:\/\/temucotelevision.cl\/web\/wp-content\/plugins\/page-views-count\/ajax-loader-2x.gif\" border=0 \/><\/p>\n<div class=\"pvc_clear\"><\/div>\n<p>Decenas de pedaleros se reunir\u00e1n este domingo en el Parque CMPC Pumalal de Temuco, Regi\u00f3n de La Araucan\u00eda, ya que<\/p>\n","protected":false},"author":1,"featured_media":50866,"comment_status":"open","ping_status":"open","sticky":false,"template":"","format":"standard","meta":{"colormag_page_container_layout":"default_layout","colormag_page_sidebar_layout":"default_layout","footnotes":""},"categories":[86],"tags":[4054],"class_list":["post-50865","post","type-post","status-publish","format-standard","has-post-thumbnail","hentry","category-panoramas","tag-ciclistas"],"a3_pvc":{"activated":true,"total_views":1091,"today_views":0},"_links":{"self":[{"href":"https:\/\/temucotelevision.cl\/web\/wp-json\/wp\/v2\/posts\/50865","targetHints":{"allow":["GET"]}}],"collection":[{"href":"https:\/\/temucotelevision.cl\/web\/wp-json\/wp\/v2\/posts"}],"about":[{"href":"https:\/\/temucotelevision.cl\/web\/wp-json\/wp\/v2\/types\/post"}],"author":[{"embeddable":true,"href":"https:\/\/temucotelevision.cl\/web\/wp-json\/wp\/v2\/users\/1"}],"replies":[{"embeddable":true,"href":"https:\/\/temucotelevision.cl\/web\/wp-json\/wp\/v2\/comments?post=50865"}],"version-history":[{"count":1,"href":"https:\/\/temucotelevision.cl\/web\/wp-json\/wp\/v2\/posts\/50865\/revisions"}],"predecessor-version":[{"id":50867,"href":"https:\/\/temucotelevision.cl\/web\/wp-json\/wp\/v2\/posts\/50865\/revisions\/50867"}],"wp:featuredmedia":[{"embeddable":true,"href":"https:\/\/temucotelevision.cl\/web\/wp-json\/wp\/v2\/media\/50866"}],"wp:attachment":[{"href":"https:\/\/temucotelevision.cl\/web\/wp-json\/wp\/v2\/media?parent=50865"}],"wp:term":[{"taxonomy":"category","embeddable":true,"href":"https:\/\/temucotelevision.cl\/web\/wp-json\/wp\/v2\/categories?post=50865"},{"taxonomy":"post_tag","embeddable":true,"href":"https:\/\/temucotelevision.cl\/web\/wp-json\/wp\/v2\/tags?post=50865"}],"curies":[{"name":"wp","href":"https:\/\/api.w.org\/{rel}","templated":true}]}}