{"id":50862,"date":"2024-06-21T18:08:02","date_gmt":"2024-06-21T21:08:02","guid":{"rendered":"https:\/\/temucotelevision.cl\/web\/?p=50862"},"modified":"2024-06-21T18:08:03","modified_gmt":"2024-06-21T21:08:03","slug":"12-fueron-los-ganadores-de-la-araucania-en-el-concurso-historias-de-nuestra-tierra","status":"publish","type":"post","link":"https:\/\/temucotelevision.cl\/web\/2024\/06\/21\/12-fueron-los-ganadores-de-la-araucania-en-el-concurso-historias-de-nuestra-tierra\/","title":{"rendered":"12 fueron los ganadores de La Araucan\u00eda en el concurso Historias de Nuestra Tierra"},"content":{"rendered":"<div class=\"pvc_clear\"><\/div><p id=\"pvc_stats_50862\" class=\"pvc_stats total_only  \" data-element-id=\"50862\" style=\"\"><i class=\"pvc-stats-icon large\" aria-hidden=\"true\"><svg aria-hidden=\"true\" focusable=\"false\" data-prefix=\"far\" data-icon=\"chart-bar\" role=\"img\" xmlns=\"http:\/\/www.w3.org\/2000\/svg\" viewBox=\"0 0 512 512\" class=\"svg-inline--fa fa-chart-bar fa-w-16 fa-2x\"><path fill=\"currentColor\" d=\"M396.8 352h22.4c6.4 0 12.8-6.4 12.8-12.8V108.8c0-6.4-6.4-12.8-12.8-12.8h-22.4c-6.4 0-12.8 6.4-12.8 12.8v230.4c0 6.4 6.4 12.8 12.8 12.8zm-192 0h22.4c6.4 0 12.8-6.4 12.8-12.8V140.8c0-6.4-6.4-12.8-12.8-12.8h-22.4c-6.4 0-12.8 6.4-12.8 12.8v198.4c0 6.4 6.4 12.8 12.8 12.8zm96 0h22.4c6.4 0 12.8-6.4 12.8-12.8V204.8c0-6.4-6.4-12.8-12.8-12.8h-22.4c-6.4 0-12.8 6.4-12.8 12.8v134.4c0 6.4 6.4 12.8 12.8 12.8zM496 400H48V80c0-8.84-7.16-16-16-16H16C7.16 64 0 71.16 0 80v336c0 17.67 14.33 32 32 32h464c8.84 0 16-7.16 16-16v-16c0-8.84-7.16-16-16-16zm-387.2-48h22.4c6.4 0 12.8-6.4 12.8-12.8v-70.4c0-6.4-6.4-12.8-12.8-12.8h-22.4c-6.4 0-12.8 6.4-12.8 12.8v70.4c0 6.4 6.4 12.8 12.8 12.8z\" class=\"\"><\/path><\/svg><\/i> <img loading=\"lazy\" decoding=\"async\" width=\"16\" height=\"16\" alt=\"Loading\" src=\"https:\/\/temucotelevision.cl\/web\/wp-content\/plugins\/page-views-count\/ajax-loader-2x.gif\" border=0 \/><\/p><div class=\"pvc_clear\"><\/div>\n<p><em>Los premiados regionales fueron de las categor\u00edas cuento y poes\u00eda. Las inscripciones para participar en la versi\u00f3n 2024 siguen abiertas y los premios llegan hasta los $500 mil.<\/em><\/p>\n\n\n\n<p>En la Biblioteca Municipal Galo Sep\u00falveda de Temuco, se realiz\u00f3 la premiaci\u00f3n del concurso Historias de Nuestra Tierra versi\u00f3n 2023. 12 fueron los ganadores de distintas comunas de La Araucan\u00eda en las categor\u00edas de Cuento para menores de 14 a\u00f1os, poes\u00eda j\u00f3venes y adultos y cuentos escritos por mayores de 14 a\u00f1os. La ceremonia fue presidida por el seremi de Agricultura H\u00e9ctor Cumilaf y el encargado del Departamento de Culturas y Bibliotecas Municipales de Temuco, Rodrigo Hiriarte.<\/p>\n\n\n\n<p>\u201cEste concurso busca relevar y destacar el mundo rural, el mundo campesino, que es tan rico en historias y leyendas, que finalmente tiene una importancia fundamental en preservar la memoria tradicional de la cultura de nuestro pa\u00eds. Por lo tanto, para nosotros es esencial empujar como Ministerio que las personas pueda expresar ese mundo, esa vida que existe en nuestros campos\u201d, estim\u00f3 el seremi de Agricultura H\u00e9ctor Cumilaf.<\/p>\n\n\n\n<p><strong>Ganadores&nbsp;<\/strong><\/p>\n\n\n\n<p>En la ocasi\u00f3n fueron premiados en la categor\u00edas de Cuento para menores de 14 a\u00f1os: Agustina Morales, de la comuna de Padre Las Casas, autora del cuento: \u201cMaf\u00fan, Casamiento Mapuche\u201d, ella fue distinguida con el tercer lugar regional. Stefan\u00eda Ch\u00e1vez de Cholchol, autora del cuento: \u201cLa Desobediencia\u201d, ella fue distinguida con el segundo lugar regional. Francisco Cravero, de Nueva Imperial, autor del cuento: \u201cLas Expresiones del Mar\u201d, distinguido con el primer lugar regional. En la categor\u00eda poes\u00eda escrita por j\u00f3venes y adultos, obtuvieron reconocimientos: Ang\u00e9lica Beltr\u00e1n de la comuna de Temuco, autora del poema: \u201cVisitante Iridiscente\u201d, fue distinguida con una Menci\u00f3n Honrosa. Marlene Torres de la comuna de Galvarino, autora del poema: \u201cMis Ra\u00edces\u201d, fue distinguida con el tercer lugar regional.&nbsp; \u00c1lvaro San Mart\u00edn de Loncoche, autor del poema: \u201cTrova para el Buey\u201d, fue distinguido con el segundo lugar regional. Mario Valenzuela, de Cholchol autor del poema: \u201cLa Epopeya de Juan Meripil Poeta\u201d, distinguido con el primer lugar regional. Marianela Cayuqueo de la comuna de Temuco, autora del poema: \u201cDe P\u00e9talos y Sangre Somos\u201d, fue distinguida con el premio especial pueblos originarios.<\/p>\n\n\n\n<p>El ganador por tercer a\u00f1o consecutivo del primer lugar de la categor\u00eda cuento, Francisco Cravero, de Nueva Imperial, explic\u00f3 cu\u00e1ndo comenz\u00f3 a participar de este concurso, \u201cen 2021 nos lleg\u00f3 una invitaci\u00f3n para poder escribir en Historias de Nuestra Tierra. Entonces ah\u00ed aceptamos de inmediato y escrib\u00ed mi primer cuento. Se llamaba, El Pollito, ese cuento con el que gan\u00e9\u201d.<\/p>\n\n\n\n<p><strong>Historias&nbsp;<\/strong><\/p>\n\n\n\n<p>En otras categor\u00edas, como cuento para mayores de 14 a\u00f1os, tambi\u00e9n hubo ganadores regionales: Edita del Carmen P\u00e9rez, de Perquenco, autora del cuento: \u201cUna Disputa a Muerte\u201d, distinguida con el tercer lugar regional. &nbsp;Ximena Cayuqueo de la comuna de Temuco, autora del cuento: \u201cLas Tejitas Calientes\u201d, distinguida con el segundo lugar regional. An\u00edbal Barrera de Temuco, autor del cuento: \u201cLa Novia Muerta\u201d, distinguido con el primer lugar regional. Vanesa Bahamondes de Galvarino, autora del cuento: \u201cAmancay\u201d, destacada, con el premio especial pueblos originarios.<\/p>\n\n\n\n<p>Quien obtuvo el primer lugar regional An\u00edbal Barrera, destac\u00f3 que \u201cesta instancia es formidable, sin duda, no solamente por el contacto que se da entre, ni\u00f1os, j\u00f3venes y adultos, sino porque se est\u00e1n recogiendo historias. En mi caso, por ejemplo, obtuve el primer puesto regional por una, no exactamente leyenda, sino, un relato oral que circula en la comuna de Angol, sobre una novia muerta durante su nupcias. Este relato se repite y se cuenta de una persona a otra, por lo que recopil\u00e9 la mayor cantidad de informaci\u00f3n y lo rescat\u00e9, coloc\u00e1ndolo en un cuento escrito, que ahora todos podr\u00e1n conocer\u201d.<\/p>\n\n\n\n<p>Todos las ganadoras y los ganadores del concurso, y a sus familiares, fueron felicitados por las autoridades presentes en la ceremonia de premiaci\u00f3n. Adem\u00e1s, se hizo una invitaci\u00f3n a todos los ni\u00f1os y ni\u00f1as, j\u00f3venes y adultos de la regi\u00f3n a participar de la nueva convocatoria hasta el 27 de junio del 2024.<\/p>\n\n\n\n<p>Para m\u00e1s informaci\u00f3n y subir las obras, se invita a visitar la p\u00e1gina web:<a href=\"http:\/\/www.historiasdenuestratierra.cl\/\" target=\"_blank\" rel=\"noreferrer noopener\">www.historiasdenuestratierra.cl<\/a>,&nbsp; donde tambi\u00e9n podr\u00e1n conocer un archivo con los cuentos, poes\u00eda y dibujos que han participado en las versiones anteriores.<\/p>\n","protected":false},"excerpt":{"rendered":"<div class=\"pvc_clear\"><\/div>\n<p id=\"pvc_stats_50862\" class=\"pvc_stats total_only  \" data-element-id=\"50862\" style=\"\"><i class=\"pvc-stats-icon large\" aria-hidden=\"true\"><svg aria-hidden=\"true\" focusable=\"false\" data-prefix=\"far\" data-icon=\"chart-bar\" role=\"img\" xmlns=\"http:\/\/www.w3.org\/2000\/svg\" viewBox=\"0 0 512 512\" class=\"svg-inline--fa fa-chart-bar fa-w-16 fa-2x\"><path fill=\"currentColor\" d=\"M396.8 352h22.4c6.4 0 12.8-6.4 12.8-12.8V108.8c0-6.4-6.4-12.8-12.8-12.8h-22.4c-6.4 0-12.8 6.4-12.8 12.8v230.4c0 6.4 6.4 12.8 12.8 12.8zm-192 0h22.4c6.4 0 12.8-6.4 12.8-12.8V140.8c0-6.4-6.4-12.8-12.8-12.8h-22.4c-6.4 0-12.8 6.4-12.8 12.8v198.4c0 6.4 6.4 12.8 12.8 12.8zm96 0h22.4c6.4 0 12.8-6.4 12.8-12.8V204.8c0-6.4-6.4-12.8-12.8-12.8h-22.4c-6.4 0-12.8 6.4-12.8 12.8v134.4c0 6.4 6.4 12.8 12.8 12.8zM496 400H48V80c0-8.84-7.16-16-16-16H16C7.16 64 0 71.16 0 80v336c0 17.67 14.33 32 32 32h464c8.84 0 16-7.16 16-16v-16c0-8.84-7.16-16-16-16zm-387.2-48h22.4c6.4 0 12.8-6.4 12.8-12.8v-70.4c0-6.4-6.4-12.8-12.8-12.8h-22.4c-6.4 0-12.8 6.4-12.8 12.8v70.4c0 6.4 6.4 12.8 12.8 12.8z\" class=\"\"><\/path><\/svg><\/i> <img loading=\"lazy\" decoding=\"async\" width=\"16\" height=\"16\" alt=\"Loading\" src=\"https:\/\/temucotelevision.cl\/web\/wp-content\/plugins\/page-views-count\/ajax-loader-2x.gif\" border=0 \/><\/p>\n<div class=\"pvc_clear\"><\/div>\n<p>Los premiados regionales fueron de las categor\u00edas cuento y poes\u00eda. Las inscripciones para participar en la versi\u00f3n 2024 siguen abiertas<\/p>\n","protected":false},"author":1,"featured_media":50863,"comment_status":"open","ping_status":"open","sticky":false,"template":"","format":"standard","meta":{"colormag_page_container_layout":"default_layout","colormag_page_sidebar_layout":"default_layout","footnotes":""},"categories":[15],"tags":[1632],"class_list":["post-50862","post","type-post","status-publish","format-standard","has-post-thumbnail","hentry","category-la-araucania","tag-concurso"],"a3_pvc":{"activated":true,"total_views":1959,"today_views":0},"_links":{"self":[{"href":"https:\/\/temucotelevision.cl\/web\/wp-json\/wp\/v2\/posts\/50862","targetHints":{"allow":["GET"]}}],"collection":[{"href":"https:\/\/temucotelevision.cl\/web\/wp-json\/wp\/v2\/posts"}],"about":[{"href":"https:\/\/temucotelevision.cl\/web\/wp-json\/wp\/v2\/types\/post"}],"author":[{"embeddable":true,"href":"https:\/\/temucotelevision.cl\/web\/wp-json\/wp\/v2\/users\/1"}],"replies":[{"embeddable":true,"href":"https:\/\/temucotelevision.cl\/web\/wp-json\/wp\/v2\/comments?post=50862"}],"version-history":[{"count":1,"href":"https:\/\/temucotelevision.cl\/web\/wp-json\/wp\/v2\/posts\/50862\/revisions"}],"predecessor-version":[{"id":50864,"href":"https:\/\/temucotelevision.cl\/web\/wp-json\/wp\/v2\/posts\/50862\/revisions\/50864"}],"wp:featuredmedia":[{"embeddable":true,"href":"https:\/\/temucotelevision.cl\/web\/wp-json\/wp\/v2\/media\/50863"}],"wp:attachment":[{"href":"https:\/\/temucotelevision.cl\/web\/wp-json\/wp\/v2\/media?parent=50862"}],"wp:term":[{"taxonomy":"category","embeddable":true,"href":"https:\/\/temucotelevision.cl\/web\/wp-json\/wp\/v2\/categories?post=50862"},{"taxonomy":"post_tag","embeddable":true,"href":"https:\/\/temucotelevision.cl\/web\/wp-json\/wp\/v2\/tags?post=50862"}],"curies":[{"name":"wp","href":"https:\/\/api.w.org\/{rel}","templated":true}]}}