{"id":50859,"date":"2024-06-21T14:22:59","date_gmt":"2024-06-21T17:22:59","guid":{"rendered":"https:\/\/temucotelevision.cl\/web\/?p=50859"},"modified":"2024-06-21T14:23:00","modified_gmt":"2024-06-21T17:23:00","slug":"diputado-jorge-rathgeb-emplaza-al-ministro-de-agricultura-a-visitar-la-araucania-y-la-zona-con-danos-para-que-tome-medidas-en-terreno","status":"publish","type":"post","link":"https:\/\/temucotelevision.cl\/web\/2024\/06\/21\/diputado-jorge-rathgeb-emplaza-al-ministro-de-agricultura-a-visitar-la-araucania-y-la-zona-con-danos-para-que-tome-medidas-en-terreno\/","title":{"rendered":"Diputado Jorge Rathgeb emplaza al ministro de Agricultura a visitar La Araucan\u00eda y la zona con da\u00f1os para que tome medidas en terreno"},"content":{"rendered":"<div class=\"pvc_clear\"><\/div><p id=\"pvc_stats_50859\" class=\"pvc_stats total_only  \" data-element-id=\"50859\" style=\"\"><i class=\"pvc-stats-icon large\" aria-hidden=\"true\"><svg aria-hidden=\"true\" focusable=\"false\" data-prefix=\"far\" data-icon=\"chart-bar\" role=\"img\" xmlns=\"http:\/\/www.w3.org\/2000\/svg\" viewBox=\"0 0 512 512\" class=\"svg-inline--fa fa-chart-bar fa-w-16 fa-2x\"><path fill=\"currentColor\" d=\"M396.8 352h22.4c6.4 0 12.8-6.4 12.8-12.8V108.8c0-6.4-6.4-12.8-12.8-12.8h-22.4c-6.4 0-12.8 6.4-12.8 12.8v230.4c0 6.4 6.4 12.8 12.8 12.8zm-192 0h22.4c6.4 0 12.8-6.4 12.8-12.8V140.8c0-6.4-6.4-12.8-12.8-12.8h-22.4c-6.4 0-12.8 6.4-12.8 12.8v198.4c0 6.4 6.4 12.8 12.8 12.8zm96 0h22.4c6.4 0 12.8-6.4 12.8-12.8V204.8c0-6.4-6.4-12.8-12.8-12.8h-22.4c-6.4 0-12.8 6.4-12.8 12.8v134.4c0 6.4 6.4 12.8 12.8 12.8zM496 400H48V80c0-8.84-7.16-16-16-16H16C7.16 64 0 71.16 0 80v336c0 17.67 14.33 32 32 32h464c8.84 0 16-7.16 16-16v-16c0-8.84-7.16-16-16-16zm-387.2-48h22.4c6.4 0 12.8-6.4 12.8-12.8v-70.4c0-6.4-6.4-12.8-12.8-12.8h-22.4c-6.4 0-12.8 6.4-12.8 12.8v70.4c0 6.4 6.4 12.8 12.8 12.8z\" class=\"\"><\/path><\/svg><\/i> <img loading=\"lazy\" decoding=\"async\" width=\"16\" height=\"16\" alt=\"Loading\" src=\"https:\/\/temucotelevision.cl\/web\/wp-content\/plugins\/page-views-count\/ajax-loader-2x.gif\" border=0 \/><\/p><div class=\"pvc_clear\"><\/div>\n<p><strong>El legislador invit\u00f3 al secretario de Estado a recorrer las comunas m\u00e1s damnificadas con las lluvias y pueda entrevistarse con los afectados para brindar soluciones y de paso le solicit\u00f3 que no haga berrinches o deje las conversaciones a medias si algo no le parece.<\/strong><\/p>\n\n\n\n<p>Producci\u00f3n completamente perdida por los efectos de la lluvia, animales que fallecieron por las inundaciones o por la escasez de forraje para su alimentaci\u00f3n, son s\u00f3lo algunas de las consecuencias que se han vivido en las \u00faltimas semanas a ra\u00edz del mal tiempo en La Araucan\u00eda.<\/p>\n\n\n\n<p>El diputado de Renovaci\u00f3n Nacional en la regi\u00f3n e integrante de la comisi\u00f3n de Agricultura, Jorge Rathgeb Schifferli, realiz\u00f3 un llamado al ministro de la cartera, Esteban Valenzuela, a visitar la zona, conversar con los afectados, conocer de primera fuente que es lo que necesitan y as\u00ed entregar ayudas concretas.<\/p>\n\n\n\n<p>Rathgeb advirti\u00f3 al secretario de Estado que es prudente que pueda dar la cara a los damnificados que perdieron a\u00f1os de esfuerzos con las precipitaciones y entregar respuestas, pero sin berrinches o dejar a medias las conversaciones como ha ocurrido en el \u00faltimo tiempo con el ministro.<\/p>\n\n\n\n<p>\u201cSolicitamos al ministro Valenzuela que visite La Araucan\u00eda porque tenemos una regi\u00f3n que sufri\u00f3 los efectos de las intensas lluvias, con miles de hect\u00e1reas de producci\u00f3n que se perdieron, lo mismo animales que fallecieron porque no ten\u00edan forraje o sencillamente quedaron absolutamente aislados y debe entender que esa es la principal fuente de ingresos y tambi\u00e9n de alimentaci\u00f3n de quienes trabajan en el campo, principalmente de peque\u00f1os y medianos agricultores\u201d, enfatiz\u00f3 Rathgeb al tiempo que le pidi\u00f3 que venga en calma y sin \u00e1nimos de polemizar con los agricultores.<\/p>\n\n\n\n<p>El parlamentario indic\u00f3 que se prometi\u00f3 ayuda a la brevedad, pero seg\u00fan lo que le han comentado los afectados de momento esta a\u00fan no les ha llegado y tampoco se les ha dicho una fecha tentativa de cu\u00e1ndo podr\u00e1 estar.<\/p>\n","protected":false},"excerpt":{"rendered":"<div class=\"pvc_clear\"><\/div>\n<p id=\"pvc_stats_50859\" class=\"pvc_stats total_only  \" data-element-id=\"50859\" style=\"\"><i class=\"pvc-stats-icon large\" aria-hidden=\"true\"><svg aria-hidden=\"true\" focusable=\"false\" data-prefix=\"far\" data-icon=\"chart-bar\" role=\"img\" xmlns=\"http:\/\/www.w3.org\/2000\/svg\" viewBox=\"0 0 512 512\" class=\"svg-inline--fa fa-chart-bar fa-w-16 fa-2x\"><path fill=\"currentColor\" d=\"M396.8 352h22.4c6.4 0 12.8-6.4 12.8-12.8V108.8c0-6.4-6.4-12.8-12.8-12.8h-22.4c-6.4 0-12.8 6.4-12.8 12.8v230.4c0 6.4 6.4 12.8 12.8 12.8zm-192 0h22.4c6.4 0 12.8-6.4 12.8-12.8V140.8c0-6.4-6.4-12.8-12.8-12.8h-22.4c-6.4 0-12.8 6.4-12.8 12.8v198.4c0 6.4 6.4 12.8 12.8 12.8zm96 0h22.4c6.4 0 12.8-6.4 12.8-12.8V204.8c0-6.4-6.4-12.8-12.8-12.8h-22.4c-6.4 0-12.8 6.4-12.8 12.8v134.4c0 6.4 6.4 12.8 12.8 12.8zM496 400H48V80c0-8.84-7.16-16-16-16H16C7.16 64 0 71.16 0 80v336c0 17.67 14.33 32 32 32h464c8.84 0 16-7.16 16-16v-16c0-8.84-7.16-16-16-16zm-387.2-48h22.4c6.4 0 12.8-6.4 12.8-12.8v-70.4c0-6.4-6.4-12.8-12.8-12.8h-22.4c-6.4 0-12.8 6.4-12.8 12.8v70.4c0 6.4 6.4 12.8 12.8 12.8z\" class=\"\"><\/path><\/svg><\/i> <img loading=\"lazy\" decoding=\"async\" width=\"16\" height=\"16\" alt=\"Loading\" src=\"https:\/\/temucotelevision.cl\/web\/wp-content\/plugins\/page-views-count\/ajax-loader-2x.gif\" border=0 \/><\/p>\n<div class=\"pvc_clear\"><\/div>\n<p>El legislador invit\u00f3 al secretario de Estado a recorrer las comunas m\u00e1s damnificadas con las lluvias y pueda entrevistarse con<\/p>\n","protected":false},"author":1,"featured_media":44501,"comment_status":"open","ping_status":"open","sticky":false,"template":"","format":"standard","meta":{"colormag_page_container_layout":"default_layout","colormag_page_sidebar_layout":"default_layout","footnotes":""},"categories":[84],"tags":[154],"class_list":["post-50859","post","type-post","status-publish","format-standard","has-post-thumbnail","hentry","category-politica","tag-diputado"],"a3_pvc":{"activated":true,"total_views":757,"today_views":0},"_links":{"self":[{"href":"https:\/\/temucotelevision.cl\/web\/wp-json\/wp\/v2\/posts\/50859","targetHints":{"allow":["GET"]}}],"collection":[{"href":"https:\/\/temucotelevision.cl\/web\/wp-json\/wp\/v2\/posts"}],"about":[{"href":"https:\/\/temucotelevision.cl\/web\/wp-json\/wp\/v2\/types\/post"}],"author":[{"embeddable":true,"href":"https:\/\/temucotelevision.cl\/web\/wp-json\/wp\/v2\/users\/1"}],"replies":[{"embeddable":true,"href":"https:\/\/temucotelevision.cl\/web\/wp-json\/wp\/v2\/comments?post=50859"}],"version-history":[{"count":1,"href":"https:\/\/temucotelevision.cl\/web\/wp-json\/wp\/v2\/posts\/50859\/revisions"}],"predecessor-version":[{"id":50860,"href":"https:\/\/temucotelevision.cl\/web\/wp-json\/wp\/v2\/posts\/50859\/revisions\/50860"}],"wp:featuredmedia":[{"embeddable":true,"href":"https:\/\/temucotelevision.cl\/web\/wp-json\/wp\/v2\/media\/44501"}],"wp:attachment":[{"href":"https:\/\/temucotelevision.cl\/web\/wp-json\/wp\/v2\/media?parent=50859"}],"wp:term":[{"taxonomy":"category","embeddable":true,"href":"https:\/\/temucotelevision.cl\/web\/wp-json\/wp\/v2\/categories?post=50859"},{"taxonomy":"post_tag","embeddable":true,"href":"https:\/\/temucotelevision.cl\/web\/wp-json\/wp\/v2\/tags?post=50859"}],"curies":[{"name":"wp","href":"https:\/\/api.w.org\/{rel}","templated":true}]}}