{"id":50856,"date":"2024-06-21T13:35:40","date_gmt":"2024-06-21T16:35:40","guid":{"rendered":"https:\/\/temucotelevision.cl\/web\/?p=50856"},"modified":"2024-06-21T14:23:55","modified_gmt":"2024-06-21T17:23:55","slug":"candidato-regional-rene-saffirio-aborda-desafios-de-la-apicultura-en-reunion","status":"publish","type":"post","link":"https:\/\/temucotelevision.cl\/web\/2024\/06\/21\/candidato-regional-rene-saffirio-aborda-desafios-de-la-apicultura-en-reunion\/","title":{"rendered":"Candidato regional Ren\u00e9 Saffirio aborda desaf\u00edos de la apicultura en reuni\u00f3n"},"content":{"rendered":"<div class=\"pvc_clear\"><\/div><p id=\"pvc_stats_50856\" class=\"pvc_stats total_only  \" data-element-id=\"50856\" style=\"\"><i class=\"pvc-stats-icon large\" aria-hidden=\"true\"><svg aria-hidden=\"true\" focusable=\"false\" data-prefix=\"far\" data-icon=\"chart-bar\" role=\"img\" xmlns=\"http:\/\/www.w3.org\/2000\/svg\" viewBox=\"0 0 512 512\" class=\"svg-inline--fa fa-chart-bar fa-w-16 fa-2x\"><path fill=\"currentColor\" d=\"M396.8 352h22.4c6.4 0 12.8-6.4 12.8-12.8V108.8c0-6.4-6.4-12.8-12.8-12.8h-22.4c-6.4 0-12.8 6.4-12.8 12.8v230.4c0 6.4 6.4 12.8 12.8 12.8zm-192 0h22.4c6.4 0 12.8-6.4 12.8-12.8V140.8c0-6.4-6.4-12.8-12.8-12.8h-22.4c-6.4 0-12.8 6.4-12.8 12.8v198.4c0 6.4 6.4 12.8 12.8 12.8zm96 0h22.4c6.4 0 12.8-6.4 12.8-12.8V204.8c0-6.4-6.4-12.8-12.8-12.8h-22.4c-6.4 0-12.8 6.4-12.8 12.8v134.4c0 6.4 6.4 12.8 12.8 12.8zM496 400H48V80c0-8.84-7.16-16-16-16H16C7.16 64 0 71.16 0 80v336c0 17.67 14.33 32 32 32h464c8.84 0 16-7.16 16-16v-16c0-8.84-7.16-16-16-16zm-387.2-48h22.4c6.4 0 12.8-6.4 12.8-12.8v-70.4c0-6.4-6.4-12.8-12.8-12.8h-22.4c-6.4 0-12.8 6.4-12.8 12.8v70.4c0 6.4 6.4 12.8 12.8 12.8z\" class=\"\"><\/path><\/svg><\/i> <img loading=\"lazy\" decoding=\"async\" width=\"16\" height=\"16\" alt=\"Loading\" src=\"https:\/\/temucotelevision.cl\/web\/wp-content\/plugins\/page-views-count\/ajax-loader-2x.gif\" border=0 \/><\/p><div class=\"pvc_clear\"><\/div>\n<p>Con el prop\u00f3sito de conocer la realidad de la apicultura regional y las demandas de los productores de miel es que el candidato independiente a Gobernador Regional, Ren\u00e9 Saffirio se reuni\u00f3 este jueves con el presidente y vicepresidente de la Asociaci\u00f3n de Apicultores de Chile.<\/p>\n\n\n\n<p>En el encuentro, los representantes del sector productivo y el l\u00edder regional conversaron temas relevantes para el gremio, como la exportaci\u00f3n de abejas, de abejas reina y miel, los riesgos derivados del cambio clim\u00e1tico y la apertura de mercados en Estados Unidos, Canad\u00e1 y Europa.<\/p>\n\n\n\n<p>Asimismo, analizaron la necesidad de avanzar en el mejoramiento gen\u00e9tico, pensando en una regi\u00f3n que avanza r\u00e1pidamente en la producci\u00f3n frut\u00edcola.&nbsp;<\/p>\n\n\n\n<p>\u201cEspecial \u00e9nfasis pusieron los dirigentes en la innovaci\u00f3n, la profesionalizaci\u00f3n del sector y la apertura de canales de exportaci\u00f3n hacia Am\u00e9rica y Europa\u201d, explic\u00f3 Ren\u00e9 Saffirio.<\/p>\n\n\n\n<p>CANDIDATO INDEPENDIENTE<\/p>\n\n\n\n<p>Saffirio, por su condici\u00f3n de independiente, debi\u00f3 reunir m\u00e1s de 4 mil firmas de ciudadanos entre marzo y mayo de este a\u00f1o.&nbsp;<\/p>\n\n\n\n<p>Es abogado de profesi\u00f3n, fue alcalde de Temuco durante tres per\u00edodos, desde 1992 hasta 2004; vicerrector regional de la Universidad Mayor, desde 2004 a 2009; fue abogado integrante de la Ilustr\u00edsima Corte de Apelaciones de Temuco, entre 2006 y 2009; fue diputado por los distritos 50 y 24, en tres per\u00edodos, entre 2010 y 2022, electo con las primeras mayor\u00edas.<\/p>\n\n\n\n<p>En 2017, tambi\u00e9n postul\u00f3 como candidato independiente a la C\u00e1mara de Diputados, per\u00edodo parlamentario en que fue el \u00fanico diputado independiente elegido de Chile.<\/p>\n","protected":false},"excerpt":{"rendered":"<div class=\"pvc_clear\"><\/div>\n<p id=\"pvc_stats_50856\" class=\"pvc_stats total_only  \" data-element-id=\"50856\" style=\"\"><i class=\"pvc-stats-icon large\" aria-hidden=\"true\"><svg aria-hidden=\"true\" focusable=\"false\" data-prefix=\"far\" data-icon=\"chart-bar\" role=\"img\" xmlns=\"http:\/\/www.w3.org\/2000\/svg\" viewBox=\"0 0 512 512\" class=\"svg-inline--fa fa-chart-bar fa-w-16 fa-2x\"><path fill=\"currentColor\" d=\"M396.8 352h22.4c6.4 0 12.8-6.4 12.8-12.8V108.8c0-6.4-6.4-12.8-12.8-12.8h-22.4c-6.4 0-12.8 6.4-12.8 12.8v230.4c0 6.4 6.4 12.8 12.8 12.8zm-192 0h22.4c6.4 0 12.8-6.4 12.8-12.8V140.8c0-6.4-6.4-12.8-12.8-12.8h-22.4c-6.4 0-12.8 6.4-12.8 12.8v198.4c0 6.4 6.4 12.8 12.8 12.8zm96 0h22.4c6.4 0 12.8-6.4 12.8-12.8V204.8c0-6.4-6.4-12.8-12.8-12.8h-22.4c-6.4 0-12.8 6.4-12.8 12.8v134.4c0 6.4 6.4 12.8 12.8 12.8zM496 400H48V80c0-8.84-7.16-16-16-16H16C7.16 64 0 71.16 0 80v336c0 17.67 14.33 32 32 32h464c8.84 0 16-7.16 16-16v-16c0-8.84-7.16-16-16-16zm-387.2-48h22.4c6.4 0 12.8-6.4 12.8-12.8v-70.4c0-6.4-6.4-12.8-12.8-12.8h-22.4c-6.4 0-12.8 6.4-12.8 12.8v70.4c0 6.4 6.4 12.8 12.8 12.8z\" class=\"\"><\/path><\/svg><\/i> <img loading=\"lazy\" decoding=\"async\" width=\"16\" height=\"16\" alt=\"Loading\" src=\"https:\/\/temucotelevision.cl\/web\/wp-content\/plugins\/page-views-count\/ajax-loader-2x.gif\" border=0 \/><\/p>\n<div class=\"pvc_clear\"><\/div>\n<p>Con el prop\u00f3sito de conocer la realidad de la apicultura regional y las demandas de los productores de miel es<\/p>\n","protected":false},"author":1,"featured_media":50861,"comment_status":"open","ping_status":"open","sticky":false,"template":"","format":"standard","meta":{"colormag_page_container_layout":"default_layout","colormag_page_sidebar_layout":"default_layout","footnotes":""},"categories":[84],"tags":[1938],"class_list":["post-50856","post","type-post","status-publish","format-standard","has-post-thumbnail","hentry","category-politica","tag-candidato"],"a3_pvc":{"activated":true,"total_views":741,"today_views":0},"_links":{"self":[{"href":"https:\/\/temucotelevision.cl\/web\/wp-json\/wp\/v2\/posts\/50856","targetHints":{"allow":["GET"]}}],"collection":[{"href":"https:\/\/temucotelevision.cl\/web\/wp-json\/wp\/v2\/posts"}],"about":[{"href":"https:\/\/temucotelevision.cl\/web\/wp-json\/wp\/v2\/types\/post"}],"author":[{"embeddable":true,"href":"https:\/\/temucotelevision.cl\/web\/wp-json\/wp\/v2\/users\/1"}],"replies":[{"embeddable":true,"href":"https:\/\/temucotelevision.cl\/web\/wp-json\/wp\/v2\/comments?post=50856"}],"version-history":[{"count":1,"href":"https:\/\/temucotelevision.cl\/web\/wp-json\/wp\/v2\/posts\/50856\/revisions"}],"predecessor-version":[{"id":50858,"href":"https:\/\/temucotelevision.cl\/web\/wp-json\/wp\/v2\/posts\/50856\/revisions\/50858"}],"wp:featuredmedia":[{"embeddable":true,"href":"https:\/\/temucotelevision.cl\/web\/wp-json\/wp\/v2\/media\/50861"}],"wp:attachment":[{"href":"https:\/\/temucotelevision.cl\/web\/wp-json\/wp\/v2\/media?parent=50856"}],"wp:term":[{"taxonomy":"category","embeddable":true,"href":"https:\/\/temucotelevision.cl\/web\/wp-json\/wp\/v2\/categories?post=50856"},{"taxonomy":"post_tag","embeddable":true,"href":"https:\/\/temucotelevision.cl\/web\/wp-json\/wp\/v2\/tags?post=50856"}],"curies":[{"name":"wp","href":"https:\/\/api.w.org\/{rel}","templated":true}]}}