{"id":50851,"date":"2024-06-20T23:55:50","date_gmt":"2024-06-21T02:55:50","guid":{"rendered":"https:\/\/temucotelevision.cl\/web\/?p=50851"},"modified":"2024-06-20T23:55:51","modified_gmt":"2024-06-21T02:55:51","slug":"este-sabado-panorama-familiar-gratuito-en-el-teatro-municipal-de-temuco","status":"publish","type":"post","link":"https:\/\/temucotelevision.cl\/web\/2024\/06\/20\/este-sabado-panorama-familiar-gratuito-en-el-teatro-municipal-de-temuco\/","title":{"rendered":"Este s\u00e1bado: Panorama familiar gratuito en el Teatro Municipal de Temuco"},"content":{"rendered":"<div class=\"pvc_clear\"><\/div><p id=\"pvc_stats_50851\" class=\"pvc_stats total_only  \" data-element-id=\"50851\" style=\"\"><i class=\"pvc-stats-icon large\" aria-hidden=\"true\"><svg aria-hidden=\"true\" focusable=\"false\" data-prefix=\"far\" data-icon=\"chart-bar\" role=\"img\" xmlns=\"http:\/\/www.w3.org\/2000\/svg\" viewBox=\"0 0 512 512\" class=\"svg-inline--fa fa-chart-bar fa-w-16 fa-2x\"><path fill=\"currentColor\" d=\"M396.8 352h22.4c6.4 0 12.8-6.4 12.8-12.8V108.8c0-6.4-6.4-12.8-12.8-12.8h-22.4c-6.4 0-12.8 6.4-12.8 12.8v230.4c0 6.4 6.4 12.8 12.8 12.8zm-192 0h22.4c6.4 0 12.8-6.4 12.8-12.8V140.8c0-6.4-6.4-12.8-12.8-12.8h-22.4c-6.4 0-12.8 6.4-12.8 12.8v198.4c0 6.4 6.4 12.8 12.8 12.8zm96 0h22.4c6.4 0 12.8-6.4 12.8-12.8V204.8c0-6.4-6.4-12.8-12.8-12.8h-22.4c-6.4 0-12.8 6.4-12.8 12.8v134.4c0 6.4 6.4 12.8 12.8 12.8zM496 400H48V80c0-8.84-7.16-16-16-16H16C7.16 64 0 71.16 0 80v336c0 17.67 14.33 32 32 32h464c8.84 0 16-7.16 16-16v-16c0-8.84-7.16-16-16-16zm-387.2-48h22.4c6.4 0 12.8-6.4 12.8-12.8v-70.4c0-6.4-6.4-12.8-12.8-12.8h-22.4c-6.4 0-12.8 6.4-12.8 12.8v70.4c0 6.4 6.4 12.8 12.8 12.8z\" class=\"\"><\/path><\/svg><\/i> <img loading=\"lazy\" decoding=\"async\" width=\"16\" height=\"16\" alt=\"Loading\" src=\"https:\/\/temucotelevision.cl\/web\/wp-content\/plugins\/page-views-count\/ajax-loader-2x.gif\" border=0 \/><\/p><div class=\"pvc_clear\"><\/div>\n<p><em>El s\u00e1bado 22 de junio, el teatro Camilo Salvo de Temuco se llenar\u00e1 de m\u00fasica, arte y aprendizaje con funciones de lambe lambe y un concierto especial para la familia.<\/em><\/p>\n\n\n\n<p>El Teatro Municipal de Temuco Camilo Salvo abre sus puertas para recibir a un p\u00fablico familiar con dos funciones pensadas especialmente para los m\u00e1s peque\u00f1os del hogar que se encuentran de vacaciones de invierno.<em>&nbsp;<\/em>A las 11:00 horas de este s\u00e1bado 22 de junio la compa\u00f1\u00eda Peque\u00f1o Teatro Del Sur presentar\u00e1 &#8220;Pill\u00fc, el Due\u00f1o del Humedal&#8221; en formato lambe lambe, un espect\u00e1culo \u00edntimo de teatro en miniatura que se disfruta de forma individual. Este innovador y po\u00e9tico formato sumerge a los espectadores en una experiencia \u00fanica, donde las cajas m\u00e1gicas crean una conexi\u00f3n especial entre el espectador, los t\u00edteres y la titiritera. En solo cuatro minutos por espectador, se es transportado a un universo basado en relatos ancestrales de la comunidad ind\u00edgena Juan Quintrileo. Esta presentaci\u00f3n destaca la importancia de la biodiversidad y los derechos del agua a trav\u00e9s del arte y la magia del teatro en miniatura, ofreciendo una experiencia que se realiza respetando el orden de llegada debido a su formato individual.&nbsp;<\/p>\n\n\n\n<p>A continuaci\u00f3n, a las 12:00 horas, la banda regional &#8220;M\u00fasica en mi Jard\u00edn&#8221; ofrecer\u00e1 su aclamado concierto &#8220;Con maletas e instrumentos&#8221;. Nacida en plena pandemia de 2020 en Curacaut\u00edn, Regi\u00f3n de La Araucan\u00eda, esta banda ha recorrido importantes escenarios de la regi\u00f3n y del pa\u00eds, llevando entretenimiento y contenido de calidad a ni\u00f1as y ni\u00f1os. Este espect\u00e1culo es un fascinante viaje musical que aborda las tem\u00e1ticas e inquietudes de la ni\u00f1ez actual mediante canciones, textos, juegos y din\u00e1micas. Cada presentaci\u00f3n es una puerta a la imaginaci\u00f3n, explorando reflexiones, sensaciones, paisajes, naturaleza, territorio, curiosidad, salud, diversidad y ancestros en un ambiente lleno de alegr\u00eda y aprendizaje. El concierto se estructura como un viaje por los conceptos b\u00e1sicos de la m\u00fasica: ritmo, melod\u00eda y armon\u00eda, representados como estaciones de tren. Adem\u00e1s, se abordan temas como la libertad de expresi\u00f3n, la diversidad, el respeto por la naturaleza, el territorio, el patrimonio y el cuidado de la salud dental. Al finalizar, los ni\u00f1os y ni\u00f1as podr\u00e1n interactuar con los int\u00e9rpretes, comentar la obra y conocer de cerca los instrumentos musicales.<\/p>\n\n\n\n<p>Seg\u00fan B\u00e1rbara L\u00f3pez, integrante de la banda \u201cM\u00fasica en mi Jard\u00edn\u201d, el objetivo principal de su m\u00fasica es \u201cofrecer un espacio donde las familias puedan disfrutar de una experiencia integral y educativa. Nos enfocamos en abordar tem\u00e1ticas que estimulan la reflexi\u00f3n y la exploraci\u00f3n, como la diversidad, la naturaleza y la libertad de expresi\u00f3n. Queremos que tanto los ni\u00f1os como sus padres encuentren en nuestras canciones y din\u00e1micas una oportunidad para conectar y aprender juntos\u201d.&nbsp;<\/p>\n\n\n\n<p>Ambas funciones son parte de la programaci\u00f3n que considera el proyecto Temuco Creativa, financiado por el Banco BCI a trav\u00e9s de la Ley de donaciones culturales y ejecutado por la Corporaci\u00f3n Cultural y la Municipalidad de Temuco, el cual ha dado espacio a los artistas locales para mostrar su trabajo. Por otro lado, obedecen al compromiso del Teatro Municipal de Temuco por ofrecer propuestas culturales enriquecedoras y accesibles para la comunidad, especialmente durante las vacaciones de invierno, proporcionando a las familias una excelente oportunidad para disfrutar de eventos educativos y entretenidos sin costo alguno.&nbsp; Las funciones se realizar\u00e1n en el Teatrillo del Teatro Municipal de Temuco ubicado en un costado del hall de acceso y sus entradas son gratuitas, con previa reserva a trav\u00e9s de la p\u00e1gina web&nbsp;<a href=\"http:\/\/www.corporaciontemuco.cl\/\" target=\"_blank\" rel=\"noreferrer noopener\">www.corporaciontemuco.cl<\/a>.<\/p>\n\n\n\n<figure class=\"wp-block-image size-large\"><img loading=\"lazy\" decoding=\"async\" width=\"1000\" height=\"1000\" src=\"https:\/\/temucotelevision.cl\/web\/wp-content\/uploads\/2024\/06\/AFICHES_OK-2-1000x1000.jpg\" alt=\"\" class=\"wp-image-50853\" srcset=\"https:\/\/temucotelevision.cl\/web\/wp-content\/uploads\/2024\/06\/AFICHES_OK-2-1000x1000.jpg 1000w, https:\/\/temucotelevision.cl\/web\/wp-content\/uploads\/2024\/06\/AFICHES_OK-2-768x768.jpg 768w, https:\/\/temucotelevision.cl\/web\/wp-content\/uploads\/2024\/06\/AFICHES_OK-2-1536x1536.jpg 1536w, https:\/\/temucotelevision.cl\/web\/wp-content\/uploads\/2024\/06\/AFICHES_OK-2-2048x2048.jpg 2048w, https:\/\/temucotelevision.cl\/web\/wp-content\/uploads\/2024\/06\/AFICHES_OK-2-150x150.jpg 150w\" sizes=\"auto, (max-width: 1000px) 100vw, 1000px\" \/><\/figure>\n","protected":false},"excerpt":{"rendered":"<div class=\"pvc_clear\"><\/div>\n<p id=\"pvc_stats_50851\" class=\"pvc_stats total_only  \" data-element-id=\"50851\" style=\"\"><i class=\"pvc-stats-icon large\" aria-hidden=\"true\"><svg aria-hidden=\"true\" focusable=\"false\" data-prefix=\"far\" data-icon=\"chart-bar\" role=\"img\" xmlns=\"http:\/\/www.w3.org\/2000\/svg\" viewBox=\"0 0 512 512\" class=\"svg-inline--fa fa-chart-bar fa-w-16 fa-2x\"><path fill=\"currentColor\" d=\"M396.8 352h22.4c6.4 0 12.8-6.4 12.8-12.8V108.8c0-6.4-6.4-12.8-12.8-12.8h-22.4c-6.4 0-12.8 6.4-12.8 12.8v230.4c0 6.4 6.4 12.8 12.8 12.8zm-192 0h22.4c6.4 0 12.8-6.4 12.8-12.8V140.8c0-6.4-6.4-12.8-12.8-12.8h-22.4c-6.4 0-12.8 6.4-12.8 12.8v198.4c0 6.4 6.4 12.8 12.8 12.8zm96 0h22.4c6.4 0 12.8-6.4 12.8-12.8V204.8c0-6.4-6.4-12.8-12.8-12.8h-22.4c-6.4 0-12.8 6.4-12.8 12.8v134.4c0 6.4 6.4 12.8 12.8 12.8zM496 400H48V80c0-8.84-7.16-16-16-16H16C7.16 64 0 71.16 0 80v336c0 17.67 14.33 32 32 32h464c8.84 0 16-7.16 16-16v-16c0-8.84-7.16-16-16-16zm-387.2-48h22.4c6.4 0 12.8-6.4 12.8-12.8v-70.4c0-6.4-6.4-12.8-12.8-12.8h-22.4c-6.4 0-12.8 6.4-12.8 12.8v70.4c0 6.4 6.4 12.8 12.8 12.8z\" class=\"\"><\/path><\/svg><\/i> <img loading=\"lazy\" decoding=\"async\" width=\"16\" height=\"16\" alt=\"Loading\" src=\"https:\/\/temucotelevision.cl\/web\/wp-content\/plugins\/page-views-count\/ajax-loader-2x.gif\" border=0 \/><\/p>\n<div class=\"pvc_clear\"><\/div>\n<p>El s\u00e1bado 22 de junio, el teatro Camilo Salvo de Temuco se llenar\u00e1 de m\u00fasica, arte y aprendizaje con funciones<\/p>\n","protected":false},"author":1,"featured_media":50852,"comment_status":"open","ping_status":"open","sticky":false,"template":"","format":"standard","meta":{"colormag_page_container_layout":"default_layout","colormag_page_sidebar_layout":"default_layout","footnotes":""},"categories":[86],"tags":[629,283],"class_list":["post-50851","post","type-post","status-publish","format-standard","has-post-thumbnail","hentry","category-panoramas","tag-panorama","tag-teatro"],"a3_pvc":{"activated":true,"total_views":2960,"today_views":0},"_links":{"self":[{"href":"https:\/\/temucotelevision.cl\/web\/wp-json\/wp\/v2\/posts\/50851","targetHints":{"allow":["GET"]}}],"collection":[{"href":"https:\/\/temucotelevision.cl\/web\/wp-json\/wp\/v2\/posts"}],"about":[{"href":"https:\/\/temucotelevision.cl\/web\/wp-json\/wp\/v2\/types\/post"}],"author":[{"embeddable":true,"href":"https:\/\/temucotelevision.cl\/web\/wp-json\/wp\/v2\/users\/1"}],"replies":[{"embeddable":true,"href":"https:\/\/temucotelevision.cl\/web\/wp-json\/wp\/v2\/comments?post=50851"}],"version-history":[{"count":1,"href":"https:\/\/temucotelevision.cl\/web\/wp-json\/wp\/v2\/posts\/50851\/revisions"}],"predecessor-version":[{"id":50854,"href":"https:\/\/temucotelevision.cl\/web\/wp-json\/wp\/v2\/posts\/50851\/revisions\/50854"}],"wp:featuredmedia":[{"embeddable":true,"href":"https:\/\/temucotelevision.cl\/web\/wp-json\/wp\/v2\/media\/50852"}],"wp:attachment":[{"href":"https:\/\/temucotelevision.cl\/web\/wp-json\/wp\/v2\/media?parent=50851"}],"wp:term":[{"taxonomy":"category","embeddable":true,"href":"https:\/\/temucotelevision.cl\/web\/wp-json\/wp\/v2\/categories?post=50851"},{"taxonomy":"post_tag","embeddable":true,"href":"https:\/\/temucotelevision.cl\/web\/wp-json\/wp\/v2\/tags?post=50851"}],"curies":[{"name":"wp","href":"https:\/\/api.w.org\/{rel}","templated":true}]}}