{"id":50848,"date":"2024-06-20T23:51:44","date_gmt":"2024-06-21T02:51:44","guid":{"rendered":"https:\/\/temucotelevision.cl\/web\/?p=50848"},"modified":"2024-06-20T23:51:45","modified_gmt":"2024-06-21T02:51:45","slug":"mtt-refuerza-despliegue-de-fiscalizaciones-por-fin-de-semana-largo-e-inicio-de-vacaciones-de-invierno","status":"publish","type":"post","link":"https:\/\/temucotelevision.cl\/web\/2024\/06\/20\/mtt-refuerza-despliegue-de-fiscalizaciones-por-fin-de-semana-largo-e-inicio-de-vacaciones-de-invierno\/","title":{"rendered":"MTT refuerza despliegue de fiscalizaciones por fin de semana largo e inicio de vacaciones de invierno"},"content":{"rendered":"<div class=\"pvc_clear\"><\/div><p id=\"pvc_stats_50848\" class=\"pvc_stats total_only  \" data-element-id=\"50848\" style=\"\"><i class=\"pvc-stats-icon large\" aria-hidden=\"true\"><svg aria-hidden=\"true\" focusable=\"false\" data-prefix=\"far\" data-icon=\"chart-bar\" role=\"img\" xmlns=\"http:\/\/www.w3.org\/2000\/svg\" viewBox=\"0 0 512 512\" class=\"svg-inline--fa fa-chart-bar fa-w-16 fa-2x\"><path fill=\"currentColor\" d=\"M396.8 352h22.4c6.4 0 12.8-6.4 12.8-12.8V108.8c0-6.4-6.4-12.8-12.8-12.8h-22.4c-6.4 0-12.8 6.4-12.8 12.8v230.4c0 6.4 6.4 12.8 12.8 12.8zm-192 0h22.4c6.4 0 12.8-6.4 12.8-12.8V140.8c0-6.4-6.4-12.8-12.8-12.8h-22.4c-6.4 0-12.8 6.4-12.8 12.8v198.4c0 6.4 6.4 12.8 12.8 12.8zm96 0h22.4c6.4 0 12.8-6.4 12.8-12.8V204.8c0-6.4-6.4-12.8-12.8-12.8h-22.4c-6.4 0-12.8 6.4-12.8 12.8v134.4c0 6.4 6.4 12.8 12.8 12.8zM496 400H48V80c0-8.84-7.16-16-16-16H16C7.16 64 0 71.16 0 80v336c0 17.67 14.33 32 32 32h464c8.84 0 16-7.16 16-16v-16c0-8.84-7.16-16-16-16zm-387.2-48h22.4c6.4 0 12.8-6.4 12.8-12.8v-70.4c0-6.4-6.4-12.8-12.8-12.8h-22.4c-6.4 0-12.8 6.4-12.8 12.8v70.4c0 6.4 6.4 12.8 12.8 12.8z\" class=\"\"><\/path><\/svg><\/i> <img loading=\"lazy\" decoding=\"async\" width=\"16\" height=\"16\" alt=\"Loading\" src=\"https:\/\/temucotelevision.cl\/web\/wp-content\/plugins\/page-views-count\/ajax-loader-2x.gif\" border=0 \/><\/p><div class=\"pvc_clear\"><\/div>\n<ul class=\"wp-block-list\">\n<li><em>En el caso de los buses interurbanos durante este primer semestre se han controlado 20.362 en todo el pa\u00eds y retirado 30. Sus principales rechazos son por falta de medidas de seguridad y condiciones t\u00e9cnicas.\u00a0<\/em><\/li>\n<\/ul>\n\n\n\n<p>En el marco de un nuevo fin de semana largo e inicio de las vacaciones de invierno, la seremi de Transportes y Telecomunicaciones, Mary Valdebenito Tapia junto a la SIAT de Carabineros dieron a conocer el plan especial que se aplicar\u00e1 durante los pr\u00f3ximos d\u00edas para fiscalizar las condiciones t\u00e9cnicas y de operaci\u00f3n en el traslado de pasajeros en terminales de buses y carreteras.<\/p>\n\n\n\n<p>En la instancia, la secretaria regional ministerial destac\u00f3 que \u201cen el marco de nuestro Plan Calles Protegidas, se reforzar\u00e1n las fiscalizaciones a buses interurbanos y rurales con una proyecci\u00f3n de 200 controles a estos modos de transportes, que comenzaron hoy en los terminales de buses\u201d.<\/p>\n\n\n\n<p>\u201cNuestros inspectores del Programa Nacional de Fiscalizaci\u00f3n se encuentran desplegados en diversos puntos para reforzar las medidas de seguridad, hemos dispuesto 150 controles en la regi\u00f3n para este interferiado que adem\u00e1s coincide con el inicio de las vacaciones de invierno de los estudiantes\u201d, agreg\u00f3 la autoridad regional.&nbsp;<\/p>\n\n\n\n<p>El teniente de la SIAT de Carabineros, Carlos Abarca, explic\u00f3 que \u201cdurante este fin de semana tambi\u00e9n se va a reforzar la fiscalizaci\u00f3n tanto en el terminal Rodoviario como en la Ruta 5 Sur\u201d y, reiter\u00f3 el llamado a la ciudadan\u00eda a tomar todas las medidas de seguridad necesarias con la finalidad de prevenir accidentes de tr\u00e1nsito, como el uso del cintur\u00f3n de seguridad y el sistema de retenci\u00f3n infantil para el traslado de menores de edad.&nbsp;<\/p>\n\n\n\n<p>En 2023 se registraron 78.238 siniestros de tr\u00e1nsito a nivel nacional, donde 1.635 personas fallecieron y 45.679 quedaron lesionadas de diversa consideraci\u00f3n. Entre enero y junio de 2024, 79 personas han fallecido. Por esta raz\u00f3n, las autoridades hicieron un llamado a la responsabilidad puesto que la imprudencia del conductor, beber alcohol, desobedecer las se\u00f1ales de tr\u00e1nsito y la velocidad imprudente, concentran 9 de cada 10 siniestros de tr\u00e1nsito.&nbsp;<\/p>\n","protected":false},"excerpt":{"rendered":"<div class=\"pvc_clear\"><\/div>\n<p id=\"pvc_stats_50848\" class=\"pvc_stats total_only  \" data-element-id=\"50848\" style=\"\"><i class=\"pvc-stats-icon large\" aria-hidden=\"true\"><svg aria-hidden=\"true\" focusable=\"false\" data-prefix=\"far\" data-icon=\"chart-bar\" role=\"img\" xmlns=\"http:\/\/www.w3.org\/2000\/svg\" viewBox=\"0 0 512 512\" class=\"svg-inline--fa fa-chart-bar fa-w-16 fa-2x\"><path fill=\"currentColor\" d=\"M396.8 352h22.4c6.4 0 12.8-6.4 12.8-12.8V108.8c0-6.4-6.4-12.8-12.8-12.8h-22.4c-6.4 0-12.8 6.4-12.8 12.8v230.4c0 6.4 6.4 12.8 12.8 12.8zm-192 0h22.4c6.4 0 12.8-6.4 12.8-12.8V140.8c0-6.4-6.4-12.8-12.8-12.8h-22.4c-6.4 0-12.8 6.4-12.8 12.8v198.4c0 6.4 6.4 12.8 12.8 12.8zm96 0h22.4c6.4 0 12.8-6.4 12.8-12.8V204.8c0-6.4-6.4-12.8-12.8-12.8h-22.4c-6.4 0-12.8 6.4-12.8 12.8v134.4c0 6.4 6.4 12.8 12.8 12.8zM496 400H48V80c0-8.84-7.16-16-16-16H16C7.16 64 0 71.16 0 80v336c0 17.67 14.33 32 32 32h464c8.84 0 16-7.16 16-16v-16c0-8.84-7.16-16-16-16zm-387.2-48h22.4c6.4 0 12.8-6.4 12.8-12.8v-70.4c0-6.4-6.4-12.8-12.8-12.8h-22.4c-6.4 0-12.8 6.4-12.8 12.8v70.4c0 6.4 6.4 12.8 12.8 12.8z\" class=\"\"><\/path><\/svg><\/i> <img loading=\"lazy\" decoding=\"async\" width=\"16\" height=\"16\" alt=\"Loading\" src=\"https:\/\/temucotelevision.cl\/web\/wp-content\/plugins\/page-views-count\/ajax-loader-2x.gif\" border=0 \/><\/p>\n<div class=\"pvc_clear\"><\/div>\n<p>En el marco de un nuevo fin de semana largo e inicio de las vacaciones de invierno, la seremi de<\/p>\n","protected":false},"author":1,"featured_media":50849,"comment_status":"open","ping_status":"open","sticky":false,"template":"","format":"standard","meta":{"colormag_page_container_layout":"default_layout","colormag_page_sidebar_layout":"default_layout","footnotes":""},"categories":[14],"tags":[367],"class_list":["post-50848","post","type-post","status-publish","format-standard","has-post-thumbnail","hentry","category-temuco","tag-fin-de-semana"],"a3_pvc":{"activated":true,"total_views":977,"today_views":0},"_links":{"self":[{"href":"https:\/\/temucotelevision.cl\/web\/wp-json\/wp\/v2\/posts\/50848","targetHints":{"allow":["GET"]}}],"collection":[{"href":"https:\/\/temucotelevision.cl\/web\/wp-json\/wp\/v2\/posts"}],"about":[{"href":"https:\/\/temucotelevision.cl\/web\/wp-json\/wp\/v2\/types\/post"}],"author":[{"embeddable":true,"href":"https:\/\/temucotelevision.cl\/web\/wp-json\/wp\/v2\/users\/1"}],"replies":[{"embeddable":true,"href":"https:\/\/temucotelevision.cl\/web\/wp-json\/wp\/v2\/comments?post=50848"}],"version-history":[{"count":1,"href":"https:\/\/temucotelevision.cl\/web\/wp-json\/wp\/v2\/posts\/50848\/revisions"}],"predecessor-version":[{"id":50850,"href":"https:\/\/temucotelevision.cl\/web\/wp-json\/wp\/v2\/posts\/50848\/revisions\/50850"}],"wp:featuredmedia":[{"embeddable":true,"href":"https:\/\/temucotelevision.cl\/web\/wp-json\/wp\/v2\/media\/50849"}],"wp:attachment":[{"href":"https:\/\/temucotelevision.cl\/web\/wp-json\/wp\/v2\/media?parent=50848"}],"wp:term":[{"taxonomy":"category","embeddable":true,"href":"https:\/\/temucotelevision.cl\/web\/wp-json\/wp\/v2\/categories?post=50848"},{"taxonomy":"post_tag","embeddable":true,"href":"https:\/\/temucotelevision.cl\/web\/wp-json\/wp\/v2\/tags?post=50848"}],"curies":[{"name":"wp","href":"https:\/\/api.w.org\/{rel}","templated":true}]}}