{"id":50844,"date":"2024-06-20T23:41:22","date_gmt":"2024-06-21T02:41:22","guid":{"rendered":"https:\/\/temucotelevision.cl\/web\/?p=50844"},"modified":"2024-06-20T23:41:23","modified_gmt":"2024-06-21T02:41:23","slug":"el-regreso-del-sol-winon-antu-y-su-importancia-en-el-pueblo-mapuche","status":"publish","type":"post","link":"https:\/\/temucotelevision.cl\/web\/2024\/06\/20\/el-regreso-del-sol-winon-antu-y-su-importancia-en-el-pueblo-mapuche\/","title":{"rendered":"El regreso del Sol: Wi\u00f1on Ant\u00fc y su importancia en el Pueblo Mapuche"},"content":{"rendered":"<div class=\"pvc_clear\"><\/div><p id=\"pvc_stats_50844\" class=\"pvc_stats total_only  \" data-element-id=\"50844\" style=\"\"><i class=\"pvc-stats-icon large\" aria-hidden=\"true\"><svg aria-hidden=\"true\" focusable=\"false\" data-prefix=\"far\" data-icon=\"chart-bar\" role=\"img\" xmlns=\"http:\/\/www.w3.org\/2000\/svg\" viewBox=\"0 0 512 512\" class=\"svg-inline--fa fa-chart-bar fa-w-16 fa-2x\"><path fill=\"currentColor\" d=\"M396.8 352h22.4c6.4 0 12.8-6.4 12.8-12.8V108.8c0-6.4-6.4-12.8-12.8-12.8h-22.4c-6.4 0-12.8 6.4-12.8 12.8v230.4c0 6.4 6.4 12.8 12.8 12.8zm-192 0h22.4c6.4 0 12.8-6.4 12.8-12.8V140.8c0-6.4-6.4-12.8-12.8-12.8h-22.4c-6.4 0-12.8 6.4-12.8 12.8v198.4c0 6.4 6.4 12.8 12.8 12.8zm96 0h22.4c6.4 0 12.8-6.4 12.8-12.8V204.8c0-6.4-6.4-12.8-12.8-12.8h-22.4c-6.4 0-12.8 6.4-12.8 12.8v134.4c0 6.4 6.4 12.8 12.8 12.8zM496 400H48V80c0-8.84-7.16-16-16-16H16C7.16 64 0 71.16 0 80v336c0 17.67 14.33 32 32 32h464c8.84 0 16-7.16 16-16v-16c0-8.84-7.16-16-16-16zm-387.2-48h22.4c6.4 0 12.8-6.4 12.8-12.8v-70.4c0-6.4-6.4-12.8-12.8-12.8h-22.4c-6.4 0-12.8 6.4-12.8 12.8v70.4c0 6.4 6.4 12.8 12.8 12.8z\" class=\"\"><\/path><\/svg><\/i> <img loading=\"lazy\" decoding=\"async\" width=\"16\" height=\"16\" alt=\"Loading\" src=\"https:\/\/temucotelevision.cl\/web\/wp-content\/plugins\/page-views-count\/ajax-loader-2x.gif\" border=0 \/><\/p><div class=\"pvc_clear\"><\/div>\n<p><em>A pocos d\u00edas del tradicional We Txipant\u00fc en La Araucan\u00eda, la Universidad Cat\u00f3lica de Temuco est\u00e1 presente en la conmemoraci\u00f3n del a\u00f1o nuevo Mapuche.<\/em><\/p>\n\n\n\n<p>El fin de un camino y el inicio de otro, un inicio que tiene al sol como principal protagonista y que ocurre en el solsticio de invierno de cada a\u00f1o en el hemisferio sur. Esto marca un un nuevo comienzo en los pueblos originarios, donde se renuevan energ\u00edas y la naturaleza da los primeros brotes en lo que respecta a alimentos derivados por la madre tierra.<\/p>\n\n\n\n<p>Dicho hito es conocido en el Pueblo Mapuche como We Txipant\u00fc, Wi\u00f1on Ant\u00fc o W\u00fc\u00f1oy Txipant\u00fc, el que se conmemora durante la tercera semana de junio, debido a que no tiene un d\u00eda exacto.<\/p>\n\n\n\n<p>Seg\u00fan informaci\u00f3n entregada por el Coorporaci\u00f3n Nacional de Desarrollo Ind\u00edgena CONADI, \u201c<em>Esta tradici\u00f3n mapuche proviene desde tiempos ancestrales y es com\u00fan a la mayor\u00eda de los pueblos ind\u00edgenas del Hemisferio Sur, pues corresponde con el solsticio de invierno, que generalmente se produce entre el 23 y 24 de junio, cuando se inicia un nuevo ciclo que comprende los d\u00edas con m\u00e1s sol, el brote de los vegetales, la reproducci\u00f3n de los animales y la producci\u00f3n de alimentos que provienen de la tierra\u201d.<\/em><\/p>\n\n\n\n<figure class=\"wp-block-image size-large\"><img loading=\"lazy\" decoding=\"async\" width=\"1000\" height=\"667\" src=\"https:\/\/temucotelevision.cl\/web\/wp-content\/uploads\/2024\/06\/Pueblo-Mapuche2-1000x667.jpg\" alt=\"\" class=\"wp-image-50846\" srcset=\"https:\/\/temucotelevision.cl\/web\/wp-content\/uploads\/2024\/06\/Pueblo-Mapuche2-1000x667.jpg 1000w, https:\/\/temucotelevision.cl\/web\/wp-content\/uploads\/2024\/06\/Pueblo-Mapuche2-768x513.jpg 768w, https:\/\/temucotelevision.cl\/web\/wp-content\/uploads\/2024\/06\/Pueblo-Mapuche2-1536x1025.jpg 1536w, https:\/\/temucotelevision.cl\/web\/wp-content\/uploads\/2024\/06\/Pueblo-Mapuche2.jpg 2048w\" sizes=\"auto, (max-width: 1000px) 100vw, 1000px\" \/><\/figure>\n\n\n\n<p><strong>Una regi\u00f3n intercultural<\/strong><\/p>\n\n\n\n<p>Seg\u00fan el \u00faltimo Censo realizado, se estima que en Chile m\u00e1s de dos millones de personas se identifican o son de un pueblo originario, de los cuales m\u00e1s de un 79% se considera del Pueblo Mapuche. En la Araucan\u00eda, habitan actualmente m\u00e1s de 300 mil personas son pertenecientes al pueblo ind\u00edgena mencionado, lo que transforma a la regi\u00f3n de por s\u00ed a una zona intercultural donde cohabitan diferentes culturas y tradiciones.<\/p>\n\n\n\n<p>Es en ese contexto que la Universidad Cat\u00f3lica de Temuco, ha generado durante once a\u00f1os diferentes instancias e iniciativas para honrar y conmemorar dicha celebraci\u00f3n, una de ellas es el tradicional \u201cWi\u00f1on Ant\u00fc\u201d.<\/p>\n\n\n\n<p>El regreso del sol, que viene del Mapuzugun \u201cWinon Ant\u00fc\u201d tiene un gran valor para la celebraci\u00f3n de un nuevo ciclo y la continuaci\u00f3n de la vida. Es as\u00ed, que la UCT ha mantenido la convicci\u00f3n y un fuerte compromiso en concientizar a la comunidad en torno a la tradici\u00f3n de los pueblos originarios.<\/p>\n\n\n\n<p>Es as\u00ed que el Rector de la instituci\u00f3n de educaci\u00f3n superior, Aliro B\u00f3rquez, se\u00f1al\u00f3 que \u201c<em>durante este mes quiero expresar y enviar un caluroso saludo de parte de la Universidad Cat\u00f3lica de Temuco con motivo de la celebraci\u00f3n de un nuevo regreso del sol, el Wi\u00f1on Ant\u00fc 2024. Estamos dando t\u00e9rmino al a\u00f1o viejo y nos preparamos en el hemisferio sur para el inicio de un nuevo ciclo vital, donde la naturaleza inicia en estos d\u00edas un nuevo periodo de renovaci\u00f3n y regeneraci\u00f3n de la vida\u201d,<\/em>&nbsp;coment\u00f3<\/p>\n\n\n\n<p>Adem\u00e1s, la autoridad universitaria mencion\u00f3 que este hito es muy apreciado por las comunidades de La Araucan\u00eda, debido a que \u201c<em>este nuevo a\u00f1o significa la erupci\u00f3n de nuevos brotes en nuestra flora, lo que significa el nacimiento de un nuevo ciclo que traer\u00e1 mucha riqueza a nuestra tierra. Deseo que el comienzo de este periodo de la naturaleza, nos impulse a seguir trabajando por avanzar en el logro de una interculturalidad situada en el contexto local que valore a par tanto el conocimiento occidental como el Mapuche Kim\u00fcn\u201d.<\/em><\/p>\n\n\n\n<p><strong>La UCT y el pueblo Mapuche<\/strong><\/p>\n\n\n\n<p>Es de p\u00fablico conocimiento que la Universidad Cat\u00f3lica de Temuco ha generado diferentes instancias para realzar y destacar la importante que tienen el Pueblo Mapuche para las nuevas y futuras generaciones.<\/p>\n\n\n\n<p>Dentro de las iniciativas m\u00e1s relevantes, est\u00e1 la alianza virtuosa realizada por la casa de estudios con la comunidad de lonkos del sector de Truf Truf en Padre Las Casas, que involucra un trabajo con 97 comunidades Mapuche de la zona. Adem\u00e1s la instituci\u00f3n cuenta con la C\u00e1tedra Fray Bartolom\u00e9 de Las Casas, la cual es una instancia que busca generar conocimiento te\u00f3rico y pr\u00e1ctico en los campos del di\u00e1logo intercultural.<\/p>\n\n\n\n<p>En este \u00faltimo punto, Jos\u00e9 Quidel, director de la C\u00e1tedra, hizo un especial \u00e9nfasis en los objetivos y los desaf\u00edos que tiene la universidad para el futuro.<\/p>\n\n\n\n<p>\u201c<em>Como Universidad Cat\u00f3lica de Temuco debemos incorporar con mayor fuerza el mapuzugun en las distintas unidades. Generar mayor conciencia en sus educandos acerca de la existencia del Pueblo Mapuche en este territorio. Adem\u00e1s, debemos incorporar el mapuche kim\u00fcn en las diferentes carreras para generar recursos humanos m\u00e1s contextualizados en su propia regi\u00f3n<\/em>.<\/p>\n\n\n\n<p>Por consiguiente, Quidel tambi\u00e9n abord\u00f3 la trascendencia que tiene el We Txipant\u00fc y el rol que tiene la C\u00e1tedra para realzar la cosmovisi\u00f3n de los pueblos originarios, \u201c<em>es una importancia \u00e9tica, porque trabajamos para darle mayor dignidad a los pueblos ind\u00edgenas que son y han sido silenciados, desplazados, evitados, invisibilizados. Tenemos que dar cuenta de estos hechos significativos, celebrar junto a ellos este acontecimiento que es un momento para agradecer, alegrar, compartir y reflexionar<\/em>\u201d.<\/p>\n\n\n\n<p>Por otra parte, la UCT tambi\u00e9n cuenta desde el a\u00f1o 2020 con el instituto Ta I\u00f1 Pewan, dirigidos por el historiador y destacado acad\u00e9mico nacional Jorge Pinto (Premio Nacional de Historia 2012) cuyo fin es velar por el encuentro, el di\u00e1logo entre la cultura Mapuche y el mundo occidental.<\/p>\n\n\n\n<p>En el \u00e1rea acad\u00e9mica, se cuenta con la carrera de Pedagog\u00eda en Lengua y Cultura Mapuche, que hoy cuenta con su segunda generaci\u00f3n de estudiantes. A lo anterior, se debe sumar que en el Campus San Juan Pablo II est\u00e1 la tradicional Ruka donde se realizan diferentes iniciativas, el espacio es administrado por los mismos estudiantes de la instituci\u00f3n de educaci\u00f3n superior.&nbsp;<\/p>\n","protected":false},"excerpt":{"rendered":"<div class=\"pvc_clear\"><\/div>\n<p id=\"pvc_stats_50844\" class=\"pvc_stats total_only  \" data-element-id=\"50844\" style=\"\"><i class=\"pvc-stats-icon large\" aria-hidden=\"true\"><svg aria-hidden=\"true\" focusable=\"false\" data-prefix=\"far\" data-icon=\"chart-bar\" role=\"img\" xmlns=\"http:\/\/www.w3.org\/2000\/svg\" viewBox=\"0 0 512 512\" class=\"svg-inline--fa fa-chart-bar fa-w-16 fa-2x\"><path fill=\"currentColor\" d=\"M396.8 352h22.4c6.4 0 12.8-6.4 12.8-12.8V108.8c0-6.4-6.4-12.8-12.8-12.8h-22.4c-6.4 0-12.8 6.4-12.8 12.8v230.4c0 6.4 6.4 12.8 12.8 12.8zm-192 0h22.4c6.4 0 12.8-6.4 12.8-12.8V140.8c0-6.4-6.4-12.8-12.8-12.8h-22.4c-6.4 0-12.8 6.4-12.8 12.8v198.4c0 6.4 6.4 12.8 12.8 12.8zm96 0h22.4c6.4 0 12.8-6.4 12.8-12.8V204.8c0-6.4-6.4-12.8-12.8-12.8h-22.4c-6.4 0-12.8 6.4-12.8 12.8v134.4c0 6.4 6.4 12.8 12.8 12.8zM496 400H48V80c0-8.84-7.16-16-16-16H16C7.16 64 0 71.16 0 80v336c0 17.67 14.33 32 32 32h464c8.84 0 16-7.16 16-16v-16c0-8.84-7.16-16-16-16zm-387.2-48h22.4c6.4 0 12.8-6.4 12.8-12.8v-70.4c0-6.4-6.4-12.8-12.8-12.8h-22.4c-6.4 0-12.8 6.4-12.8 12.8v70.4c0 6.4 6.4 12.8 12.8 12.8z\" class=\"\"><\/path><\/svg><\/i> <img loading=\"lazy\" decoding=\"async\" width=\"16\" height=\"16\" alt=\"Loading\" src=\"https:\/\/temucotelevision.cl\/web\/wp-content\/plugins\/page-views-count\/ajax-loader-2x.gif\" border=0 \/><\/p>\n<div class=\"pvc_clear\"><\/div>\n<p>A pocos d\u00edas del tradicional We Txipant\u00fc en La Araucan\u00eda, la Universidad Cat\u00f3lica de Temuco est\u00e1 presente en la conmemoraci\u00f3n<\/p>\n","protected":false},"author":1,"featured_media":50845,"comment_status":"open","ping_status":"open","sticky":false,"template":"","format":"standard","meta":{"colormag_page_container_layout":"default_layout","colormag_page_sidebar_layout":"default_layout","footnotes":""},"categories":[14],"tags":[1499,216,1693],"class_list":["post-50844","post","type-post","status-publish","format-standard","has-post-thumbnail","hentry","category-temuco","tag-ano-nuevo","tag-mapuche","tag-pueblos"],"a3_pvc":{"activated":true,"total_views":1083,"today_views":0},"_links":{"self":[{"href":"https:\/\/temucotelevision.cl\/web\/wp-json\/wp\/v2\/posts\/50844","targetHints":{"allow":["GET"]}}],"collection":[{"href":"https:\/\/temucotelevision.cl\/web\/wp-json\/wp\/v2\/posts"}],"about":[{"href":"https:\/\/temucotelevision.cl\/web\/wp-json\/wp\/v2\/types\/post"}],"author":[{"embeddable":true,"href":"https:\/\/temucotelevision.cl\/web\/wp-json\/wp\/v2\/users\/1"}],"replies":[{"embeddable":true,"href":"https:\/\/temucotelevision.cl\/web\/wp-json\/wp\/v2\/comments?post=50844"}],"version-history":[{"count":1,"href":"https:\/\/temucotelevision.cl\/web\/wp-json\/wp\/v2\/posts\/50844\/revisions"}],"predecessor-version":[{"id":50847,"href":"https:\/\/temucotelevision.cl\/web\/wp-json\/wp\/v2\/posts\/50844\/revisions\/50847"}],"wp:featuredmedia":[{"embeddable":true,"href":"https:\/\/temucotelevision.cl\/web\/wp-json\/wp\/v2\/media\/50845"}],"wp:attachment":[{"href":"https:\/\/temucotelevision.cl\/web\/wp-json\/wp\/v2\/media?parent=50844"}],"wp:term":[{"taxonomy":"category","embeddable":true,"href":"https:\/\/temucotelevision.cl\/web\/wp-json\/wp\/v2\/categories?post=50844"},{"taxonomy":"post_tag","embeddable":true,"href":"https:\/\/temucotelevision.cl\/web\/wp-json\/wp\/v2\/tags?post=50844"}],"curies":[{"name":"wp","href":"https:\/\/api.w.org\/{rel}","templated":true}]}}