{"id":50841,"date":"2024-06-20T23:35:38","date_gmt":"2024-06-21T02:35:38","guid":{"rendered":"https:\/\/temucotelevision.cl\/web\/?p=50841"},"modified":"2024-06-20T23:35:39","modified_gmt":"2024-06-21T02:35:39","slug":"partido-social-cristiano-entrega-apoyo-a-ivan-poduje-como-candidato-a-alcalde-por-vina-del-mar","status":"publish","type":"post","link":"https:\/\/temucotelevision.cl\/web\/2024\/06\/20\/partido-social-cristiano-entrega-apoyo-a-ivan-poduje-como-candidato-a-alcalde-por-vina-del-mar\/","title":{"rendered":"Partido Social Cristiano entrega apoyo a Iv\u00e1n Poduje como candidato a alcalde por Vi\u00f1a del Mar"},"content":{"rendered":"<div class=\"pvc_clear\"><\/div><p id=\"pvc_stats_50841\" class=\"pvc_stats total_only  \" data-element-id=\"50841\" style=\"\"><i class=\"pvc-stats-icon large\" aria-hidden=\"true\"><svg aria-hidden=\"true\" focusable=\"false\" data-prefix=\"far\" data-icon=\"chart-bar\" role=\"img\" xmlns=\"http:\/\/www.w3.org\/2000\/svg\" viewBox=\"0 0 512 512\" class=\"svg-inline--fa fa-chart-bar fa-w-16 fa-2x\"><path fill=\"currentColor\" d=\"M396.8 352h22.4c6.4 0 12.8-6.4 12.8-12.8V108.8c0-6.4-6.4-12.8-12.8-12.8h-22.4c-6.4 0-12.8 6.4-12.8 12.8v230.4c0 6.4 6.4 12.8 12.8 12.8zm-192 0h22.4c6.4 0 12.8-6.4 12.8-12.8V140.8c0-6.4-6.4-12.8-12.8-12.8h-22.4c-6.4 0-12.8 6.4-12.8 12.8v198.4c0 6.4 6.4 12.8 12.8 12.8zm96 0h22.4c6.4 0 12.8-6.4 12.8-12.8V204.8c0-6.4-6.4-12.8-12.8-12.8h-22.4c-6.4 0-12.8 6.4-12.8 12.8v134.4c0 6.4 6.4 12.8 12.8 12.8zM496 400H48V80c0-8.84-7.16-16-16-16H16C7.16 64 0 71.16 0 80v336c0 17.67 14.33 32 32 32h464c8.84 0 16-7.16 16-16v-16c0-8.84-7.16-16-16-16zm-387.2-48h22.4c6.4 0 12.8-6.4 12.8-12.8v-70.4c0-6.4-6.4-12.8-12.8-12.8h-22.4c-6.4 0-12.8 6.4-12.8 12.8v70.4c0 6.4 6.4 12.8 12.8 12.8z\" class=\"\"><\/path><\/svg><\/i> <img loading=\"lazy\" decoding=\"async\" width=\"16\" height=\"16\" alt=\"Loading\" src=\"https:\/\/temucotelevision.cl\/web\/wp-content\/plugins\/page-views-count\/ajax-loader-2x.gif\" border=0 \/><\/p><div class=\"pvc_clear\"><\/div>\n<p><em>La directiva nacional y regional, junto con candidatos y candidatas del partido, se reunieron en la ciudad jard\u00edn para entregarle el apoyo al candidato a alcalde Iv\u00e1n Poduje, quien asegur\u00f3 sentirse representado con los valores del PSC.<\/em><\/p>\n\n\n\n<p>Iv\u00e1n Poduje, candidato a alcalde por Vi\u00f1a del Mar, se reuni\u00f3 este mi\u00e9rcoles con la directiva nacional y regional del Partido Social Cristiano, quienes junto a los candidatos a consejeros regionales y concejales, le brindaron todo su respaldo para su candidatura al sill\u00f3n edilicio de la ciudad jard\u00edn. \u00c9l se\u00f1al\u00f3: &#8220;La ciudad ha sido muy abandonada por a\u00f1os de mala gesti\u00f3n y nosotros vamos a trabajar desde el primer d\u00eda para servir a los vi\u00f1amarinos&#8221;.<\/p>\n\n\n\n<p>&#8220;Como Partido Social Cristiano, queremos brindar todo nuestro apoyo a una de las mejores opciones que tiene Vi\u00f1a del Mar para las elecciones de alcalde de octubre de este a\u00f1o, como es Iv\u00e1n Poduje. Nos alegramos de entregar este apoyo a un candidato independiente que ha demostrado tener las habilidades y capacidades para ser un buen gobernante para la ciudad jard\u00edn, porque la gente lo necesita&#8221;, se\u00f1al\u00f3 la presidenta del PSC, diputada Sara Concha.<\/p>\n\n\n\n<p>Respecto a esto, Poduje agreg\u00f3: &#8220;Agradezco profundamente al Partido Social Cristiano por su apoyo, porque creo que los valores que ellos han levantado me identifican plenamente. El primero es servir a nuestro pa\u00eds y, en este caso, a los vi\u00f1amarinos. La ciudad est\u00e1 muy deteriorada por a\u00f1os de mala gesti\u00f3n y nosotros la sacaremos de ah\u00ed. Otro valor fundamental para m\u00ed es la tolerancia cero a la corrupci\u00f3n&#8221;.<\/p>\n\n\n\n<p>&#8220;Ac\u00e1 hay una administraci\u00f3n con severos problemas de probidad, con un partido como Revoluci\u00f3n Democr\u00e1tica al que pertenece la alcaldesa, que tiene a tres militantes presos por robarse el dinero de los campamentos. Nosotros aplicaremos mano dura, sacaremos a todos los operadores y trabajaremos con los funcionarios de carrera que han sido maltratados y perseguidos&#8221;, advirti\u00f3 Poduje.<\/p>\n\n\n\n<p>Finalmente, el presidente regional Esteban Barahona sentenci\u00f3: &#8220;Queremos reiterar nuestro apoyo a Iv\u00e1n Poduje. Estamos muy contentos de trabajar con \u00e9l y de llegar a acuerdos como partido. Tambi\u00e9n esperamos lo mismo de los dem\u00e1s partidos de derecha. Hemos logrado consolidarnos a lo largo de todo Chile en menos de un a\u00f1o, cumpliendo con los requisitos m\u00ednimos que exige el Servel, y aqu\u00ed en la regi\u00f3n estamos preparados para competir en todos los puestos&#8221;.<\/p>\n","protected":false},"excerpt":{"rendered":"<div class=\"pvc_clear\"><\/div>\n<p id=\"pvc_stats_50841\" class=\"pvc_stats total_only  \" data-element-id=\"50841\" style=\"\"><i class=\"pvc-stats-icon large\" aria-hidden=\"true\"><svg aria-hidden=\"true\" focusable=\"false\" data-prefix=\"far\" data-icon=\"chart-bar\" role=\"img\" xmlns=\"http:\/\/www.w3.org\/2000\/svg\" viewBox=\"0 0 512 512\" class=\"svg-inline--fa fa-chart-bar fa-w-16 fa-2x\"><path fill=\"currentColor\" d=\"M396.8 352h22.4c6.4 0 12.8-6.4 12.8-12.8V108.8c0-6.4-6.4-12.8-12.8-12.8h-22.4c-6.4 0-12.8 6.4-12.8 12.8v230.4c0 6.4 6.4 12.8 12.8 12.8zm-192 0h22.4c6.4 0 12.8-6.4 12.8-12.8V140.8c0-6.4-6.4-12.8-12.8-12.8h-22.4c-6.4 0-12.8 6.4-12.8 12.8v198.4c0 6.4 6.4 12.8 12.8 12.8zm96 0h22.4c6.4 0 12.8-6.4 12.8-12.8V204.8c0-6.4-6.4-12.8-12.8-12.8h-22.4c-6.4 0-12.8 6.4-12.8 12.8v134.4c0 6.4 6.4 12.8 12.8 12.8zM496 400H48V80c0-8.84-7.16-16-16-16H16C7.16 64 0 71.16 0 80v336c0 17.67 14.33 32 32 32h464c8.84 0 16-7.16 16-16v-16c0-8.84-7.16-16-16-16zm-387.2-48h22.4c6.4 0 12.8-6.4 12.8-12.8v-70.4c0-6.4-6.4-12.8-12.8-12.8h-22.4c-6.4 0-12.8 6.4-12.8 12.8v70.4c0 6.4 6.4 12.8 12.8 12.8z\" class=\"\"><\/path><\/svg><\/i> <img loading=\"lazy\" decoding=\"async\" width=\"16\" height=\"16\" alt=\"Loading\" src=\"https:\/\/temucotelevision.cl\/web\/wp-content\/plugins\/page-views-count\/ajax-loader-2x.gif\" border=0 \/><\/p>\n<div class=\"pvc_clear\"><\/div>\n<p>La directiva nacional y regional, junto con candidatos y candidatas del partido, se reunieron en la ciudad jard\u00edn para entregarle<\/p>\n","protected":false},"author":1,"featured_media":50842,"comment_status":"open","ping_status":"open","sticky":false,"template":"","format":"standard","meta":{"colormag_page_container_layout":"default_layout","colormag_page_sidebar_layout":"default_layout","footnotes":""},"categories":[18,84],"tags":[6627],"class_list":["post-50841","post","type-post","status-publish","format-standard","has-post-thumbnail","hentry","category-nacional","category-politica","tag-partido-social-cristiano"],"a3_pvc":{"activated":true,"total_views":818,"today_views":0},"_links":{"self":[{"href":"https:\/\/temucotelevision.cl\/web\/wp-json\/wp\/v2\/posts\/50841","targetHints":{"allow":["GET"]}}],"collection":[{"href":"https:\/\/temucotelevision.cl\/web\/wp-json\/wp\/v2\/posts"}],"about":[{"href":"https:\/\/temucotelevision.cl\/web\/wp-json\/wp\/v2\/types\/post"}],"author":[{"embeddable":true,"href":"https:\/\/temucotelevision.cl\/web\/wp-json\/wp\/v2\/users\/1"}],"replies":[{"embeddable":true,"href":"https:\/\/temucotelevision.cl\/web\/wp-json\/wp\/v2\/comments?post=50841"}],"version-history":[{"count":1,"href":"https:\/\/temucotelevision.cl\/web\/wp-json\/wp\/v2\/posts\/50841\/revisions"}],"predecessor-version":[{"id":50843,"href":"https:\/\/temucotelevision.cl\/web\/wp-json\/wp\/v2\/posts\/50841\/revisions\/50843"}],"wp:featuredmedia":[{"embeddable":true,"href":"https:\/\/temucotelevision.cl\/web\/wp-json\/wp\/v2\/media\/50842"}],"wp:attachment":[{"href":"https:\/\/temucotelevision.cl\/web\/wp-json\/wp\/v2\/media?parent=50841"}],"wp:term":[{"taxonomy":"category","embeddable":true,"href":"https:\/\/temucotelevision.cl\/web\/wp-json\/wp\/v2\/categories?post=50841"},{"taxonomy":"post_tag","embeddable":true,"href":"https:\/\/temucotelevision.cl\/web\/wp-json\/wp\/v2\/tags?post=50841"}],"curies":[{"name":"wp","href":"https:\/\/api.w.org\/{rel}","templated":true}]}}