{"id":50837,"date":"2024-06-20T22:03:00","date_gmt":"2024-06-21T01:03:00","guid":{"rendered":"https:\/\/temucotelevision.cl\/web\/?p=50837"},"modified":"2024-06-21T13:31:26","modified_gmt":"2024-06-21T16:31:26","slug":"boreal-estrena-todo-en-silencio-da-igual-y-desafia-el-temor-al-rechazo-social","status":"publish","type":"post","link":"https:\/\/temucotelevision.cl\/web\/2024\/06\/20\/boreal-estrena-todo-en-silencio-da-igual-y-desafia-el-temor-al-rechazo-social\/","title":{"rendered":"Boreal estrena \u201cTodo en Silencio da Igual\u201d y desaf\u00eda el temor al rechazo social"},"content":{"rendered":"<div class=\"pvc_clear\"><\/div><p id=\"pvc_stats_50837\" class=\"pvc_stats total_only  \" data-element-id=\"50837\" style=\"\"><i class=\"pvc-stats-icon large\" aria-hidden=\"true\"><svg aria-hidden=\"true\" focusable=\"false\" data-prefix=\"far\" data-icon=\"chart-bar\" role=\"img\" xmlns=\"http:\/\/www.w3.org\/2000\/svg\" viewBox=\"0 0 512 512\" class=\"svg-inline--fa fa-chart-bar fa-w-16 fa-2x\"><path fill=\"currentColor\" d=\"M396.8 352h22.4c6.4 0 12.8-6.4 12.8-12.8V108.8c0-6.4-6.4-12.8-12.8-12.8h-22.4c-6.4 0-12.8 6.4-12.8 12.8v230.4c0 6.4 6.4 12.8 12.8 12.8zm-192 0h22.4c6.4 0 12.8-6.4 12.8-12.8V140.8c0-6.4-6.4-12.8-12.8-12.8h-22.4c-6.4 0-12.8 6.4-12.8 12.8v198.4c0 6.4 6.4 12.8 12.8 12.8zm96 0h22.4c6.4 0 12.8-6.4 12.8-12.8V204.8c0-6.4-6.4-12.8-12.8-12.8h-22.4c-6.4 0-12.8 6.4-12.8 12.8v134.4c0 6.4 6.4 12.8 12.8 12.8zM496 400H48V80c0-8.84-7.16-16-16-16H16C7.16 64 0 71.16 0 80v336c0 17.67 14.33 32 32 32h464c8.84 0 16-7.16 16-16v-16c0-8.84-7.16-16-16-16zm-387.2-48h22.4c6.4 0 12.8-6.4 12.8-12.8v-70.4c0-6.4-6.4-12.8-12.8-12.8h-22.4c-6.4 0-12.8 6.4-12.8 12.8v70.4c0 6.4 6.4 12.8 12.8 12.8z\" class=\"\"><\/path><\/svg><\/i> <img loading=\"lazy\" decoding=\"async\" width=\"16\" height=\"16\" alt=\"Loading\" src=\"https:\/\/temucotelevision.cl\/web\/wp-content\/plugins\/page-views-count\/ajax-loader-2x.gif\" border=0 \/><\/p><div class=\"pvc_clear\"><\/div>\n<p class=\"has-medium-font-size\"><strong>La banda hace un llamado a no callarse en una sociedad llena de prejuicios.<\/strong><\/p>\n\n\n\n<p><a href=\"https:\/\/www.instagram.com\/borealchile\/\"><strong>Boreal<\/strong><\/a>, banda de rock alternativo, vuelve a la carga con su nuevo sencillo \u201c<a href=\"https:\/\/open.spotify.com\/intl-es\/track\/3QTBMFowJW5hSFqKFip8uv?si=72a984fb5d4841e7\"><strong>Todo en Silencio da Igual<\/strong><\/a>\u201c. Con una trayectoria marcada por la mezcla de sonidos crudos y riffs potentes, esta nueva entrega se adentra en tem\u00e1ticas sociales actuales y urgentes, invitando a sus oyentes a no quedarse callados ante el miedo al rechazo y la discriminaci\u00f3n. Este tema, creado pr\u00e1cticamente en un d\u00eda de ensayo y con una producci\u00f3n minimalista, captura la esencia cruda y en\u00e9rgica del proyecto, reflejando la influencia de bandas contempor\u00e1neas del rock brit\u00e1nico, as\u00ed como de aquellas legendarias del rock de los a\u00f1os 90 y 00.<\/p>\n\n\n\n<p>Con \u201c<a href=\"https:\/\/open.spotify.com\/intl-es\/track\/3QTBMFowJW5hSFqKFip8uv?si=72a984fb5d4841e7\"><strong>Todo en Silencio da Igual<\/strong><\/a>\u201c,&nbsp;<a href=\"https:\/\/www.instagram.com\/borealchile\/\"><strong>Boreal<\/strong><\/a>&nbsp;retoma su sonido caracter\u00edstico, ahora cargado de tonos oscuros y guitarras con mucho fuzz, evocando la autenticidad y frescura de una sesi\u00f3n en vivo. La canci\u00f3n aborda situaciones cotidianas de nuestra sociedad, destacando la importancia de expresarnos sin temor al juicio de los dem\u00e1s. Este sencillo fue producido por&nbsp;<strong>Felipe Cherubini<\/strong>&nbsp;y masterizado por&nbsp;<strong>Chalo Gonz\u00e1lez<\/strong>, aportando una calidad t\u00e9cnica que realza la intensidad y el mensaje de la banda.<\/p>\n\n\n\n<p>Boreal, conformada por&nbsp;<strong>Patricio Pe\u00f1ailillo<\/strong>&nbsp;(guitarra\/voz),&nbsp;<strong>Pablo Cienfuegos<\/strong>&nbsp;(bajo),&nbsp;<strong>Mario Palma&nbsp;<\/strong>(bater\u00eda\/coros),&nbsp;<strong>Miguel Antro&nbsp;<\/strong>(guitarra) y&nbsp;<strong>Felipe Valenzuela&nbsp;<\/strong>(voz), contin\u00faa demostrando que el rock chileno tiene mucho que decir.<\/p>\n\n\n\n<p>Escucha \u201c<a href=\"https:\/\/open.spotify.com\/intl-es\/track\/3QTBMFowJW5hSFqKFip8uv?si=72a984fb5d4841e7\"><strong>Todo en Silencio da Igual<\/strong><\/a>\u201d en tu plataforma favorita y sigue a\u00a0<a href=\"https:\/\/www.instagram.com\/borealchile\/\"><strong>Boreal<\/strong><\/a>\u00a0en sus redes sociales para no perderte ninguna novedad.<\/p>\n\n\n\n<figure class=\"wp-block-embed is-type-video is-provider-youtube wp-block-embed-youtube wp-embed-aspect-16-9 wp-has-aspect-ratio\"><div class=\"wp-block-embed__wrapper\">\n<div class=\"epyt-video-wrapper\"><iframe loading=\"lazy\"  id=\"_ytid_47748\"  width=\"800\" height=\"450\"  data-origwidth=\"800\" data-origheight=\"450\" src=\"https:\/\/www.youtube.com\/embed\/g_ApvQBUHgg?enablejsapi=1&#038;autoplay=0&#038;cc_load_policy=0&#038;cc_lang_pref=&#038;iv_load_policy=1&#038;loop=0&#038;rel=1&#038;fs=1&#038;playsinline=0&#038;autohide=2&#038;theme=dark&#038;color=red&#038;controls=1&#038;disablekb=0&#038;\" class=\"__youtube_prefs__  epyt-is-override  no-lazyload\" title=\"YouTube player\"  allow=\"fullscreen; accelerometer; autoplay; clipboard-write; encrypted-media; gyroscope; picture-in-picture; web-share\" referrerpolicy=\"strict-origin-when-cross-origin\" allowfullscreen data-no-lazy=\"1\" data-skipgform_ajax_framebjll=\"\"><\/iframe><\/div>\n<\/div><\/figure>\n","protected":false},"excerpt":{"rendered":"<div class=\"pvc_clear\"><\/div>\n<p id=\"pvc_stats_50837\" class=\"pvc_stats total_only  \" data-element-id=\"50837\" style=\"\"><i class=\"pvc-stats-icon large\" aria-hidden=\"true\"><svg aria-hidden=\"true\" focusable=\"false\" data-prefix=\"far\" data-icon=\"chart-bar\" role=\"img\" xmlns=\"http:\/\/www.w3.org\/2000\/svg\" viewBox=\"0 0 512 512\" class=\"svg-inline--fa fa-chart-bar fa-w-16 fa-2x\"><path fill=\"currentColor\" d=\"M396.8 352h22.4c6.4 0 12.8-6.4 12.8-12.8V108.8c0-6.4-6.4-12.8-12.8-12.8h-22.4c-6.4 0-12.8 6.4-12.8 12.8v230.4c0 6.4 6.4 12.8 12.8 12.8zm-192 0h22.4c6.4 0 12.8-6.4 12.8-12.8V140.8c0-6.4-6.4-12.8-12.8-12.8h-22.4c-6.4 0-12.8 6.4-12.8 12.8v198.4c0 6.4 6.4 12.8 12.8 12.8zm96 0h22.4c6.4 0 12.8-6.4 12.8-12.8V204.8c0-6.4-6.4-12.8-12.8-12.8h-22.4c-6.4 0-12.8 6.4-12.8 12.8v134.4c0 6.4 6.4 12.8 12.8 12.8zM496 400H48V80c0-8.84-7.16-16-16-16H16C7.16 64 0 71.16 0 80v336c0 17.67 14.33 32 32 32h464c8.84 0 16-7.16 16-16v-16c0-8.84-7.16-16-16-16zm-387.2-48h22.4c6.4 0 12.8-6.4 12.8-12.8v-70.4c0-6.4-6.4-12.8-12.8-12.8h-22.4c-6.4 0-12.8 6.4-12.8 12.8v70.4c0 6.4 6.4 12.8 12.8 12.8z\" class=\"\"><\/path><\/svg><\/i> <img loading=\"lazy\" decoding=\"async\" width=\"16\" height=\"16\" alt=\"Loading\" src=\"https:\/\/temucotelevision.cl\/web\/wp-content\/plugins\/page-views-count\/ajax-loader-2x.gif\" border=0 \/><\/p>\n<div class=\"pvc_clear\"><\/div>\n<p>La banda hace un llamado a no callarse en una sociedad llena de prejuicios. Boreal, banda de rock alternativo, vuelve<\/p>\n","protected":false},"author":143,"featured_media":50838,"comment_status":"open","ping_status":"open","sticky":false,"template":"","format":"standard","meta":{"colormag_page_container_layout":"default_layout","colormag_page_sidebar_layout":"default_layout","footnotes":""},"categories":[369],"tags":[],"class_list":["post-50837","post","type-post","status-publish","format-standard","has-post-thumbnail","hentry","category-musica"],"a3_pvc":{"activated":true,"total_views":1055,"today_views":0},"_links":{"self":[{"href":"https:\/\/temucotelevision.cl\/web\/wp-json\/wp\/v2\/posts\/50837","targetHints":{"allow":["GET"]}}],"collection":[{"href":"https:\/\/temucotelevision.cl\/web\/wp-json\/wp\/v2\/posts"}],"about":[{"href":"https:\/\/temucotelevision.cl\/web\/wp-json\/wp\/v2\/types\/post"}],"author":[{"embeddable":true,"href":"https:\/\/temucotelevision.cl\/web\/wp-json\/wp\/v2\/users\/143"}],"replies":[{"embeddable":true,"href":"https:\/\/temucotelevision.cl\/web\/wp-json\/wp\/v2\/comments?post=50837"}],"version-history":[{"count":2,"href":"https:\/\/temucotelevision.cl\/web\/wp-json\/wp\/v2\/posts\/50837\/revisions"}],"predecessor-version":[{"id":50840,"href":"https:\/\/temucotelevision.cl\/web\/wp-json\/wp\/v2\/posts\/50837\/revisions\/50840"}],"wp:featuredmedia":[{"embeddable":true,"href":"https:\/\/temucotelevision.cl\/web\/wp-json\/wp\/v2\/media\/50838"}],"wp:attachment":[{"href":"https:\/\/temucotelevision.cl\/web\/wp-json\/wp\/v2\/media?parent=50837"}],"wp:term":[{"taxonomy":"category","embeddable":true,"href":"https:\/\/temucotelevision.cl\/web\/wp-json\/wp\/v2\/categories?post=50837"},{"taxonomy":"post_tag","embeddable":true,"href":"https:\/\/temucotelevision.cl\/web\/wp-json\/wp\/v2\/tags?post=50837"}],"curies":[{"name":"wp","href":"https:\/\/api.w.org\/{rel}","templated":true}]}}