{"id":50832,"date":"2024-06-20T21:28:08","date_gmt":"2024-06-21T00:28:08","guid":{"rendered":"https:\/\/temucotelevision.cl\/web\/?p=50832"},"modified":"2024-06-20T21:28:09","modified_gmt":"2024-06-21T00:28:09","slug":"bierfest-on-tour-celebra-sus-15-anos-y-lo-hara-tirando-la-casa-por-la-ventana","status":"publish","type":"post","link":"https:\/\/temucotelevision.cl\/web\/2024\/06\/20\/bierfest-on-tour-celebra-sus-15-anos-y-lo-hara-tirando-la-casa-por-la-ventana\/","title":{"rendered":"\u00a1Bierfest On Tour celebra sus 15 a\u00f1os y lo har\u00e1 tirando la casa por la ventana!"},"content":{"rendered":"<div class=\"pvc_clear\"><\/div><p id=\"pvc_stats_50832\" class=\"pvc_stats total_only  \" data-element-id=\"50832\" style=\"\"><i class=\"pvc-stats-icon large\" aria-hidden=\"true\"><svg aria-hidden=\"true\" focusable=\"false\" data-prefix=\"far\" data-icon=\"chart-bar\" role=\"img\" xmlns=\"http:\/\/www.w3.org\/2000\/svg\" viewBox=\"0 0 512 512\" class=\"svg-inline--fa fa-chart-bar fa-w-16 fa-2x\"><path fill=\"currentColor\" d=\"M396.8 352h22.4c6.4 0 12.8-6.4 12.8-12.8V108.8c0-6.4-6.4-12.8-12.8-12.8h-22.4c-6.4 0-12.8 6.4-12.8 12.8v230.4c0 6.4 6.4 12.8 12.8 12.8zm-192 0h22.4c6.4 0 12.8-6.4 12.8-12.8V140.8c0-6.4-6.4-12.8-12.8-12.8h-22.4c-6.4 0-12.8 6.4-12.8 12.8v198.4c0 6.4 6.4 12.8 12.8 12.8zm96 0h22.4c6.4 0 12.8-6.4 12.8-12.8V204.8c0-6.4-6.4-12.8-12.8-12.8h-22.4c-6.4 0-12.8 6.4-12.8 12.8v134.4c0 6.4 6.4 12.8 12.8 12.8zM496 400H48V80c0-8.84-7.16-16-16-16H16C7.16 64 0 71.16 0 80v336c0 17.67 14.33 32 32 32h464c8.84 0 16-7.16 16-16v-16c0-8.84-7.16-16-16-16zm-387.2-48h22.4c6.4 0 12.8-6.4 12.8-12.8v-70.4c0-6.4-6.4-12.8-12.8-12.8h-22.4c-6.4 0-12.8 6.4-12.8 12.8v70.4c0 6.4 6.4 12.8 12.8 12.8z\" class=\"\"><\/path><\/svg><\/i> <img loading=\"lazy\" decoding=\"async\" width=\"16\" height=\"16\" alt=\"Loading\" src=\"https:\/\/temucotelevision.cl\/web\/wp-content\/plugins\/page-views-count\/ajax-loader-2x.gif\" border=0 \/><\/p><div class=\"pvc_clear\"><\/div>\n<p>Esta vez ser\u00e1n seis (6) las ciudades que visitar\u00e1 la caravana festivalera, comenzando con una jornada especial y \u00fanica en el norte grande de nuestro pa\u00eds, y que promete contar con las reconocidas actividades que han consagrado esta emblem\u00e1tica instancia donde se re\u00fane gastronom\u00eda, m\u00fasica en vivo y, por sobre todo, el maravilloso universo cervecero del pa\u00eds<\/p>\n\n\n\n<p>El hist\u00f3rico y n\u00f3made evento, ha logrado congregar anualmente a m\u00e1s de&nbsp;<strong>60 mil personas,<\/strong>&nbsp;visitando lugares como&nbsp;<strong>Iquique, Antofagasta, Pe\u00f1uelas, Copiap\u00f3, Coquimbo, La Serena, Vicu\u00f1a, Machal\u00ed, Concepci\u00f3n y Santiago,<\/strong>&nbsp;consolid\u00e1ndose como una cita esencial para los amantes de la cerveza y la m\u00fasica en vivo, lo que la han convertido en una plaza obligada y esperada para emprendedores locales y el pujante turismo de intereses especiales.<\/p>\n\n\n\n<p>Adem\u00e1s, cabe destacar la participaci\u00f3n de m\u00e1s de&nbsp;<strong>100 bandas musicales en vivo -locales y nacionales-&nbsp;<\/strong>a lo largo de estos a\u00f1os de historia, las que han hecho bailar y disfrutar al m\u00e1ximo al p\u00fablico que ha sido parte de cada edici\u00f3n de este ic\u00f3nico encuentro.<\/p>\n\n\n\n<p><strong>L<\/strong>a primera parada de este&nbsp;<strong>Bierfest On Tour 2024<\/strong>&nbsp;promete ser una de las m\u00e1s destacadas de la gira, y tendr\u00e1 lugar en&nbsp;<strong>Copiap\u00f3 en Diego de Almagro 35, El Ed\u00e9n, los d\u00edas 12 y 13 de julio.<\/strong>&nbsp;En ella, las y los asistentes podr\u00e1n disfrutar de una selecci\u00f3n de las mejores y m\u00e1s prestigiosas cervezas artesanales del pa\u00eds, presentadas en 18 stands dedicados exclusivamente a su degustaci\u00f3n, y acompa\u00f1ados de la m\u00fasica de&nbsp;<strong>Quique Neira, Shamanes, La Combo Tortuga, Chystemc, Gufi, La Banda Tropikal, Los Mox,<\/strong>&nbsp;entre otros.<\/p>\n\n\n\n<p>Complementando la experiencia cervecera, el festival contar\u00e1 con una amplia variedad de&nbsp;<strong>gastronom\u00eda en un patio de foodtrucks<\/strong>, el que ofrecer\u00e1 desde opciones gastron\u00f3micas tradicionales hasta propuestas culinarias innovadoras. Tambi\u00e9n se incluir\u00e1 un stand de merchandising del evento y un stand de gastronom\u00eda adicional.<\/p>\n\n\n\n<p>Pensando en la comodidad y el entretenimiento para todas las edades, el&nbsp;<strong>Bierfest On Tour&nbsp;<\/strong>ofrece juegos inflables para los m\u00e1s peque\u00f1os y un sector de descanso para aquellos que busquen un momento de tranquilidad. Asimismo, se ha habilitado un lounge de prensa y puntos de venta autorizados para facilitar la cobertura y acceso a servicios.<\/p>\n\n\n\n<p>Con el fin de garantizar la accesibilidad y una buena experiencia del p\u00fablico, la venta de tickets est\u00e1 disponible online a trav\u00e9s del sistema<strong>&nbsp;<a href=\"https:\/\/compra.serviticket.cl\/eventos\/bierfest-on-tour-copiapo\"><u>Serviticket<\/u><\/a>&nbsp;<\/strong><\/p>\n\n\n\n<p>En definitiva, este\u00a0<strong>Bierfest On<\/strong>\u00a0tour invita a todos a participar de esta celebraci\u00f3n especial de sus\u00a0<strong>15 a\u00f1os de vida<\/strong>, y que no solo destaca por su oferta en cerveza y m\u00fasica en vivo como ya es costumbre, sino tambi\u00e9n, por disponer de un ambiente seguro y familiar para disfrutar de una jornada inolvidable y una experiencia memorable.<\/p>\n\n\n\n<p class=\"has-text-align-center has-medium-font-size\"><strong>Adquiere tus entradas v\u00eda\u00a0<a href=\"https:\/\/compra.serviticket.cl\/eventos\/bierfest-on-tour-copiapo\" target=\"_blank\" rel=\"noreferrer noopener\">Serviticket<\/a><\/strong><\/p>\n","protected":false},"excerpt":{"rendered":"<div class=\"pvc_clear\"><\/div>\n<p id=\"pvc_stats_50832\" class=\"pvc_stats total_only  \" data-element-id=\"50832\" style=\"\"><i class=\"pvc-stats-icon large\" aria-hidden=\"true\"><svg aria-hidden=\"true\" focusable=\"false\" data-prefix=\"far\" data-icon=\"chart-bar\" role=\"img\" xmlns=\"http:\/\/www.w3.org\/2000\/svg\" viewBox=\"0 0 512 512\" class=\"svg-inline--fa fa-chart-bar fa-w-16 fa-2x\"><path fill=\"currentColor\" d=\"M396.8 352h22.4c6.4 0 12.8-6.4 12.8-12.8V108.8c0-6.4-6.4-12.8-12.8-12.8h-22.4c-6.4 0-12.8 6.4-12.8 12.8v230.4c0 6.4 6.4 12.8 12.8 12.8zm-192 0h22.4c6.4 0 12.8-6.4 12.8-12.8V140.8c0-6.4-6.4-12.8-12.8-12.8h-22.4c-6.4 0-12.8 6.4-12.8 12.8v198.4c0 6.4 6.4 12.8 12.8 12.8zm96 0h22.4c6.4 0 12.8-6.4 12.8-12.8V204.8c0-6.4-6.4-12.8-12.8-12.8h-22.4c-6.4 0-12.8 6.4-12.8 12.8v134.4c0 6.4 6.4 12.8 12.8 12.8zM496 400H48V80c0-8.84-7.16-16-16-16H16C7.16 64 0 71.16 0 80v336c0 17.67 14.33 32 32 32h464c8.84 0 16-7.16 16-16v-16c0-8.84-7.16-16-16-16zm-387.2-48h22.4c6.4 0 12.8-6.4 12.8-12.8v-70.4c0-6.4-6.4-12.8-12.8-12.8h-22.4c-6.4 0-12.8 6.4-12.8 12.8v70.4c0 6.4 6.4 12.8 12.8 12.8z\" class=\"\"><\/path><\/svg><\/i> <img loading=\"lazy\" decoding=\"async\" width=\"16\" height=\"16\" alt=\"Loading\" src=\"https:\/\/temucotelevision.cl\/web\/wp-content\/plugins\/page-views-count\/ajax-loader-2x.gif\" border=0 \/><\/p>\n<div class=\"pvc_clear\"><\/div>\n<p>Esta vez ser\u00e1n seis (6) las ciudades que visitar\u00e1 la caravana festivalera, comenzando con una jornada especial y \u00fanica en<\/p>\n","protected":false},"author":143,"featured_media":50835,"comment_status":"open","ping_status":"open","sticky":false,"template":"","format":"standard","meta":{"colormag_page_container_layout":"default_layout","colormag_page_sidebar_layout":"default_layout","footnotes":""},"categories":[369],"tags":[],"class_list":["post-50832","post","type-post","status-publish","format-standard","has-post-thumbnail","hentry","category-musica"],"a3_pvc":{"activated":true,"total_views":79,"today_views":0},"_links":{"self":[{"href":"https:\/\/temucotelevision.cl\/web\/wp-json\/wp\/v2\/posts\/50832","targetHints":{"allow":["GET"]}}],"collection":[{"href":"https:\/\/temucotelevision.cl\/web\/wp-json\/wp\/v2\/posts"}],"about":[{"href":"https:\/\/temucotelevision.cl\/web\/wp-json\/wp\/v2\/types\/post"}],"author":[{"embeddable":true,"href":"https:\/\/temucotelevision.cl\/web\/wp-json\/wp\/v2\/users\/143"}],"replies":[{"embeddable":true,"href":"https:\/\/temucotelevision.cl\/web\/wp-json\/wp\/v2\/comments?post=50832"}],"version-history":[{"count":2,"href":"https:\/\/temucotelevision.cl\/web\/wp-json\/wp\/v2\/posts\/50832\/revisions"}],"predecessor-version":[{"id":50836,"href":"https:\/\/temucotelevision.cl\/web\/wp-json\/wp\/v2\/posts\/50832\/revisions\/50836"}],"wp:featuredmedia":[{"embeddable":true,"href":"https:\/\/temucotelevision.cl\/web\/wp-json\/wp\/v2\/media\/50835"}],"wp:attachment":[{"href":"https:\/\/temucotelevision.cl\/web\/wp-json\/wp\/v2\/media?parent=50832"}],"wp:term":[{"taxonomy":"category","embeddable":true,"href":"https:\/\/temucotelevision.cl\/web\/wp-json\/wp\/v2\/categories?post=50832"},{"taxonomy":"post_tag","embeddable":true,"href":"https:\/\/temucotelevision.cl\/web\/wp-json\/wp\/v2\/tags?post=50832"}],"curies":[{"name":"wp","href":"https:\/\/api.w.org\/{rel}","templated":true}]}}