{"id":50828,"date":"2024-06-20T13:29:53","date_gmt":"2024-06-20T16:29:53","guid":{"rendered":"https:\/\/temucotelevision.cl\/web\/?p=50828"},"modified":"2024-06-20T13:29:54","modified_gmt":"2024-06-20T16:29:54","slug":"alerta-de-persona-extraviada-en-el-parque-villarrica-intensa-busqueda-en-curso","status":"publish","type":"post","link":"https:\/\/temucotelevision.cl\/web\/2024\/06\/20\/alerta-de-persona-extraviada-en-el-parque-villarrica-intensa-busqueda-en-curso\/","title":{"rendered":"Alerta de persona extraviada en el Parque Villarrica: intensa b\u00fasqueda en curso"},"content":{"rendered":"<div class=\"pvc_clear\"><\/div><p id=\"pvc_stats_50828\" class=\"pvc_stats total_only  \" data-element-id=\"50828\" style=\"\"><i class=\"pvc-stats-icon large\" aria-hidden=\"true\"><svg aria-hidden=\"true\" focusable=\"false\" data-prefix=\"far\" data-icon=\"chart-bar\" role=\"img\" xmlns=\"http:\/\/www.w3.org\/2000\/svg\" viewBox=\"0 0 512 512\" class=\"svg-inline--fa fa-chart-bar fa-w-16 fa-2x\"><path fill=\"currentColor\" d=\"M396.8 352h22.4c6.4 0 12.8-6.4 12.8-12.8V108.8c0-6.4-6.4-12.8-12.8-12.8h-22.4c-6.4 0-12.8 6.4-12.8 12.8v230.4c0 6.4 6.4 12.8 12.8 12.8zm-192 0h22.4c6.4 0 12.8-6.4 12.8-12.8V140.8c0-6.4-6.4-12.8-12.8-12.8h-22.4c-6.4 0-12.8 6.4-12.8 12.8v198.4c0 6.4 6.4 12.8 12.8 12.8zm96 0h22.4c6.4 0 12.8-6.4 12.8-12.8V204.8c0-6.4-6.4-12.8-12.8-12.8h-22.4c-6.4 0-12.8 6.4-12.8 12.8v134.4c0 6.4 6.4 12.8 12.8 12.8zM496 400H48V80c0-8.84-7.16-16-16-16H16C7.16 64 0 71.16 0 80v336c0 17.67 14.33 32 32 32h464c8.84 0 16-7.16 16-16v-16c0-8.84-7.16-16-16-16zm-387.2-48h22.4c6.4 0 12.8-6.4 12.8-12.8v-70.4c0-6.4-6.4-12.8-12.8-12.8h-22.4c-6.4 0-12.8 6.4-12.8 12.8v70.4c0 6.4 6.4 12.8 12.8 12.8z\" class=\"\"><\/path><\/svg><\/i> <img loading=\"lazy\" decoding=\"async\" width=\"16\" height=\"16\" alt=\"Loading\" src=\"https:\/\/temucotelevision.cl\/web\/wp-content\/plugins\/page-views-count\/ajax-loader-2x.gif\" border=0 \/><\/p><div class=\"pvc_clear\"><\/div>\n<p>La comunidad de Villarrica se encuentra en alerta tras el reporte de una persona extraviada en el Parque Nacional Villarrica. Claudio Moreno, de 46 a\u00f1os, ingres\u00f3 al parque ayer sin registrarse, con la intenci\u00f3n de realizar deportes de nieve. Llevaba consigo una tabla y raquetas, y se dirig\u00eda al sector Correntoso. La situaci\u00f3n es incierta, ya que no est\u00e1 claro si se encuentra dentro del parque o en terrenos privados adyacentes.<\/p>\n\n\n\n<h3 class=\"wp-block-heading\">Operativo de B\u00fasqueda y Rescate<\/h3>\n\n\n\n<p>La alerta fue dada a conocer a las 21:00 horas de ayer, momento en el cual la Corporaci\u00f3n Nacional Forestal (CONAF) inici\u00f3 la b\u00fasqueda de inmediato, continuando hasta altas horas de la madrugada. La b\u00fasqueda se reanud\u00f3 hoy a las 7:00 de la ma\u00f1ana con la participaci\u00f3n de guardaparques, bomberos, ej\u00e9rcito y carabineros. Estos equipos est\u00e1n utilizando cartograf\u00eda detallada para abarcar tanto el interior del parque como las \u00e1reas privadas circundantes.<\/p>\n\n\n\n<h3 class=\"wp-block-heading\">Puesto de Mando<\/h3>\n\n\n\n<p>Se ha establecido un puesto de mando en la caseta del Parque Villarrica para coordinar las labores de b\u00fasqueda y rescate. Este centro de operaciones ser\u00e1 crucial para organizar los esfuerzos de los distintos equipos involucrados y mantener informada a la comunidad sobre el progreso de la b\u00fasqueda.<\/p>\n\n\n\n<h3 class=\"wp-block-heading\">Condiciones Meteorol\u00f3gicas y Accesibilidad<\/h3>\n\n\n\n<p>Las fuertes nevadas recientes han complicado las operaciones en el parque. Adem\u00e1s, el Ministerio de Obras P\u00fablicas (MOP) ha informado que el sector Puesco del Parque Villarrica permanecer\u00e1 cerrado debido a los trabajos de despeje de caminos por parte de las maquinarias. Este cierre es esencial para garantizar la seguridad de los operativos y facilitar el acceso a las \u00e1reas afectadas por la nieve.<\/p>\n\n\n\n<h3 class=\"wp-block-heading\">Llamado a la Comunidad<\/h3>\n\n\n\n<p>Las autoridades locales piden a cualquier persona que tenga informaci\u00f3n sobre el paradero de Claudio Moreno que se comunique de inmediato con los servicios de emergencia. La colaboraci\u00f3n de la comunidad es vital en estos momentos cr\u00edticos.<\/p>\n\n\n\n<p>Seguiremos informando sobre el desarrollo de esta situaci\u00f3n y esperamos la pronta localizaci\u00f3n de Claudio Moreno<\/p>\n","protected":false},"excerpt":{"rendered":"<div class=\"pvc_clear\"><\/div>\n<p id=\"pvc_stats_50828\" class=\"pvc_stats total_only  \" data-element-id=\"50828\" style=\"\"><i class=\"pvc-stats-icon large\" aria-hidden=\"true\"><svg aria-hidden=\"true\" focusable=\"false\" data-prefix=\"far\" data-icon=\"chart-bar\" role=\"img\" xmlns=\"http:\/\/www.w3.org\/2000\/svg\" viewBox=\"0 0 512 512\" class=\"svg-inline--fa fa-chart-bar fa-w-16 fa-2x\"><path fill=\"currentColor\" d=\"M396.8 352h22.4c6.4 0 12.8-6.4 12.8-12.8V108.8c0-6.4-6.4-12.8-12.8-12.8h-22.4c-6.4 0-12.8 6.4-12.8 12.8v230.4c0 6.4 6.4 12.8 12.8 12.8zm-192 0h22.4c6.4 0 12.8-6.4 12.8-12.8V140.8c0-6.4-6.4-12.8-12.8-12.8h-22.4c-6.4 0-12.8 6.4-12.8 12.8v198.4c0 6.4 6.4 12.8 12.8 12.8zm96 0h22.4c6.4 0 12.8-6.4 12.8-12.8V204.8c0-6.4-6.4-12.8-12.8-12.8h-22.4c-6.4 0-12.8 6.4-12.8 12.8v134.4c0 6.4 6.4 12.8 12.8 12.8zM496 400H48V80c0-8.84-7.16-16-16-16H16C7.16 64 0 71.16 0 80v336c0 17.67 14.33 32 32 32h464c8.84 0 16-7.16 16-16v-16c0-8.84-7.16-16-16-16zm-387.2-48h22.4c6.4 0 12.8-6.4 12.8-12.8v-70.4c0-6.4-6.4-12.8-12.8-12.8h-22.4c-6.4 0-12.8 6.4-12.8 12.8v70.4c0 6.4 6.4 12.8 12.8 12.8z\" class=\"\"><\/path><\/svg><\/i> <img loading=\"lazy\" decoding=\"async\" width=\"16\" height=\"16\" alt=\"Loading\" src=\"https:\/\/temucotelevision.cl\/web\/wp-content\/plugins\/page-views-count\/ajax-loader-2x.gif\" border=0 \/><\/p>\n<div class=\"pvc_clear\"><\/div>\n<p>La comunidad de Villarrica se encuentra en alerta tras el reporte de una persona extraviada en el Parque Nacional Villarrica.<\/p>\n","protected":false},"author":1,"featured_media":50829,"comment_status":"open","ping_status":"open","sticky":false,"template":"","format":"standard","meta":{"colormag_page_container_layout":"default_layout","colormag_page_sidebar_layout":"default_layout","footnotes":""},"categories":[15],"tags":[279],"class_list":["post-50828","post","type-post","status-publish","format-standard","has-post-thumbnail","hentry","category-la-araucania","tag-parque"],"a3_pvc":{"activated":true,"total_views":4593,"today_views":0},"_links":{"self":[{"href":"https:\/\/temucotelevision.cl\/web\/wp-json\/wp\/v2\/posts\/50828","targetHints":{"allow":["GET"]}}],"collection":[{"href":"https:\/\/temucotelevision.cl\/web\/wp-json\/wp\/v2\/posts"}],"about":[{"href":"https:\/\/temucotelevision.cl\/web\/wp-json\/wp\/v2\/types\/post"}],"author":[{"embeddable":true,"href":"https:\/\/temucotelevision.cl\/web\/wp-json\/wp\/v2\/users\/1"}],"replies":[{"embeddable":true,"href":"https:\/\/temucotelevision.cl\/web\/wp-json\/wp\/v2\/comments?post=50828"}],"version-history":[{"count":1,"href":"https:\/\/temucotelevision.cl\/web\/wp-json\/wp\/v2\/posts\/50828\/revisions"}],"predecessor-version":[{"id":50830,"href":"https:\/\/temucotelevision.cl\/web\/wp-json\/wp\/v2\/posts\/50828\/revisions\/50830"}],"wp:featuredmedia":[{"embeddable":true,"href":"https:\/\/temucotelevision.cl\/web\/wp-json\/wp\/v2\/media\/50829"}],"wp:attachment":[{"href":"https:\/\/temucotelevision.cl\/web\/wp-json\/wp\/v2\/media?parent=50828"}],"wp:term":[{"taxonomy":"category","embeddable":true,"href":"https:\/\/temucotelevision.cl\/web\/wp-json\/wp\/v2\/categories?post=50828"},{"taxonomy":"post_tag","embeddable":true,"href":"https:\/\/temucotelevision.cl\/web\/wp-json\/wp\/v2\/tags?post=50828"}],"curies":[{"name":"wp","href":"https:\/\/api.w.org\/{rel}","templated":true}]}}