{"id":50825,"date":"2024-06-19T15:48:00","date_gmt":"2024-06-19T18:48:00","guid":{"rendered":"https:\/\/temucotelevision.cl\/web\/?p=50825"},"modified":"2024-06-19T15:48:00","modified_gmt":"2024-06-19T18:48:00","slug":"declaran-emergencia-agricola-en-la-region-de-la-araucania","status":"publish","type":"post","link":"https:\/\/temucotelevision.cl\/web\/2024\/06\/19\/declaran-emergencia-agricola-en-la-region-de-la-araucania\/","title":{"rendered":"Declaran emergencia agr\u00edcola en la regi\u00f3n de La Araucan\u00eda"},"content":{"rendered":"<div class=\"pvc_clear\"><\/div><p id=\"pvc_stats_50825\" class=\"pvc_stats total_only  \" data-element-id=\"50825\" style=\"\"><i class=\"pvc-stats-icon large\" aria-hidden=\"true\"><svg aria-hidden=\"true\" focusable=\"false\" data-prefix=\"far\" data-icon=\"chart-bar\" role=\"img\" xmlns=\"http:\/\/www.w3.org\/2000\/svg\" viewBox=\"0 0 512 512\" class=\"svg-inline--fa fa-chart-bar fa-w-16 fa-2x\"><path fill=\"currentColor\" d=\"M396.8 352h22.4c6.4 0 12.8-6.4 12.8-12.8V108.8c0-6.4-6.4-12.8-12.8-12.8h-22.4c-6.4 0-12.8 6.4-12.8 12.8v230.4c0 6.4 6.4 12.8 12.8 12.8zm-192 0h22.4c6.4 0 12.8-6.4 12.8-12.8V140.8c0-6.4-6.4-12.8-12.8-12.8h-22.4c-6.4 0-12.8 6.4-12.8 12.8v198.4c0 6.4 6.4 12.8 12.8 12.8zm96 0h22.4c6.4 0 12.8-6.4 12.8-12.8V204.8c0-6.4-6.4-12.8-12.8-12.8h-22.4c-6.4 0-12.8 6.4-12.8 12.8v134.4c0 6.4 6.4 12.8 12.8 12.8zM496 400H48V80c0-8.84-7.16-16-16-16H16C7.16 64 0 71.16 0 80v336c0 17.67 14.33 32 32 32h464c8.84 0 16-7.16 16-16v-16c0-8.84-7.16-16-16-16zm-387.2-48h22.4c6.4 0 12.8-6.4 12.8-12.8v-70.4c0-6.4-6.4-12.8-12.8-12.8h-22.4c-6.4 0-12.8 6.4-12.8 12.8v70.4c0 6.4 6.4 12.8 12.8 12.8z\" class=\"\"><\/path><\/svg><\/i> <img loading=\"lazy\" decoding=\"async\" width=\"16\" height=\"16\" alt=\"Loading\" src=\"https:\/\/temucotelevision.cl\/web\/wp-content\/plugins\/page-views-count\/ajax-loader-2x.gif\" border=0 \/><\/p><div class=\"pvc_clear\"><\/div>\n<p><em>La medida agilizar\u00e1 el despliegue de Ayudas Tempranas para apoyar a las y los productores agr\u00edcolas, ganaderos y apicultores con alimento para ganado, aves y colmenas.<\/em><\/p>\n\n\n\n<p>El Ministerio de Agricultura declar\u00f3 estado de Emergencia Agr\u00edcola en La Araucan\u00eda, por los da\u00f1os productivos derivados del sistema frontal que est\u00e1 afectando a la zona centro-sur del pa\u00eds.<\/p>\n\n\n\n<p>&nbsp;\u201cEsto permite que los distintos actores institucionales como Minagri y Gore puedan activar sus mecanismos de apoyo ante este tipo de eventos. Estamos gestionando ante la direcci\u00f3n de presupuestos recursos que nos permitan ir en apoyo con ayudas temprana a productores agr\u00edcolas, ap\u00edcolas y ganaderos afectados por el sistema frontal. Paralelamente estamos trabajando con INDAP para revisi\u00f3n de cr\u00e9ditos y acelerar el proceso de pago de aquellos que han contratado seguros agr\u00edcolas\u201d, precis\u00f3 el seremi de Agricultura H\u00e9ctor Cumilaf.<\/p>\n\n\n\n<p>Esta resoluci\u00f3n agilizar\u00e1 el despliegue de Ayudas Tempranas en la regi\u00f3n, lo que se traduce en alimentaci\u00f3n para ganado, aves y colmenas y el posterior inicio del Catastro de Afectaci\u00f3n Silvoagropecuaria, que ejecutan en terreno funcionarios del Minagri para determinar el n\u00famero de productores agropecuarios y los integrantes de la agricultura familiar campesina que sufrieron da\u00f1os en sus predios debido a las lluvias e inundaciones.<\/p>\n\n\n\n<p><strong>Evaluaciones<\/strong><\/p>\n\n\n\n<p>Al respecto, el ministro de Agricultura, Esteban Valenzuela, explic\u00f3 que \u201cestamos comprometidos como Gobierno en ir en apoyo de los sectores m\u00e1s afectados con las ayudas tempranas que se requieran en la regi\u00f3n de La Araucan\u00eda, para eso estamos trabajando en conjunto con los gobiernos regionales y las municipalidades para realizar la evaluaci\u00f3n pertinente de los da\u00f1os para ir en apoyo del sector agr\u00edcola que lo ha pasado mal con estos frentes de mal tiempo y lluvias\u201d.<\/p>\n\n\n\n<p>Esta medida se complementar\u00e1 con otras de mediano y largo plazo que buscan adaptarse a una situaci\u00f3n que ya no se constituye como emergencia, sino que como una realidad estructural debido a los efectos del cambio clim\u00e1tico.<\/p>\n\n\n\n<p>\u201cA la fecha, nuestros extensionistas de INDAP y funcionarios municipales nos hacen un reporte preliminar de 1.600 agricultores afectados en La Araucan\u00eda, siendo las comunas de Angol, Ercilla, Lumaco, las m\u00e1s afectadas, hasta ahora\u201d, estim\u00f3, el seremi de Agricultura H\u00e9ctor Cumilaf.<\/p>\n\n\n\n<p>Por su parte, la subsecretaria de Agricultura, Ignacia Fern\u00e1ndez, junto con destacar la relevancia de esta medida, record\u00f3 que \u201cel Minagri ya se encuentra desplegado en terreno, en coordinaci\u00f3n con las autoridades regionales y locales, para actualizar la informaci\u00f3n preliminar que permitir\u00e1 evaluar la mejor forma de atender las necesidades de cada uno de los productores afectados\u201d.<\/p>\n\n\n\n<p>Con esta medida, La Araucan\u00eda se suma al Biob\u00edo, que ya fue declarada bajo la misma situaci\u00f3n de emergencia agr\u00edcola, durante el viernes pasado.<\/p>\n\n\n\n<figure class=\"wp-block-image size-large\"><img loading=\"lazy\" decoding=\"async\" width=\"1000\" height=\"554\" src=\"https:\/\/temucotelevision.cl\/web\/wp-content\/uploads\/2024\/06\/Lumaco2-1000x554.jpg\" alt=\"\" class=\"wp-image-50687\" srcset=\"https:\/\/temucotelevision.cl\/web\/wp-content\/uploads\/2024\/06\/Lumaco2-1000x554.jpg 1000w, https:\/\/temucotelevision.cl\/web\/wp-content\/uploads\/2024\/06\/Lumaco2-768x426.jpg 768w, https:\/\/temucotelevision.cl\/web\/wp-content\/uploads\/2024\/06\/Lumaco2-1536x851.jpg 1536w, https:\/\/temucotelevision.cl\/web\/wp-content\/uploads\/2024\/06\/Lumaco2-2048x1135.jpg 2048w\" sizes=\"auto, (max-width: 1000px) 100vw, 1000px\" \/><\/figure>\n","protected":false},"excerpt":{"rendered":"<div class=\"pvc_clear\"><\/div>\n<p id=\"pvc_stats_50825\" class=\"pvc_stats total_only  \" data-element-id=\"50825\" style=\"\"><i class=\"pvc-stats-icon large\" aria-hidden=\"true\"><svg aria-hidden=\"true\" focusable=\"false\" data-prefix=\"far\" data-icon=\"chart-bar\" role=\"img\" xmlns=\"http:\/\/www.w3.org\/2000\/svg\" viewBox=\"0 0 512 512\" class=\"svg-inline--fa fa-chart-bar fa-w-16 fa-2x\"><path fill=\"currentColor\" d=\"M396.8 352h22.4c6.4 0 12.8-6.4 12.8-12.8V108.8c0-6.4-6.4-12.8-12.8-12.8h-22.4c-6.4 0-12.8 6.4-12.8 12.8v230.4c0 6.4 6.4 12.8 12.8 12.8zm-192 0h22.4c6.4 0 12.8-6.4 12.8-12.8V140.8c0-6.4-6.4-12.8-12.8-12.8h-22.4c-6.4 0-12.8 6.4-12.8 12.8v198.4c0 6.4 6.4 12.8 12.8 12.8zm96 0h22.4c6.4 0 12.8-6.4 12.8-12.8V204.8c0-6.4-6.4-12.8-12.8-12.8h-22.4c-6.4 0-12.8 6.4-12.8 12.8v134.4c0 6.4 6.4 12.8 12.8 12.8zM496 400H48V80c0-8.84-7.16-16-16-16H16C7.16 64 0 71.16 0 80v336c0 17.67 14.33 32 32 32h464c8.84 0 16-7.16 16-16v-16c0-8.84-7.16-16-16-16zm-387.2-48h22.4c6.4 0 12.8-6.4 12.8-12.8v-70.4c0-6.4-6.4-12.8-12.8-12.8h-22.4c-6.4 0-12.8 6.4-12.8 12.8v70.4c0 6.4 6.4 12.8 12.8 12.8z\" class=\"\"><\/path><\/svg><\/i> <img loading=\"lazy\" decoding=\"async\" width=\"16\" height=\"16\" alt=\"Loading\" src=\"https:\/\/temucotelevision.cl\/web\/wp-content\/plugins\/page-views-count\/ajax-loader-2x.gif\" border=0 \/><\/p>\n<div class=\"pvc_clear\"><\/div>\n<p>La medida agilizar\u00e1 el despliegue de Ayudas Tempranas para apoyar a las y los productores agr\u00edcolas, ganaderos y apicultores con<\/p>\n","protected":false},"author":1,"featured_media":50826,"comment_status":"open","ping_status":"open","sticky":false,"template":"","format":"standard","meta":{"colormag_page_container_layout":"default_layout","colormag_page_sidebar_layout":"default_layout","footnotes":""},"categories":[15],"tags":[319,1336],"class_list":["post-50825","post","type-post","status-publish","format-standard","has-post-thumbnail","hentry","category-la-araucania","tag-agricultura","tag-lluvias"],"a3_pvc":{"activated":true,"total_views":1966,"today_views":0},"_links":{"self":[{"href":"https:\/\/temucotelevision.cl\/web\/wp-json\/wp\/v2\/posts\/50825","targetHints":{"allow":["GET"]}}],"collection":[{"href":"https:\/\/temucotelevision.cl\/web\/wp-json\/wp\/v2\/posts"}],"about":[{"href":"https:\/\/temucotelevision.cl\/web\/wp-json\/wp\/v2\/types\/post"}],"author":[{"embeddable":true,"href":"https:\/\/temucotelevision.cl\/web\/wp-json\/wp\/v2\/users\/1"}],"replies":[{"embeddable":true,"href":"https:\/\/temucotelevision.cl\/web\/wp-json\/wp\/v2\/comments?post=50825"}],"version-history":[{"count":1,"href":"https:\/\/temucotelevision.cl\/web\/wp-json\/wp\/v2\/posts\/50825\/revisions"}],"predecessor-version":[{"id":50827,"href":"https:\/\/temucotelevision.cl\/web\/wp-json\/wp\/v2\/posts\/50825\/revisions\/50827"}],"wp:featuredmedia":[{"embeddable":true,"href":"https:\/\/temucotelevision.cl\/web\/wp-json\/wp\/v2\/media\/50826"}],"wp:attachment":[{"href":"https:\/\/temucotelevision.cl\/web\/wp-json\/wp\/v2\/media?parent=50825"}],"wp:term":[{"taxonomy":"category","embeddable":true,"href":"https:\/\/temucotelevision.cl\/web\/wp-json\/wp\/v2\/categories?post=50825"},{"taxonomy":"post_tag","embeddable":true,"href":"https:\/\/temucotelevision.cl\/web\/wp-json\/wp\/v2\/tags?post=50825"}],"curies":[{"name":"wp","href":"https:\/\/api.w.org\/{rel}","templated":true}]}}