{"id":50818,"date":"2024-06-18T22:48:19","date_gmt":"2024-06-19T01:48:19","guid":{"rendered":"https:\/\/temucotelevision.cl\/web\/?p=50818"},"modified":"2024-06-18T22:49:50","modified_gmt":"2024-06-19T01:49:50","slug":"eduardo-bastias-sandoval-anuncia-candidatura-a-la-alcaldia-de-loncoche","status":"publish","type":"post","link":"https:\/\/temucotelevision.cl\/web\/2024\/06\/18\/eduardo-bastias-sandoval-anuncia-candidatura-a-la-alcaldia-de-loncoche\/","title":{"rendered":"Eduardo Bast\u00edas Sandoval anuncia candidatura a la alcald\u00eda de Loncoche"},"content":{"rendered":"<div class=\"pvc_clear\"><\/div><p id=\"pvc_stats_50818\" class=\"pvc_stats total_only  \" data-element-id=\"50818\" style=\"\"><i class=\"pvc-stats-icon large\" aria-hidden=\"true\"><svg aria-hidden=\"true\" focusable=\"false\" data-prefix=\"far\" data-icon=\"chart-bar\" role=\"img\" xmlns=\"http:\/\/www.w3.org\/2000\/svg\" viewBox=\"0 0 512 512\" class=\"svg-inline--fa fa-chart-bar fa-w-16 fa-2x\"><path fill=\"currentColor\" d=\"M396.8 352h22.4c6.4 0 12.8-6.4 12.8-12.8V108.8c0-6.4-6.4-12.8-12.8-12.8h-22.4c-6.4 0-12.8 6.4-12.8 12.8v230.4c0 6.4 6.4 12.8 12.8 12.8zm-192 0h22.4c6.4 0 12.8-6.4 12.8-12.8V140.8c0-6.4-6.4-12.8-12.8-12.8h-22.4c-6.4 0-12.8 6.4-12.8 12.8v198.4c0 6.4 6.4 12.8 12.8 12.8zm96 0h22.4c6.4 0 12.8-6.4 12.8-12.8V204.8c0-6.4-6.4-12.8-12.8-12.8h-22.4c-6.4 0-12.8 6.4-12.8 12.8v134.4c0 6.4 6.4 12.8 12.8 12.8zM496 400H48V80c0-8.84-7.16-16-16-16H16C7.16 64 0 71.16 0 80v336c0 17.67 14.33 32 32 32h464c8.84 0 16-7.16 16-16v-16c0-8.84-7.16-16-16-16zm-387.2-48h22.4c6.4 0 12.8-6.4 12.8-12.8v-70.4c0-6.4-6.4-12.8-12.8-12.8h-22.4c-6.4 0-12.8 6.4-12.8 12.8v70.4c0 6.4 6.4 12.8 12.8 12.8z\" class=\"\"><\/path><\/svg><\/i> <img loading=\"lazy\" decoding=\"async\" width=\"16\" height=\"16\" alt=\"Loading\" src=\"https:\/\/temucotelevision.cl\/web\/wp-content\/plugins\/page-views-count\/ajax-loader-2x.gif\" border=0 \/><\/p><div class=\"pvc_clear\"><\/div>\n<p>Loncoche, junio 2024 &#8211; La pasada semana de junio, el pre-candidato independiente Eduardo Bast\u00edas Sandoval (@edobastias) logr\u00f3 un hito significativo al conseguir los patrocinios necesarios para inscribir su candidatura a la alcald\u00eda de Loncoche. Este logro, obtenido en tiempo r\u00e9cord, lo convierte en la segunda candidatura oficializada y anunciada p\u00fablicamente en la comuna del copihue, de cara a las elecciones municipales de octubre del presente a\u00f1o.<\/p>\n\n\n\n<p>Bast\u00edas, un joven profesional originario de Loncoche, ha desarrollado una trayectoria destacada en diversas instituciones educativas de su comuna. Realiz\u00f3 estudios superiores en la Universidad de La Frontera y obtuvo un postgrado en la Universidad San Sebasti\u00e1n. En su solicitud de patrocinios a trav\u00e9s de redes sociales, Bast\u00edas hizo un llamado a la comunidad destacando su compromiso con una administraci\u00f3n honesta y responsable.<\/p>\n\n\n\n<p>El respaldo de la comunidad no se hizo esperar, y la respuesta en sus redes sociales fue abrumadoramente positiva. Ante este apoyo masivo, Eduardo Bast\u00edas expres\u00f3 su sorpresa y gratitud. &#8220;Much\u00edsimas gracias por la valent\u00eda y la confianza de darme este avent\u00f3n inicial&#8221;, escribi\u00f3 el ahora candidato independiente. &#8220;Desde hoy comenzar\u00e9 a trabajar por estar a la altura de lo que esto significa. Empezar\u00e9 a asentar los macizos cimientos sobre los cuales edificaremos, porque lo que se va a construir ser\u00e1 robusto, serio y s\u00f3lido; so\u00f1ar\u00e9 mi pueblo en grande, pero consciente de la realidad, teniendo el bien com\u00fan como objetivo y la comunidad como foco de las pol\u00edticas p\u00fablicas que se vayan a implementar.&#8221;<\/p>\n\n\n\n<div class=\"wp-block-media-text is-stacked-on-mobile\" style=\"grid-template-columns:28% auto\"><figure class=\"wp-block-media-text__media\"><img loading=\"lazy\" decoding=\"async\" width=\"982\" height=\"1000\" src=\"https:\/\/temucotelevision.cl\/web\/wp-content\/uploads\/2024\/06\/NOTA-PRENSA-e1718761687719-982x1000.jpg\" alt=\"\" class=\"wp-image-50819 size-full\" srcset=\"https:\/\/temucotelevision.cl\/web\/wp-content\/uploads\/2024\/06\/NOTA-PRENSA-e1718761687719-982x1000.jpg 982w, https:\/\/temucotelevision.cl\/web\/wp-content\/uploads\/2024\/06\/NOTA-PRENSA-e1718761687719-768x782.jpg 768w, https:\/\/temucotelevision.cl\/web\/wp-content\/uploads\/2024\/06\/NOTA-PRENSA-e1718761687719-1508x1536.jpg 1508w, https:\/\/temucotelevision.cl\/web\/wp-content\/uploads\/2024\/06\/NOTA-PRENSA-e1718761687719.jpg 1600w\" sizes=\"auto, (max-width: 982px) 100vw, 982px\" \/><\/figure><div class=\"wp-block-media-text__content\">\n<p>Con una base de apoyo s\u00f3lida y un claro compromiso con la comunidad, Eduardo Bast\u00edas Sandoval se perfila como una opci\u00f3n prometedora para la alcald\u00eda de Loncoche, en un proceso electoral que promete ser altamente competitivo y din\u00e1mico.<\/p>\n<\/div><\/div>\n","protected":false},"excerpt":{"rendered":"<div class=\"pvc_clear\"><\/div>\n<p id=\"pvc_stats_50818\" class=\"pvc_stats total_only  \" data-element-id=\"50818\" style=\"\"><i class=\"pvc-stats-icon large\" aria-hidden=\"true\"><svg aria-hidden=\"true\" focusable=\"false\" data-prefix=\"far\" data-icon=\"chart-bar\" role=\"img\" xmlns=\"http:\/\/www.w3.org\/2000\/svg\" viewBox=\"0 0 512 512\" class=\"svg-inline--fa fa-chart-bar fa-w-16 fa-2x\"><path fill=\"currentColor\" d=\"M396.8 352h22.4c6.4 0 12.8-6.4 12.8-12.8V108.8c0-6.4-6.4-12.8-12.8-12.8h-22.4c-6.4 0-12.8 6.4-12.8 12.8v230.4c0 6.4 6.4 12.8 12.8 12.8zm-192 0h22.4c6.4 0 12.8-6.4 12.8-12.8V140.8c0-6.4-6.4-12.8-12.8-12.8h-22.4c-6.4 0-12.8 6.4-12.8 12.8v198.4c0 6.4 6.4 12.8 12.8 12.8zm96 0h22.4c6.4 0 12.8-6.4 12.8-12.8V204.8c0-6.4-6.4-12.8-12.8-12.8h-22.4c-6.4 0-12.8 6.4-12.8 12.8v134.4c0 6.4 6.4 12.8 12.8 12.8zM496 400H48V80c0-8.84-7.16-16-16-16H16C7.16 64 0 71.16 0 80v336c0 17.67 14.33 32 32 32h464c8.84 0 16-7.16 16-16v-16c0-8.84-7.16-16-16-16zm-387.2-48h22.4c6.4 0 12.8-6.4 12.8-12.8v-70.4c0-6.4-6.4-12.8-12.8-12.8h-22.4c-6.4 0-12.8 6.4-12.8 12.8v70.4c0 6.4 6.4 12.8 12.8 12.8z\" class=\"\"><\/path><\/svg><\/i> <img loading=\"lazy\" decoding=\"async\" width=\"16\" height=\"16\" alt=\"Loading\" src=\"https:\/\/temucotelevision.cl\/web\/wp-content\/plugins\/page-views-count\/ajax-loader-2x.gif\" border=0 \/><\/p>\n<div class=\"pvc_clear\"><\/div>\n<p>Loncoche, junio 2024 &#8211; La pasada semana de junio, el pre-candidato independiente Eduardo Bast\u00edas Sandoval (@edobastias) logr\u00f3 un hito significativo<\/p>\n","protected":false},"author":1,"featured_media":50819,"comment_status":"open","ping_status":"open","sticky":false,"template":"","format":"standard","meta":{"colormag_page_container_layout":"default_layout","colormag_page_sidebar_layout":"default_layout","footnotes":""},"categories":[84],"tags":[2719,993],"class_list":["post-50818","post","type-post","status-publish","format-standard","has-post-thumbnail","hentry","category-politica","tag-alcaldia","tag-loncoche"],"a3_pvc":{"activated":true,"total_views":1491,"today_views":0},"_links":{"self":[{"href":"https:\/\/temucotelevision.cl\/web\/wp-json\/wp\/v2\/posts\/50818","targetHints":{"allow":["GET"]}}],"collection":[{"href":"https:\/\/temucotelevision.cl\/web\/wp-json\/wp\/v2\/posts"}],"about":[{"href":"https:\/\/temucotelevision.cl\/web\/wp-json\/wp\/v2\/types\/post"}],"author":[{"embeddable":true,"href":"https:\/\/temucotelevision.cl\/web\/wp-json\/wp\/v2\/users\/1"}],"replies":[{"embeddable":true,"href":"https:\/\/temucotelevision.cl\/web\/wp-json\/wp\/v2\/comments?post=50818"}],"version-history":[{"count":2,"href":"https:\/\/temucotelevision.cl\/web\/wp-json\/wp\/v2\/posts\/50818\/revisions"}],"predecessor-version":[{"id":50821,"href":"https:\/\/temucotelevision.cl\/web\/wp-json\/wp\/v2\/posts\/50818\/revisions\/50821"}],"wp:featuredmedia":[{"embeddable":true,"href":"https:\/\/temucotelevision.cl\/web\/wp-json\/wp\/v2\/media\/50819"}],"wp:attachment":[{"href":"https:\/\/temucotelevision.cl\/web\/wp-json\/wp\/v2\/media?parent=50818"}],"wp:term":[{"taxonomy":"category","embeddable":true,"href":"https:\/\/temucotelevision.cl\/web\/wp-json\/wp\/v2\/categories?post=50818"},{"taxonomy":"post_tag","embeddable":true,"href":"https:\/\/temucotelevision.cl\/web\/wp-json\/wp\/v2\/tags?post=50818"}],"curies":[{"name":"wp","href":"https:\/\/api.w.org\/{rel}","templated":true}]}}