{"id":50810,"date":"2024-06-18T15:42:13","date_gmt":"2024-06-18T18:42:13","guid":{"rendered":"https:\/\/temucotelevision.cl\/web\/?p=50810"},"modified":"2024-06-18T15:42:14","modified_gmt":"2024-06-18T18:42:14","slug":"senador-karim-bianchi-proyecto-del-dia-del-loly-busca-que-entidades-publicas-le-respondan-a-la-gente-en-un-maximo-de-30-dias","status":"publish","type":"post","link":"https:\/\/temucotelevision.cl\/web\/2024\/06\/18\/senador-karim-bianchi-proyecto-del-dia-del-loly-busca-que-entidades-publicas-le-respondan-a-la-gente-en-un-maximo-de-30-dias\/","title":{"rendered":"Senador Karim Bianchi: Proyecto del d\u00eda del Loly busca que entidades p\u00fablicas le respondan a la gente en un m\u00e1ximo de 30 d\u00edas"},"content":{"rendered":"<div class=\"pvc_clear\"><\/div><p id=\"pvc_stats_50810\" class=\"pvc_stats total_only  \" data-element-id=\"50810\" style=\"\"><i class=\"pvc-stats-icon large\" aria-hidden=\"true\"><svg aria-hidden=\"true\" focusable=\"false\" data-prefix=\"far\" data-icon=\"chart-bar\" role=\"img\" xmlns=\"http:\/\/www.w3.org\/2000\/svg\" viewBox=\"0 0 512 512\" class=\"svg-inline--fa fa-chart-bar fa-w-16 fa-2x\"><path fill=\"currentColor\" d=\"M396.8 352h22.4c6.4 0 12.8-6.4 12.8-12.8V108.8c0-6.4-6.4-12.8-12.8-12.8h-22.4c-6.4 0-12.8 6.4-12.8 12.8v230.4c0 6.4 6.4 12.8 12.8 12.8zm-192 0h22.4c6.4 0 12.8-6.4 12.8-12.8V140.8c0-6.4-6.4-12.8-12.8-12.8h-22.4c-6.4 0-12.8 6.4-12.8 12.8v198.4c0 6.4 6.4 12.8 12.8 12.8zm96 0h22.4c6.4 0 12.8-6.4 12.8-12.8V204.8c0-6.4-6.4-12.8-12.8-12.8h-22.4c-6.4 0-12.8 6.4-12.8 12.8v134.4c0 6.4 6.4 12.8 12.8 12.8zM496 400H48V80c0-8.84-7.16-16-16-16H16C7.16 64 0 71.16 0 80v336c0 17.67 14.33 32 32 32h464c8.84 0 16-7.16 16-16v-16c0-8.84-7.16-16-16-16zm-387.2-48h22.4c6.4 0 12.8-6.4 12.8-12.8v-70.4c0-6.4-6.4-12.8-12.8-12.8h-22.4c-6.4 0-12.8 6.4-12.8 12.8v70.4c0 6.4 6.4 12.8 12.8 12.8z\" class=\"\"><\/path><\/svg><\/i> <img loading=\"lazy\" decoding=\"async\" width=\"16\" height=\"16\" alt=\"Loading\" src=\"https:\/\/temucotelevision.cl\/web\/wp-content\/plugins\/page-views-count\/ajax-loader-2x.gif\" border=0 \/><\/p><div class=\"pvc_clear\"><\/div>\n<p><em>El senador Karim Bianchi present\u00f3 la llamada &#8220;Ley del d\u00eda del loly&#8221;, que busca eliminar las respuestas burocr\u00e1ticas habituales por parte de entidades estatales o de rol eminentemente p\u00fablico, para asegurar que atiendan y respondan a los usuarios dentro de los plazos establecidos por ley.<\/em><\/p>\n\n\n\n<p>&#8220;La Ley del Loly busca proporcionar a la ciudadan\u00eda una herramienta para exigir el correcto funcionamiento de entidades p\u00fablicas y eminentemente p\u00fablicas, como el Conservador de Bienes Ra\u00edces, garantizando que respondan a los usuarios dentro de los plazos establecidos. Esto es debido a las m\u00faltiples dificultades que enfrentan los ciudadanos diariamente debido a la demora en la gesti\u00f3n de sus asuntos en instituciones como el Compin al tramitar licencias m\u00e9dicas&#8221;, explic\u00f3 Bianchi.&nbsp;<\/p>\n\n\n\n<p>&#8220;Sabemos que los mayores retrasos ocurren en lugares como el Compin, especialmente cuando se necesitan respuestas r\u00e1pidas en temas que afectan a personas con problemas de salud, as\u00ed como en las serem\u00edas al presentar denuncias o reclamaciones, e incluso al solicitar permisos. Queremos poner fin a esto y permitir que las personas exijan su derecho a recibir respuestas&#8221;, a\u00f1adi\u00f3.&nbsp;<\/p>\n\n\n\n<p>&#8220;Esta situaci\u00f3n se repite en las superintendencias cuando se denuncian pr\u00e1cticas inadecuadas y simplemente no responden, dejando a las personas en situaci\u00f3n de vulnerabilidad, as\u00ed como en el Registro Civil en todos los tr\u00e1mites, incluidos los delicados como las posesiones efectivas y sus modificaciones, que tambi\u00e9n incluyen al Conservador de Bienes Ra\u00edces. Basta de burocracia administrativa&#8221;, declar\u00f3 el parlamentario.&nbsp;<\/p>\n\n\n\n<p>&#8220;Queremos que las instituciones dejen de actuar a su antojo, con sus propias normas burocr\u00e1ticas, porque ya no queremos que los ciudadanos sigan siendo relegados, siendo ellos quienes financian todos los salarios y trabajos de estas entidades, que a menudo carecen de empat\u00eda hacia los trabajadores&#8221;, concluy\u00f3.<\/p>\n\n\n\n<figure class=\"wp-block-image size-large\"><img loading=\"lazy\" decoding=\"async\" width=\"800\" height=\"1000\" src=\"https:\/\/temucotelevision.cl\/web\/wp-content\/uploads\/2024\/06\/Grafica-800x1000.jpg\" alt=\"\" class=\"wp-image-50812\" srcset=\"https:\/\/temucotelevision.cl\/web\/wp-content\/uploads\/2024\/06\/Grafica-800x1000.jpg 800w, https:\/\/temucotelevision.cl\/web\/wp-content\/uploads\/2024\/06\/Grafica-768x960.jpg 768w, https:\/\/temucotelevision.cl\/web\/wp-content\/uploads\/2024\/06\/Grafica.jpg 900w\" sizes=\"auto, (max-width: 800px) 100vw, 800px\" \/><\/figure>\n","protected":false},"excerpt":{"rendered":"<div class=\"pvc_clear\"><\/div>\n<p id=\"pvc_stats_50810\" class=\"pvc_stats total_only  \" data-element-id=\"50810\" style=\"\"><i class=\"pvc-stats-icon large\" aria-hidden=\"true\"><svg aria-hidden=\"true\" focusable=\"false\" data-prefix=\"far\" data-icon=\"chart-bar\" role=\"img\" xmlns=\"http:\/\/www.w3.org\/2000\/svg\" viewBox=\"0 0 512 512\" class=\"svg-inline--fa fa-chart-bar fa-w-16 fa-2x\"><path fill=\"currentColor\" d=\"M396.8 352h22.4c6.4 0 12.8-6.4 12.8-12.8V108.8c0-6.4-6.4-12.8-12.8-12.8h-22.4c-6.4 0-12.8 6.4-12.8 12.8v230.4c0 6.4 6.4 12.8 12.8 12.8zm-192 0h22.4c6.4 0 12.8-6.4 12.8-12.8V140.8c0-6.4-6.4-12.8-12.8-12.8h-22.4c-6.4 0-12.8 6.4-12.8 12.8v198.4c0 6.4 6.4 12.8 12.8 12.8zm96 0h22.4c6.4 0 12.8-6.4 12.8-12.8V204.8c0-6.4-6.4-12.8-12.8-12.8h-22.4c-6.4 0-12.8 6.4-12.8 12.8v134.4c0 6.4 6.4 12.8 12.8 12.8zM496 400H48V80c0-8.84-7.16-16-16-16H16C7.16 64 0 71.16 0 80v336c0 17.67 14.33 32 32 32h464c8.84 0 16-7.16 16-16v-16c0-8.84-7.16-16-16-16zm-387.2-48h22.4c6.4 0 12.8-6.4 12.8-12.8v-70.4c0-6.4-6.4-12.8-12.8-12.8h-22.4c-6.4 0-12.8 6.4-12.8 12.8v70.4c0 6.4 6.4 12.8 12.8 12.8z\" class=\"\"><\/path><\/svg><\/i> <img loading=\"lazy\" decoding=\"async\" width=\"16\" height=\"16\" alt=\"Loading\" src=\"https:\/\/temucotelevision.cl\/web\/wp-content\/plugins\/page-views-count\/ajax-loader-2x.gif\" border=0 \/><\/p>\n<div class=\"pvc_clear\"><\/div>\n<p>El senador Karim Bianchi present\u00f3 la llamada &#8220;Ley del d\u00eda del loly&#8221;, que busca eliminar las respuestas burocr\u00e1ticas habituales por<\/p>\n","protected":false},"author":1,"featured_media":50811,"comment_status":"open","ping_status":"open","sticky":false,"template":"","format":"standard","meta":{"colormag_page_container_layout":"default_layout","colormag_page_sidebar_layout":"default_layout","footnotes":""},"categories":[84],"tags":[155,1261],"class_list":["post-50810","post","type-post","status-publish","format-standard","has-post-thumbnail","hentry","category-politica","tag-proyecto","tag-senador"],"a3_pvc":{"activated":true,"total_views":4297,"today_views":0},"_links":{"self":[{"href":"https:\/\/temucotelevision.cl\/web\/wp-json\/wp\/v2\/posts\/50810","targetHints":{"allow":["GET"]}}],"collection":[{"href":"https:\/\/temucotelevision.cl\/web\/wp-json\/wp\/v2\/posts"}],"about":[{"href":"https:\/\/temucotelevision.cl\/web\/wp-json\/wp\/v2\/types\/post"}],"author":[{"embeddable":true,"href":"https:\/\/temucotelevision.cl\/web\/wp-json\/wp\/v2\/users\/1"}],"replies":[{"embeddable":true,"href":"https:\/\/temucotelevision.cl\/web\/wp-json\/wp\/v2\/comments?post=50810"}],"version-history":[{"count":1,"href":"https:\/\/temucotelevision.cl\/web\/wp-json\/wp\/v2\/posts\/50810\/revisions"}],"predecessor-version":[{"id":50813,"href":"https:\/\/temucotelevision.cl\/web\/wp-json\/wp\/v2\/posts\/50810\/revisions\/50813"}],"wp:featuredmedia":[{"embeddable":true,"href":"https:\/\/temucotelevision.cl\/web\/wp-json\/wp\/v2\/media\/50811"}],"wp:attachment":[{"href":"https:\/\/temucotelevision.cl\/web\/wp-json\/wp\/v2\/media?parent=50810"}],"wp:term":[{"taxonomy":"category","embeddable":true,"href":"https:\/\/temucotelevision.cl\/web\/wp-json\/wp\/v2\/categories?post=50810"},{"taxonomy":"post_tag","embeddable":true,"href":"https:\/\/temucotelevision.cl\/web\/wp-json\/wp\/v2\/tags?post=50810"}],"curies":[{"name":"wp","href":"https:\/\/api.w.org\/{rel}","templated":true}]}}