{"id":50803,"date":"2024-06-18T12:00:59","date_gmt":"2024-06-18T15:00:59","guid":{"rendered":"https:\/\/temucotelevision.cl\/web\/?p=50803"},"modified":"2024-06-18T12:00:59","modified_gmt":"2024-06-18T15:00:59","slug":"diputado-becker-exige-auditorias-en-municipios-de-la-araucania-que-presenten-irregularidades-financieras","status":"publish","type":"post","link":"https:\/\/temucotelevision.cl\/web\/2024\/06\/18\/diputado-becker-exige-auditorias-en-municipios-de-la-araucania-que-presenten-irregularidades-financieras\/","title":{"rendered":"Diputado Becker exige auditor\u00edas en municipios de La Araucan\u00eda que presenten irregularidades financieras"},"content":{"rendered":"<div class=\"pvc_clear\"><\/div><p id=\"pvc_stats_50803\" class=\"pvc_stats total_only  \" data-element-id=\"50803\" style=\"\"><i class=\"pvc-stats-icon large\" aria-hidden=\"true\"><svg aria-hidden=\"true\" focusable=\"false\" data-prefix=\"far\" data-icon=\"chart-bar\" role=\"img\" xmlns=\"http:\/\/www.w3.org\/2000\/svg\" viewBox=\"0 0 512 512\" class=\"svg-inline--fa fa-chart-bar fa-w-16 fa-2x\"><path fill=\"currentColor\" d=\"M396.8 352h22.4c6.4 0 12.8-6.4 12.8-12.8V108.8c0-6.4-6.4-12.8-12.8-12.8h-22.4c-6.4 0-12.8 6.4-12.8 12.8v230.4c0 6.4 6.4 12.8 12.8 12.8zm-192 0h22.4c6.4 0 12.8-6.4 12.8-12.8V140.8c0-6.4-6.4-12.8-12.8-12.8h-22.4c-6.4 0-12.8 6.4-12.8 12.8v198.4c0 6.4 6.4 12.8 12.8 12.8zm96 0h22.4c6.4 0 12.8-6.4 12.8-12.8V204.8c0-6.4-6.4-12.8-12.8-12.8h-22.4c-6.4 0-12.8 6.4-12.8 12.8v134.4c0 6.4 6.4 12.8 12.8 12.8zM496 400H48V80c0-8.84-7.16-16-16-16H16C7.16 64 0 71.16 0 80v336c0 17.67 14.33 32 32 32h464c8.84 0 16-7.16 16-16v-16c0-8.84-7.16-16-16-16zm-387.2-48h22.4c6.4 0 12.8-6.4 12.8-12.8v-70.4c0-6.4-6.4-12.8-12.8-12.8h-22.4c-6.4 0-12.8 6.4-12.8 12.8v70.4c0 6.4 6.4 12.8 12.8 12.8z\" class=\"\"><\/path><\/svg><\/i> <img loading=\"lazy\" decoding=\"async\" width=\"16\" height=\"16\" alt=\"Loading\" src=\"https:\/\/temucotelevision.cl\/web\/wp-content\/plugins\/page-views-count\/ajax-loader-2x.gif\" border=0 \/><\/p><div class=\"pvc_clear\"><\/div>\n<p>El diputado de La Araucan\u00eda, Miguel Becker, confirm\u00f3 que solicitar\u00e1 a Contralor\u00eda auditor\u00edas a municipios de la regi\u00f3n, que presenten irregularidades en su administraci\u00f3n, como tambi\u00e9n saldos negativos en sus fondos o estado de deuda en DICOM, esto tras los casos a nivel nacional de corrupci\u00f3n, malversaci\u00f3n de fondos y mal uso de los recursos p\u00fablicos en municipalidades.<\/p>\n\n\n\n<p>\u201cEs de p\u00fablico conocimiento que la corrupci\u00f3n en municipios y en otros organismos est\u00e1 creciendo d\u00eda a d\u00eda y conocemos alg\u00fan antecedente que las municipalidades est\u00e1n haciendo mal uso de los recursos p\u00fablicos. Por eso, vamos a pedir a Contralor\u00eda que se investigue y audite a cada uno de los municipios de La Araucan\u00eda, con el prop\u00f3sito de tener la certeza de que los recursos entregados a la administraci\u00f3n de cada uno de los alcaldes est\u00e9n llegando a las personas que m\u00e1s lo requieren\u201d, puntualiz\u00f3 el parlamentario.<\/p>\n\n\n\n<p>El diputado Becker, adem\u00e1s, record\u00f3 que en 2022 solicit\u00f3 el informe de deudas a cada municipio del pa\u00eds, recibiendo s\u00f3lo el 40 por ciento de la informaci\u00f3n requerida, en donde varias de la regi\u00f3n no presentaron sus informes comerciales o de deudas con instituciones o proveedores. \u201cEstamos a meses de una nueva elecci\u00f3n municipal, por lo que el t\u00e9rmino de las administraciones ya sea con la continuidad de los actuales alcaldes o el cambio de edil, debe ser con la mayor transparencia en el uso de recursos fiscales y de pagos o responsabilidades administrativas\u201d, concluy\u00f3.<\/p>\n","protected":false},"excerpt":{"rendered":"<div class=\"pvc_clear\"><\/div>\n<p id=\"pvc_stats_50803\" class=\"pvc_stats total_only  \" data-element-id=\"50803\" style=\"\"><i class=\"pvc-stats-icon large\" aria-hidden=\"true\"><svg aria-hidden=\"true\" focusable=\"false\" data-prefix=\"far\" data-icon=\"chart-bar\" role=\"img\" xmlns=\"http:\/\/www.w3.org\/2000\/svg\" viewBox=\"0 0 512 512\" class=\"svg-inline--fa fa-chart-bar fa-w-16 fa-2x\"><path fill=\"currentColor\" d=\"M396.8 352h22.4c6.4 0 12.8-6.4 12.8-12.8V108.8c0-6.4-6.4-12.8-12.8-12.8h-22.4c-6.4 0-12.8 6.4-12.8 12.8v230.4c0 6.4 6.4 12.8 12.8 12.8zm-192 0h22.4c6.4 0 12.8-6.4 12.8-12.8V140.8c0-6.4-6.4-12.8-12.8-12.8h-22.4c-6.4 0-12.8 6.4-12.8 12.8v198.4c0 6.4 6.4 12.8 12.8 12.8zm96 0h22.4c6.4 0 12.8-6.4 12.8-12.8V204.8c0-6.4-6.4-12.8-12.8-12.8h-22.4c-6.4 0-12.8 6.4-12.8 12.8v134.4c0 6.4 6.4 12.8 12.8 12.8zM496 400H48V80c0-8.84-7.16-16-16-16H16C7.16 64 0 71.16 0 80v336c0 17.67 14.33 32 32 32h464c8.84 0 16-7.16 16-16v-16c0-8.84-7.16-16-16-16zm-387.2-48h22.4c6.4 0 12.8-6.4 12.8-12.8v-70.4c0-6.4-6.4-12.8-12.8-12.8h-22.4c-6.4 0-12.8 6.4-12.8 12.8v70.4c0 6.4 6.4 12.8 12.8 12.8z\" class=\"\"><\/path><\/svg><\/i> <img loading=\"lazy\" decoding=\"async\" width=\"16\" height=\"16\" alt=\"Loading\" src=\"https:\/\/temucotelevision.cl\/web\/wp-content\/plugins\/page-views-count\/ajax-loader-2x.gif\" border=0 \/><\/p>\n<div class=\"pvc_clear\"><\/div>\n<p>El diputado de La Araucan\u00eda, Miguel Becker, confirm\u00f3 que solicitar\u00e1 a Contralor\u00eda auditor\u00edas a municipios de la regi\u00f3n, que presenten<\/p>\n","protected":false},"author":1,"featured_media":50804,"comment_status":"open","ping_status":"open","sticky":false,"template":"","format":"standard","meta":{"colormag_page_container_layout":"default_layout","colormag_page_sidebar_layout":"default_layout","footnotes":""},"categories":[84,14],"tags":[154],"class_list":["post-50803","post","type-post","status-publish","format-standard","has-post-thumbnail","hentry","category-politica","category-temuco","tag-diputado"],"a3_pvc":{"activated":true,"total_views":7440,"today_views":0},"_links":{"self":[{"href":"https:\/\/temucotelevision.cl\/web\/wp-json\/wp\/v2\/posts\/50803","targetHints":{"allow":["GET"]}}],"collection":[{"href":"https:\/\/temucotelevision.cl\/web\/wp-json\/wp\/v2\/posts"}],"about":[{"href":"https:\/\/temucotelevision.cl\/web\/wp-json\/wp\/v2\/types\/post"}],"author":[{"embeddable":true,"href":"https:\/\/temucotelevision.cl\/web\/wp-json\/wp\/v2\/users\/1"}],"replies":[{"embeddable":true,"href":"https:\/\/temucotelevision.cl\/web\/wp-json\/wp\/v2\/comments?post=50803"}],"version-history":[{"count":1,"href":"https:\/\/temucotelevision.cl\/web\/wp-json\/wp\/v2\/posts\/50803\/revisions"}],"predecessor-version":[{"id":50805,"href":"https:\/\/temucotelevision.cl\/web\/wp-json\/wp\/v2\/posts\/50803\/revisions\/50805"}],"wp:featuredmedia":[{"embeddable":true,"href":"https:\/\/temucotelevision.cl\/web\/wp-json\/wp\/v2\/media\/50804"}],"wp:attachment":[{"href":"https:\/\/temucotelevision.cl\/web\/wp-json\/wp\/v2\/media?parent=50803"}],"wp:term":[{"taxonomy":"category","embeddable":true,"href":"https:\/\/temucotelevision.cl\/web\/wp-json\/wp\/v2\/categories?post=50803"},{"taxonomy":"post_tag","embeddable":true,"href":"https:\/\/temucotelevision.cl\/web\/wp-json\/wp\/v2\/tags?post=50803"}],"curies":[{"name":"wp","href":"https:\/\/api.w.org\/{rel}","templated":true}]}}