{"id":50800,"date":"2024-06-18T11:53:13","date_gmt":"2024-06-18T14:53:13","guid":{"rendered":"https:\/\/temucotelevision.cl\/web\/?p=50800"},"modified":"2024-06-18T11:53:14","modified_gmt":"2024-06-18T14:53:14","slug":"las-secuelas-del-covid-19-persisten-hasta-en-el-30-de-los-casos","status":"publish","type":"post","link":"https:\/\/temucotelevision.cl\/web\/2024\/06\/18\/las-secuelas-del-covid-19-persisten-hasta-en-el-30-de-los-casos\/","title":{"rendered":"Las secuelas del Covid-19 persisten hasta en el 30% de los casos"},"content":{"rendered":"<div class=\"pvc_clear\"><\/div><p id=\"pvc_stats_50800\" class=\"pvc_stats total_only  \" data-element-id=\"50800\" style=\"\"><i class=\"pvc-stats-icon large\" aria-hidden=\"true\"><svg aria-hidden=\"true\" focusable=\"false\" data-prefix=\"far\" data-icon=\"chart-bar\" role=\"img\" xmlns=\"http:\/\/www.w3.org\/2000\/svg\" viewBox=\"0 0 512 512\" class=\"svg-inline--fa fa-chart-bar fa-w-16 fa-2x\"><path fill=\"currentColor\" d=\"M396.8 352h22.4c6.4 0 12.8-6.4 12.8-12.8V108.8c0-6.4-6.4-12.8-12.8-12.8h-22.4c-6.4 0-12.8 6.4-12.8 12.8v230.4c0 6.4 6.4 12.8 12.8 12.8zm-192 0h22.4c6.4 0 12.8-6.4 12.8-12.8V140.8c0-6.4-6.4-12.8-12.8-12.8h-22.4c-6.4 0-12.8 6.4-12.8 12.8v198.4c0 6.4 6.4 12.8 12.8 12.8zm96 0h22.4c6.4 0 12.8-6.4 12.8-12.8V204.8c0-6.4-6.4-12.8-12.8-12.8h-22.4c-6.4 0-12.8 6.4-12.8 12.8v134.4c0 6.4 6.4 12.8 12.8 12.8zM496 400H48V80c0-8.84-7.16-16-16-16H16C7.16 64 0 71.16 0 80v336c0 17.67 14.33 32 32 32h464c8.84 0 16-7.16 16-16v-16c0-8.84-7.16-16-16-16zm-387.2-48h22.4c6.4 0 12.8-6.4 12.8-12.8v-70.4c0-6.4-6.4-12.8-12.8-12.8h-22.4c-6.4 0-12.8 6.4-12.8 12.8v70.4c0 6.4 6.4 12.8 12.8 12.8z\" class=\"\"><\/path><\/svg><\/i> <img loading=\"lazy\" decoding=\"async\" width=\"16\" height=\"16\" alt=\"Loading\" src=\"https:\/\/temucotelevision.cl\/web\/wp-content\/plugins\/page-views-count\/ajax-loader-2x.gif\" border=0 \/><\/p><div class=\"pvc_clear\"><\/div>\n<p><em>Entre un 10 y un 30% de quienes padecieron COVID-19 en nuestro pa\u00eds sufren secuelas como fatiga cr\u00f3nica, cefaleas y problemas cognitivos. La directora del Mag\u00edster en Neurokinesiolog\u00eda de la USS, Claudia Mart\u00ednez, resalta la importancia de la rehabilitaci\u00f3n neurol\u00f3gica, junto a otras complicaciones graves, para mejorar de la calidad de vida de los afectados.<\/em><\/p>\n\n\n\n<p>Si bien el COVID-19 ya no es el virus de mayor circulaci\u00f3n, siendo desplazado por la influenza, rinovirus y parainfluenza, sigue siendo prioridad para el Minsal, cuyas autoridades han reforzado el llamado a la vacunaci\u00f3n. La propia ministra de Salud, Ximena Aguilera, no pudo asistir a la cuenta p\u00fablica debido a que dio positivo por COVID-19.<\/p>\n\n\n\n<p>A un a\u00f1o desde que la Organizaci\u00f3n Mundial de la Salud (OMS) declarara el fin de la emergencia sanitaria global por COVID-19, a\u00fan son muchas las personas que est\u00e1n enfrentando las secuelas de esta enfermedad. Diversos estudios se\u00f1alan que entre un 10% y un 30% de quienes padecieron COVID-19 en nuestro pa\u00eds sufren secuelas, como fatiga cr\u00f3nica, cefaleas, p\u00e9rdida de los sentidos del olfato y el gusto, problemas cognitivos y trastornos del sue\u00f1o. Estos efectos impactan profundamente la calidad de vida y la funcionalidad diaria de los afectados.<\/p>\n\n\n\n<p>La directora del Mag\u00edster de Neurokinesiolog\u00eda de la USS, Claudia Mart\u00ednez, destaca que el virus, adem\u00e1s de afectar el sistema respiratorio, desencadena procesos inflamatorios que impactan el sistema cardiovascular y neurol\u00f3gico, con consecuencias en pacientes recuperados. Entre ellas, secuelas neurol\u00f3gicas graves que incluyen neuropat\u00edas perif\u00e9ricas, con s\u00edntomas como dolor, hormigueo y debilidad en las extremidades, y eventos cerebrovasculares como accidentes vasculares que pueden resultar en una p\u00e9rdida significativa de la funcionalidad. El s\u00edndrome de Guillain-Barr\u00e9, aunque raro, tambi\u00e9n ha sido asociado al COVID-19 y requiere rehabilitaci\u00f3n espec\u00edfica para recuperar la funcionalidad.<\/p>\n\n\n\n<p>Las complicaciones neurol\u00f3gicas del COVID-19 son multifactoriales, influenciadas por factores personales como la edad, predisposici\u00f3n gen\u00e9tica y condiciones preexistentes, as\u00ed como por factores del entorno, como la premura en la consulta y la adecuaci\u00f3n del manejo m\u00e9dico.<\/p>\n\n\n\n<p><strong>Rehabilitaci\u00f3n neurol\u00f3gica<\/strong><\/p>\n\n\n\n<p>La docente USS explica que la prevenci\u00f3n y mitigaci\u00f3n de estas secuelas es esencial. &#8220;Adem\u00e1s de las medidas para prevenir la infecci\u00f3n, como la vacunaci\u00f3n y la higiene, es crucial controlar los factores de riesgo y manejar adecuadamente el proceso inflamatorio y de coagulaci\u00f3n en pacientes infectados&#8221;.<\/p>\n\n\n\n<p>En t\u00e9rminos de tratamiento, la rehabilitaci\u00f3n neurol\u00f3gica juega un papel fundamental. Evaluaciones detalladas, anamnesis completa y un enfoque integral y personalizado son clave para ayudar a los pacientes a recuperar la funcionalidad. Los profesionales de la salud, especialmente kinesi\u00f3logos, deben estar preparados para enfrentar estas secuelas y brindar el apoyo necesario para mejorar la calidad de vida de los afectados.<\/p>\n\n\n\n<p>\u201cEs vital continuar investigando y comprendiendo mejor los mecanismos biol\u00f3gicos y las estrategias de intervenci\u00f3n m\u00e1s efectivas para estos pacientes. La neurorehabilitaci\u00f3n debe adaptarse a las necesidades espec\u00edficas de cada persona, considerando su entorno y tareas diarias, para lograr el m\u00e1ximo beneficio y funcionalidad\u201d, indica la kinesi\u00f3loga Claudia Mart\u00ednez, Y advierte que para los pacientes con secuelas neurol\u00f3gicas post-COVID, es crucial seguir un r\u00e9gimen de rehabilitaci\u00f3n intensivo y mantenerse en tratamiento, protegi\u00e9ndose y cuidando su salud.&nbsp;<\/p>\n","protected":false},"excerpt":{"rendered":"<div class=\"pvc_clear\"><\/div>\n<p id=\"pvc_stats_50800\" class=\"pvc_stats total_only  \" data-element-id=\"50800\" style=\"\"><i class=\"pvc-stats-icon large\" aria-hidden=\"true\"><svg aria-hidden=\"true\" focusable=\"false\" data-prefix=\"far\" data-icon=\"chart-bar\" role=\"img\" xmlns=\"http:\/\/www.w3.org\/2000\/svg\" viewBox=\"0 0 512 512\" class=\"svg-inline--fa fa-chart-bar fa-w-16 fa-2x\"><path fill=\"currentColor\" d=\"M396.8 352h22.4c6.4 0 12.8-6.4 12.8-12.8V108.8c0-6.4-6.4-12.8-12.8-12.8h-22.4c-6.4 0-12.8 6.4-12.8 12.8v230.4c0 6.4 6.4 12.8 12.8 12.8zm-192 0h22.4c6.4 0 12.8-6.4 12.8-12.8V140.8c0-6.4-6.4-12.8-12.8-12.8h-22.4c-6.4 0-12.8 6.4-12.8 12.8v198.4c0 6.4 6.4 12.8 12.8 12.8zm96 0h22.4c6.4 0 12.8-6.4 12.8-12.8V204.8c0-6.4-6.4-12.8-12.8-12.8h-22.4c-6.4 0-12.8 6.4-12.8 12.8v134.4c0 6.4 6.4 12.8 12.8 12.8zM496 400H48V80c0-8.84-7.16-16-16-16H16C7.16 64 0 71.16 0 80v336c0 17.67 14.33 32 32 32h464c8.84 0 16-7.16 16-16v-16c0-8.84-7.16-16-16-16zm-387.2-48h22.4c6.4 0 12.8-6.4 12.8-12.8v-70.4c0-6.4-6.4-12.8-12.8-12.8h-22.4c-6.4 0-12.8 6.4-12.8 12.8v70.4c0 6.4 6.4 12.8 12.8 12.8z\" class=\"\"><\/path><\/svg><\/i> <img loading=\"lazy\" decoding=\"async\" width=\"16\" height=\"16\" alt=\"Loading\" src=\"https:\/\/temucotelevision.cl\/web\/wp-content\/plugins\/page-views-count\/ajax-loader-2x.gif\" border=0 \/><\/p>\n<div class=\"pvc_clear\"><\/div>\n<p>Entre un 10 y un 30% de quienes padecieron COVID-19 en nuestro pa\u00eds sufren secuelas como fatiga cr\u00f3nica, cefaleas y<\/p>\n","protected":false},"author":1,"featured_media":50801,"comment_status":"open","ping_status":"open","sticky":false,"template":"","format":"standard","meta":{"colormag_page_container_layout":"default_layout","colormag_page_sidebar_layout":"default_layout","footnotes":""},"categories":[101],"tags":[2304],"class_list":["post-50800","post","type-post","status-publish","format-standard","has-post-thumbnail","hentry","category-actualidad","tag-covid-19"],"a3_pvc":{"activated":true,"total_views":1161,"today_views":0},"_links":{"self":[{"href":"https:\/\/temucotelevision.cl\/web\/wp-json\/wp\/v2\/posts\/50800","targetHints":{"allow":["GET"]}}],"collection":[{"href":"https:\/\/temucotelevision.cl\/web\/wp-json\/wp\/v2\/posts"}],"about":[{"href":"https:\/\/temucotelevision.cl\/web\/wp-json\/wp\/v2\/types\/post"}],"author":[{"embeddable":true,"href":"https:\/\/temucotelevision.cl\/web\/wp-json\/wp\/v2\/users\/1"}],"replies":[{"embeddable":true,"href":"https:\/\/temucotelevision.cl\/web\/wp-json\/wp\/v2\/comments?post=50800"}],"version-history":[{"count":1,"href":"https:\/\/temucotelevision.cl\/web\/wp-json\/wp\/v2\/posts\/50800\/revisions"}],"predecessor-version":[{"id":50802,"href":"https:\/\/temucotelevision.cl\/web\/wp-json\/wp\/v2\/posts\/50800\/revisions\/50802"}],"wp:featuredmedia":[{"embeddable":true,"href":"https:\/\/temucotelevision.cl\/web\/wp-json\/wp\/v2\/media\/50801"}],"wp:attachment":[{"href":"https:\/\/temucotelevision.cl\/web\/wp-json\/wp\/v2\/media?parent=50800"}],"wp:term":[{"taxonomy":"category","embeddable":true,"href":"https:\/\/temucotelevision.cl\/web\/wp-json\/wp\/v2\/categories?post=50800"},{"taxonomy":"post_tag","embeddable":true,"href":"https:\/\/temucotelevision.cl\/web\/wp-json\/wp\/v2\/tags?post=50800"}],"curies":[{"name":"wp","href":"https:\/\/api.w.org\/{rel}","templated":true}]}}