{"id":50796,"date":"2024-06-18T11:33:14","date_gmt":"2024-06-18T14:33:14","guid":{"rendered":"https:\/\/temucotelevision.cl\/web\/?p=50796"},"modified":"2024-06-18T11:33:15","modified_gmt":"2024-06-18T14:33:15","slug":"espectacular-accion-en-el-gtp-goodyear-becker-y-marticorena-triunfan-en-la-tercera-fecha-en-interlomas","status":"publish","type":"post","link":"https:\/\/temucotelevision.cl\/web\/2024\/06\/18\/espectacular-accion-en-el-gtp-goodyear-becker-y-marticorena-triunfan-en-la-tercera-fecha-en-interlomas\/","title":{"rendered":"Espectacular acci\u00f3n en el GTP Goodyear: Becker y Marticorena triunfan en la tercera fecha en Interlomas"},"content":{"rendered":"<div class=\"pvc_clear\"><\/div><p id=\"pvc_stats_50796\" class=\"pvc_stats total_only  \" data-element-id=\"50796\" style=\"\"><i class=\"pvc-stats-icon large\" aria-hidden=\"true\"><svg aria-hidden=\"true\" focusable=\"false\" data-prefix=\"far\" data-icon=\"chart-bar\" role=\"img\" xmlns=\"http:\/\/www.w3.org\/2000\/svg\" viewBox=\"0 0 512 512\" class=\"svg-inline--fa fa-chart-bar fa-w-16 fa-2x\"><path fill=\"currentColor\" d=\"M396.8 352h22.4c6.4 0 12.8-6.4 12.8-12.8V108.8c0-6.4-6.4-12.8-12.8-12.8h-22.4c-6.4 0-12.8 6.4-12.8 12.8v230.4c0 6.4 6.4 12.8 12.8 12.8zm-192 0h22.4c6.4 0 12.8-6.4 12.8-12.8V140.8c0-6.4-6.4-12.8-12.8-12.8h-22.4c-6.4 0-12.8 6.4-12.8 12.8v198.4c0 6.4 6.4 12.8 12.8 12.8zm96 0h22.4c6.4 0 12.8-6.4 12.8-12.8V204.8c0-6.4-6.4-12.8-12.8-12.8h-22.4c-6.4 0-12.8 6.4-12.8 12.8v134.4c0 6.4 6.4 12.8 12.8 12.8zM496 400H48V80c0-8.84-7.16-16-16-16H16C7.16 64 0 71.16 0 80v336c0 17.67 14.33 32 32 32h464c8.84 0 16-7.16 16-16v-16c0-8.84-7.16-16-16-16zm-387.2-48h22.4c6.4 0 12.8-6.4 12.8-12.8v-70.4c0-6.4-6.4-12.8-12.8-12.8h-22.4c-6.4 0-12.8 6.4-12.8 12.8v70.4c0 6.4 6.4 12.8 12.8 12.8z\" class=\"\"><\/path><\/svg><\/i> <img loading=\"lazy\" decoding=\"async\" width=\"16\" height=\"16\" alt=\"Loading\" src=\"https:\/\/temucotelevision.cl\/web\/wp-content\/plugins\/page-views-count\/ajax-loader-2x.gif\" border=0 \/><\/p><div class=\"pvc_clear\"><\/div>\n<p><strong>Espectacular Acci\u00f3n en el GTP Goodyear: Becker y Marticorena &nbsp;se llevan la Victoria en la tercera fecha.<\/strong><\/p>\n\n\n\n<p>El fin de semana pasado, el circuito Interlomas fue testigo de la emocionante carrera del GTP Goodyear, donde los mejores pilotos del centro y sur de Chile, dieron un verdadero espect\u00e1culo a los apasionados del deporte motor cerrando la parte de oto\u00f1o-invierno en el sur de Chile.<\/p>\n\n\n\n<p>La clasificaci\u00f3n sobre piso h\u00famedo y con algo de agua en algunos sectores producto del mal clima durante toda la semana previa, estuvo dominada por Gabriel Bachmann, quien con un tiempo de 1:27:550 se asegur\u00f3 la pole position, demostrando una vez m\u00e1s su habilidad y experiencia al volante de su Peugeot 206 que prepara Sagredo Competici\u00f3n.<\/p>\n\n\n\n<p><strong>En materia de carrera<\/strong><\/p>\n\n\n\n<p>En la categor\u00eda Super Turismo 1600, fue Claudio Marticorena Cruz (Temuco) quien se llev\u00f3 el triunfo en su Nissan March. A medida que la pista se fue secando, las condiciones de pista permitieron acelerar en el momento preciso y bajar considerablemente los tiempos, haciendo su mejor vuelta en 1:16:329. \u201cEstoy bien contento, se dio la carrera de buena manera, hoy el nivel de los 4 o 5 primeros autos &nbsp;esta espectacular, podemos llamarlo una categor\u00eda experto por lo mismo y hoy el resultado fue a favor m\u00edo. Las cosas finalmente se dieron como las ten\u00eda pensado y nos vamos contentos a trabajar en la pr\u00f3xima carrera\u201d, coment\u00f3 el ganador de la categor\u00eda.&nbsp;<\/p>\n\n\n\n<p>En segundo lugar lleg\u00f3 Cristian Carrasco, piloto de Concepci\u00f3n. El actual monarca de la categor\u00eda, volvi\u00f3 con nuevos colores en los autos de Pro Diesel Racing y algunas mejoras que rindieron sus frutos, ya que por ratos estuvo muy cerca del puntero ganando inclusive la Sprint. \u201cEstoy muy feliz, nos cost\u00f3. Este a\u00f1o ha sido super adverso para nosotros, pero ya tomamos el camino correcto. Hicimos un par de mejoras, me sent\u00ed s\u00faper a gusto en el auto. Pelear mano a mano con pilotos que son super r\u00e1pidos, me llena de orgullo y me deja contento estar en el podio. Doy las gracias a la gente que lleg\u00f3, a mi familia, equipo, a mis auspiciadores y a la producci\u00f3n por tener este tremendo evento, nos vamos contentos\u201d, sentenci\u00f3 Carrasco. &nbsp;&nbsp;&nbsp;<\/p>\n\n\n\n<p>El tercer puesto de la categor\u00eda fue para el pole man Gabriel Bachmann, el piloto de Valdivia complet\u00f3 el podio demostrando un muy buen nivel de conducci\u00f3n transcurrida las 3 primeras fechas. \u201cNo fue f\u00e1cil, partimos con la pole muy contentos, el auto se comport\u00f3 muy bien bajo la lluvia y bueno, despu\u00e9s la pista se fue secando y los pilotos que hay en pista son de un gran nivel. Felicitar a Claudio Marticorena que volvi\u00f3 con todo. El objetivo era sacar la mayor cantidad de puntos, son buenos sin duda y nos sirve para seguir arriba\u201d, afirm\u00f3 Bachmann.&nbsp;<\/p>\n\n\n\n<p>Por su parte en la categor\u00eda Super Turismo 1600 Promocional, Mat\u00edas Becker (Temuco) se adjudic\u00f3 el primer lugar, logrando adem\u00e1s su primer triunfo en su trayectoria como piloto del GTP. El volante local a bordo de su Renault Clio, hizo una carrera brillante arrebat\u00e1ndole en el Sprint largada el primer puesto a Mat\u00edas Am\u00e9stica. Luego hizo un buen trabajo y supo sacar adelante su mejor resultado. \u201cDesde la primera vez que sub\u00ed al podio, deseaba ser el primero. Gracias a mi preparador Crist\u00f3bal Puig, pudimos terminar la carrera como corresponde. Yo la verdad siempre ando un poco solo, pero le doy las gracias a la familia del automovilismo. Marticorena, Diaz, Bachmann, Turbales, todos dando una manito para que siempre salga lo mejor posible. Gracias a ustedes por el evento, me voy muy contento\u201d, coment\u00f3 Mat\u00edas Becker.<\/p>\n\n\n\n<p>El segundo puesto de la promocional fue para Ronald Mittersteiner (Temuco), el piloto de Turbales Racing Team hizo una gran carrera y supo acelerar en los momentos precisos. \u201cEstoy contento, agradecer a mi familia y al \u201cTuto\u201d Mardones que ha hecho un tremendo trabajo. La parte m\u00e1s entretenida fue competir con mi co-equipo y eso habla de lo parejo que est\u00e1n los autos de carrera, creo que este&nbsp;resultado me ayuda a seguir arriba y vamos seguir trabajando de cara a la fecha de agosto\u201d, dijo Mittersteiner.<\/p>\n\n\n\n<p>Por su parte el otro piloto de Turbales Team Racing, Gast\u00f3n Guti\u00e9rrez (Temuco) termin\u00f3&nbsp;completando el podio de la promocional. &#8220;Gracias a mi familia, a los preparadores, a mi compa\u00f1ero y a los auspiciadores. Un Tercer lugar feliz, felicitar a Mat\u00edas por su victoria&nbsp;y a Ronald por el trabajo en pista, fue un buen fin de semana para el equipo&#8221;, sello Guti\u00e9rrez.<\/p>\n\n\n\n<p>Kurt Horta estuvo trabajando de Presidente del colegio de Comisarios. El multicampe\u00f3n manifest\u00f3 su visi\u00f3n de la prueba. &#8220;Fue\u00a0un d\u00eda muy dif\u00edcil en la ma\u00f1ana por el factor clim\u00e1tico, pese a ello fue una carrera muy ordenada, los tiempos acorde al cronograma, los autos que se hab\u00edan salido, volvieron a la pista sin inconvenientes buscando el asfalto, felicito a cada piloto, equipo y a Eduardo Alvo por tener este lindo espect\u00e1culo&#8221;.\u00a0<\/p>\n\n\n\n<iframe loading=\"lazy\" width=\"560\" height=\"315\" src=\"https:\/\/www.youtube.com\/embed\/xF-RfougnNI?si=coqHMS_0F8j5swFr\" title=\"YouTube video player\" frameborder=\"0\" allow=\"accelerometer; autoplay; clipboard-write; encrypted-media; gyroscope; picture-in-picture; web-share\" referrerpolicy=\"strict-origin-when-cross-origin\" allowfullscreen><\/iframe>\n\n\n\n<p>Aprovechando la instancia, consultamos respecto al WRC&nbsp; que llegar\u00e1 a la regi\u00f3n del BIO BIO en Chile. &#8220;El \u00faltimo fin de semana de septiembre&nbsp;se disputar\u00e1 la pen\u00faltima fecha del Mundial de Rally World Rally Car con&nbsp;esos autos y pilotos que todos desean ver. Despu\u00e9s de pelear con pa\u00edses como Jap\u00f3n, Arabia y varios pa\u00edses que son potencia econ\u00f3mica, tenemos el honor en Chile de tener este evento&#8221;, se\u00f1al\u00f3 Horta.<\/p>\n\n\n\n<p>Alvo Comunicaciones indica que hay un periodo de descanso para los pilotos y equipos de 1 mes y medio para retomar la 4\u00aa fecha del GTP Goodyear en el Aut\u00f3dromo Interlomas. &#8220;Nos vamos contentos en este cierre de primer semestre, hay un gran esfuerzo de todos por&nbsp;estar ac\u00e1 y ya estamos conversando con don Eduardo Kovacs para poder ver un trabajo en conjunto pr\u00f3ximamente con pilotos de la zona centro norte. La pr\u00f3xima fecha es el 3 de agosto y esperamos tener muchos autos de cara a la segunda parte del a\u00f1o. Agradecer a Goodyear, a M Motors, Comercial Alvo, Redbull, a la Municipalidad de Lautaro y Axmo Equipamiento Automotriz por ser parte de nuestro evento&#8221;, coment\u00f3&nbsp;Eduardo Alvo, productor del evento.<\/p>\n\n\n\n<p>Resultados S\u00faper Turismo 1600, Aut\u00f3dromo Interlomas. Campeonato de Automovilismo Federado Chileno, Gran Turismo Pista by Goodyear.<br><br>1\u00ba Claudio Marticorena (Marticorena y Cruz, Ciudad de Temuco)<br>2\u00ba Cristian Carrasco (Pro Diesel Racing, Ciudad de Concepci\u00f3n)<br>3\u00ba Gabriel Bachmann (Sagredo Competici\u00f3n, Ciudad de Valdivia)<br><br>Resultados S\u00faper Turismo 1600 Promocional.<br>1\u00ba Mat\u00edas Becker (Becker Racing, Ciudad de Temuco)<br>2\u00ba Ronald Mittersteiner (Turbales Racing Team, Ciudad de Temuco)<br>3\u00ba Gast\u00f3n Guti\u00e9rrez (Turbales Racing Team, Ciudad de Temuco)<br><br>Pole Position GTP Goodyear S\u00faper Turismo 1600: Gabriel Bachmann<br>Pole Position GTP Goodyear S\u00faper Turismo 1600 Promocional: Mat\u00edas Am\u00e9stica.<\/p>\n\n\n\n<figure class=\"wp-block-image size-large\"><img loading=\"lazy\" decoding=\"async\" width=\"1000\" height=\"563\" src=\"https:\/\/temucotelevision.cl\/web\/wp-content\/uploads\/2024\/06\/Ronald-Mittersteiner_Promocional-1000x563.jpg\" alt=\"\" class=\"wp-image-50798\" srcset=\"https:\/\/temucotelevision.cl\/web\/wp-content\/uploads\/2024\/06\/Ronald-Mittersteiner_Promocional-1000x563.jpg 1000w, https:\/\/temucotelevision.cl\/web\/wp-content\/uploads\/2024\/06\/Ronald-Mittersteiner_Promocional-768x432.jpg 768w, https:\/\/temucotelevision.cl\/web\/wp-content\/uploads\/2024\/06\/Ronald-Mittersteiner_Promocional-1536x864.jpg 1536w, https:\/\/temucotelevision.cl\/web\/wp-content\/uploads\/2024\/06\/Ronald-Mittersteiner_Promocional-2048x1152.jpg 2048w\" sizes=\"auto, (max-width: 1000px) 100vw, 1000px\" \/><\/figure>\n","protected":false},"excerpt":{"rendered":"<div class=\"pvc_clear\"><\/div>\n<p id=\"pvc_stats_50796\" class=\"pvc_stats total_only  \" data-element-id=\"50796\" style=\"\"><i class=\"pvc-stats-icon large\" aria-hidden=\"true\"><svg aria-hidden=\"true\" focusable=\"false\" data-prefix=\"far\" data-icon=\"chart-bar\" role=\"img\" xmlns=\"http:\/\/www.w3.org\/2000\/svg\" viewBox=\"0 0 512 512\" class=\"svg-inline--fa fa-chart-bar fa-w-16 fa-2x\"><path fill=\"currentColor\" d=\"M396.8 352h22.4c6.4 0 12.8-6.4 12.8-12.8V108.8c0-6.4-6.4-12.8-12.8-12.8h-22.4c-6.4 0-12.8 6.4-12.8 12.8v230.4c0 6.4 6.4 12.8 12.8 12.8zm-192 0h22.4c6.4 0 12.8-6.4 12.8-12.8V140.8c0-6.4-6.4-12.8-12.8-12.8h-22.4c-6.4 0-12.8 6.4-12.8 12.8v198.4c0 6.4 6.4 12.8 12.8 12.8zm96 0h22.4c6.4 0 12.8-6.4 12.8-12.8V204.8c0-6.4-6.4-12.8-12.8-12.8h-22.4c-6.4 0-12.8 6.4-12.8 12.8v134.4c0 6.4 6.4 12.8 12.8 12.8zM496 400H48V80c0-8.84-7.16-16-16-16H16C7.16 64 0 71.16 0 80v336c0 17.67 14.33 32 32 32h464c8.84 0 16-7.16 16-16v-16c0-8.84-7.16-16-16-16zm-387.2-48h22.4c6.4 0 12.8-6.4 12.8-12.8v-70.4c0-6.4-6.4-12.8-12.8-12.8h-22.4c-6.4 0-12.8 6.4-12.8 12.8v70.4c0 6.4 6.4 12.8 12.8 12.8z\" class=\"\"><\/path><\/svg><\/i> <img loading=\"lazy\" decoding=\"async\" width=\"16\" height=\"16\" alt=\"Loading\" src=\"https:\/\/temucotelevision.cl\/web\/wp-content\/plugins\/page-views-count\/ajax-loader-2x.gif\" border=0 \/><\/p>\n<div class=\"pvc_clear\"><\/div>\n<p>Espectacular Acci\u00f3n en el GTP Goodyear: Becker y Marticorena &nbsp;se llevan la Victoria en la tercera fecha. El fin de<\/p>\n","protected":false},"author":1,"featured_media":50797,"comment_status":"open","ping_status":"open","sticky":false,"template":"","format":"standard","meta":{"colormag_page_container_layout":"default_layout","colormag_page_sidebar_layout":"default_layout","footnotes":""},"categories":[15,86],"tags":[6487,911],"class_list":["post-50796","post","type-post","status-publish","format-standard","has-post-thumbnail","hentry","category-la-araucania","category-panoramas","tag-goodyear","tag-interlomas"],"a3_pvc":{"activated":true,"total_views":1868,"today_views":0},"_links":{"self":[{"href":"https:\/\/temucotelevision.cl\/web\/wp-json\/wp\/v2\/posts\/50796","targetHints":{"allow":["GET"]}}],"collection":[{"href":"https:\/\/temucotelevision.cl\/web\/wp-json\/wp\/v2\/posts"}],"about":[{"href":"https:\/\/temucotelevision.cl\/web\/wp-json\/wp\/v2\/types\/post"}],"author":[{"embeddable":true,"href":"https:\/\/temucotelevision.cl\/web\/wp-json\/wp\/v2\/users\/1"}],"replies":[{"embeddable":true,"href":"https:\/\/temucotelevision.cl\/web\/wp-json\/wp\/v2\/comments?post=50796"}],"version-history":[{"count":1,"href":"https:\/\/temucotelevision.cl\/web\/wp-json\/wp\/v2\/posts\/50796\/revisions"}],"predecessor-version":[{"id":50799,"href":"https:\/\/temucotelevision.cl\/web\/wp-json\/wp\/v2\/posts\/50796\/revisions\/50799"}],"wp:featuredmedia":[{"embeddable":true,"href":"https:\/\/temucotelevision.cl\/web\/wp-json\/wp\/v2\/media\/50797"}],"wp:attachment":[{"href":"https:\/\/temucotelevision.cl\/web\/wp-json\/wp\/v2\/media?parent=50796"}],"wp:term":[{"taxonomy":"category","embeddable":true,"href":"https:\/\/temucotelevision.cl\/web\/wp-json\/wp\/v2\/categories?post=50796"},{"taxonomy":"post_tag","embeddable":true,"href":"https:\/\/temucotelevision.cl\/web\/wp-json\/wp\/v2\/tags?post=50796"}],"curies":[{"name":"wp","href":"https:\/\/api.w.org\/{rel}","templated":true}]}}