{"id":50788,"date":"2024-06-18T11:12:10","date_gmt":"2024-06-18T14:12:10","guid":{"rendered":"https:\/\/temucotelevision.cl\/web\/?p=50788"},"modified":"2024-06-18T11:12:10","modified_gmt":"2024-06-18T14:12:10","slug":"lanzan-expo-costumbres-ancestrales-en-pucon-emprendedoras-mapuche-protagonizan-evento-cultural","status":"publish","type":"post","link":"https:\/\/temucotelevision.cl\/web\/2024\/06\/18\/lanzan-expo-costumbres-ancestrales-en-pucon-emprendedoras-mapuche-protagonizan-evento-cultural\/","title":{"rendered":"Lanzan Expo Costumbres Ancestrales en Puc\u00f3n: emprendedoras Mapuche protagonizan evento cultural"},"content":{"rendered":"<div class=\"pvc_clear\"><\/div><p id=\"pvc_stats_50788\" class=\"pvc_stats total_only  \" data-element-id=\"50788\" style=\"\"><i class=\"pvc-stats-icon large\" aria-hidden=\"true\"><svg aria-hidden=\"true\" focusable=\"false\" data-prefix=\"far\" data-icon=\"chart-bar\" role=\"img\" xmlns=\"http:\/\/www.w3.org\/2000\/svg\" viewBox=\"0 0 512 512\" class=\"svg-inline--fa fa-chart-bar fa-w-16 fa-2x\"><path fill=\"currentColor\" d=\"M396.8 352h22.4c6.4 0 12.8-6.4 12.8-12.8V108.8c0-6.4-6.4-12.8-12.8-12.8h-22.4c-6.4 0-12.8 6.4-12.8 12.8v230.4c0 6.4 6.4 12.8 12.8 12.8zm-192 0h22.4c6.4 0 12.8-6.4 12.8-12.8V140.8c0-6.4-6.4-12.8-12.8-12.8h-22.4c-6.4 0-12.8 6.4-12.8 12.8v198.4c0 6.4 6.4 12.8 12.8 12.8zm96 0h22.4c6.4 0 12.8-6.4 12.8-12.8V204.8c0-6.4-6.4-12.8-12.8-12.8h-22.4c-6.4 0-12.8 6.4-12.8 12.8v134.4c0 6.4 6.4 12.8 12.8 12.8zM496 400H48V80c0-8.84-7.16-16-16-16H16C7.16 64 0 71.16 0 80v336c0 17.67 14.33 32 32 32h464c8.84 0 16-7.16 16-16v-16c0-8.84-7.16-16-16-16zm-387.2-48h22.4c6.4 0 12.8-6.4 12.8-12.8v-70.4c0-6.4-6.4-12.8-12.8-12.8h-22.4c-6.4 0-12.8 6.4-12.8 12.8v70.4c0 6.4 6.4 12.8 12.8 12.8z\" class=\"\"><\/path><\/svg><\/i> <img loading=\"lazy\" decoding=\"async\" width=\"16\" height=\"16\" alt=\"Loading\" src=\"https:\/\/temucotelevision.cl\/web\/wp-content\/plugins\/page-views-count\/ajax-loader-2x.gif\" border=0 \/><\/p><div class=\"pvc_clear\"><\/div>\n<p>Desde el 17 al 19 de junio, la comuna lacustre de Puc\u00f3n ser\u00e1 el escenario de una innovadora exposici\u00f3n de emprendedoras mapuche: la Expo Costumbres Ancestrales. Este evento, impulsado por la Oficina Municipal de la Mujer del Municipio de Puc\u00f3n y con el apoyo del Hotel Enjoy, ofrece una oportunidad \u00fanica para conocer y adquirir productos de autor agroelaborados, trabajos en madera, lana y cuero, justo en\u00a0las v\u00edsperas del Wetripantu, el a\u00f1o nuevo mapuche.<\/p>\n\n\n\n<p>La primera edici\u00f3n de esta exposici\u00f3n, titulada &#8220;Vuelve al Origen&#8221;, culminar\u00e1 con un desfile de modas animado por Yazm\u00edn V\u00e1squez, este mi\u00e9rcoles a las 19:00 horas.<\/p>\n\n\n\n<p>El alcalde de Puc\u00f3n, Carlos Barra, expres\u00f3 su felicidad durante la inauguraci\u00f3n, luciendo una de las mantas tejidas por una artesana mapuche. &#8220;Estos productos y emprendimientos son un verdadero aporte para la gente de Puc\u00f3n. Estamos muy contentos con la Oficina Municipal de la Mujer y sus acciones para impulsar a las emprendedoras puconinas, en este caso, mujeres mapuche que confeccionan productos muy lindos. Siempre agradecemos a Enjoy por colaborar con esta iniciativa&#8221;, afirm\u00f3.<\/p>\n\n\n\n<p>Por su parte, Alexis Figueroa, gerente del Hotel Enjoy, declar\u00f3: &#8220;Estamos muy contentos con esta primera versi\u00f3n. Lo que se busca es poner en valor todos los atributos de este hermoso territorio a trav\u00e9s del concepto de costumbres ancestrales, por lo que los dejamos cordialmente invitados a participar&#8221;.<\/p>\n\n\n\n<p>Patricia Chihuaichaura, de Licores Artesanales \u201cEncanto Sure\u00f1o\u201d, agradeci\u00f3 la oportunidad y destac\u00f3 el trabajo de las mujeres artesanas de Puc\u00f3n. &#8220;Soy de Palgu\u00edn Bajo y trajimos lo mejor de nuestras preparaciones artesanales, fabricadas con materias primas locales recolectadas por mi propia familia, con maceraciones que van sobre los seis meses. Esta es una valiosa oportunidad de seguir d\u00e1ndonos a conocer como mujeres emprendedoras mapuche&#8221;, coment\u00f3.<\/p>\n\n\n\n<p>Para m\u00e1s informaci\u00f3n sobre esta feria y otras actividades de la Mujer en la comuna lacustre, se invita a seguir las redes sociales en Facebook e Instagram: \u201cMujer Puc\u00f3n\u201d y \u201cMuni Puc\u00f3n Chile\u201d.<\/p>\n\n\n\n<p>\u00a1No te pierdas esta oportunidad \u00fanica de celebrar y apoyar la cultura y el emprendimiento mapuche en Puc\u00f3n!<\/p>\n\n\n\n<figure class=\"wp-block-image size-large\"><img loading=\"lazy\" decoding=\"async\" width=\"1000\" height=\"750\" src=\"https:\/\/temucotelevision.cl\/web\/wp-content\/uploads\/2024\/06\/Emprendedoras-Mapuche2-1000x750.jpeg\" alt=\"\" class=\"wp-image-50790\" srcset=\"https:\/\/temucotelevision.cl\/web\/wp-content\/uploads\/2024\/06\/Emprendedoras-Mapuche2-1000x750.jpeg 1000w, https:\/\/temucotelevision.cl\/web\/wp-content\/uploads\/2024\/06\/Emprendedoras-Mapuche2-768x576.jpeg 768w, https:\/\/temucotelevision.cl\/web\/wp-content\/uploads\/2024\/06\/Emprendedoras-Mapuche2-1536x1152.jpeg 1536w, https:\/\/temucotelevision.cl\/web\/wp-content\/uploads\/2024\/06\/Emprendedoras-Mapuche2-2048x1536.jpeg 2048w\" sizes=\"auto, (max-width: 1000px) 100vw, 1000px\" \/><\/figure>\n","protected":false},"excerpt":{"rendered":"<div class=\"pvc_clear\"><\/div>\n<p id=\"pvc_stats_50788\" class=\"pvc_stats total_only  \" data-element-id=\"50788\" style=\"\"><i class=\"pvc-stats-icon large\" aria-hidden=\"true\"><svg aria-hidden=\"true\" focusable=\"false\" data-prefix=\"far\" data-icon=\"chart-bar\" role=\"img\" xmlns=\"http:\/\/www.w3.org\/2000\/svg\" viewBox=\"0 0 512 512\" class=\"svg-inline--fa fa-chart-bar fa-w-16 fa-2x\"><path fill=\"currentColor\" d=\"M396.8 352h22.4c6.4 0 12.8-6.4 12.8-12.8V108.8c0-6.4-6.4-12.8-12.8-12.8h-22.4c-6.4 0-12.8 6.4-12.8 12.8v230.4c0 6.4 6.4 12.8 12.8 12.8zm-192 0h22.4c6.4 0 12.8-6.4 12.8-12.8V140.8c0-6.4-6.4-12.8-12.8-12.8h-22.4c-6.4 0-12.8 6.4-12.8 12.8v198.4c0 6.4 6.4 12.8 12.8 12.8zm96 0h22.4c6.4 0 12.8-6.4 12.8-12.8V204.8c0-6.4-6.4-12.8-12.8-12.8h-22.4c-6.4 0-12.8 6.4-12.8 12.8v134.4c0 6.4 6.4 12.8 12.8 12.8zM496 400H48V80c0-8.84-7.16-16-16-16H16C7.16 64 0 71.16 0 80v336c0 17.67 14.33 32 32 32h464c8.84 0 16-7.16 16-16v-16c0-8.84-7.16-16-16-16zm-387.2-48h22.4c6.4 0 12.8-6.4 12.8-12.8v-70.4c0-6.4-6.4-12.8-12.8-12.8h-22.4c-6.4 0-12.8 6.4-12.8 12.8v70.4c0 6.4 6.4 12.8 12.8 12.8z\" class=\"\"><\/path><\/svg><\/i> <img loading=\"lazy\" decoding=\"async\" width=\"16\" height=\"16\" alt=\"Loading\" src=\"https:\/\/temucotelevision.cl\/web\/wp-content\/plugins\/page-views-count\/ajax-loader-2x.gif\" border=0 \/><\/p>\n<div class=\"pvc_clear\"><\/div>\n<p>Desde el 17 al 19 de junio, la comuna lacustre de Puc\u00f3n ser\u00e1 el escenario de una innovadora exposici\u00f3n de<\/p>\n","protected":false},"author":1,"featured_media":50789,"comment_status":"open","ping_status":"open","sticky":false,"template":"","format":"standard","meta":{"colormag_page_container_layout":"default_layout","colormag_page_sidebar_layout":"default_layout","footnotes":""},"categories":[86],"tags":[629],"class_list":["post-50788","post","type-post","status-publish","format-standard","has-post-thumbnail","hentry","category-panoramas","tag-panorama"],"a3_pvc":{"activated":true,"total_views":972,"today_views":0},"_links":{"self":[{"href":"https:\/\/temucotelevision.cl\/web\/wp-json\/wp\/v2\/posts\/50788","targetHints":{"allow":["GET"]}}],"collection":[{"href":"https:\/\/temucotelevision.cl\/web\/wp-json\/wp\/v2\/posts"}],"about":[{"href":"https:\/\/temucotelevision.cl\/web\/wp-json\/wp\/v2\/types\/post"}],"author":[{"embeddable":true,"href":"https:\/\/temucotelevision.cl\/web\/wp-json\/wp\/v2\/users\/1"}],"replies":[{"embeddable":true,"href":"https:\/\/temucotelevision.cl\/web\/wp-json\/wp\/v2\/comments?post=50788"}],"version-history":[{"count":1,"href":"https:\/\/temucotelevision.cl\/web\/wp-json\/wp\/v2\/posts\/50788\/revisions"}],"predecessor-version":[{"id":50791,"href":"https:\/\/temucotelevision.cl\/web\/wp-json\/wp\/v2\/posts\/50788\/revisions\/50791"}],"wp:featuredmedia":[{"embeddable":true,"href":"https:\/\/temucotelevision.cl\/web\/wp-json\/wp\/v2\/media\/50789"}],"wp:attachment":[{"href":"https:\/\/temucotelevision.cl\/web\/wp-json\/wp\/v2\/media?parent=50788"}],"wp:term":[{"taxonomy":"category","embeddable":true,"href":"https:\/\/temucotelevision.cl\/web\/wp-json\/wp\/v2\/categories?post=50788"},{"taxonomy":"post_tag","embeddable":true,"href":"https:\/\/temucotelevision.cl\/web\/wp-json\/wp\/v2\/tags?post=50788"}],"curies":[{"name":"wp","href":"https:\/\/api.w.org\/{rel}","templated":true}]}}