{"id":50785,"date":"2024-06-18T11:06:20","date_gmt":"2024-06-18T14:06:20","guid":{"rendered":"https:\/\/temucotelevision.cl\/web\/?p=50785"},"modified":"2024-06-18T11:06:20","modified_gmt":"2024-06-18T14:06:20","slug":"diputado-jorge-rathgeb-llama-a-las-autoridades-a-no-bajar-los-brazos-por-nuevas-lluvias-que-se-esperan-en-la-araucania","status":"publish","type":"post","link":"https:\/\/temucotelevision.cl\/web\/2024\/06\/18\/diputado-jorge-rathgeb-llama-a-las-autoridades-a-no-bajar-los-brazos-por-nuevas-lluvias-que-se-esperan-en-la-araucania\/","title":{"rendered":"Diputado Jorge Rathgeb llama a las autoridades a no bajar los brazos por nuevas lluvias que se esperan en La Araucan\u00eda"},"content":{"rendered":"<div class=\"pvc_clear\"><\/div><p id=\"pvc_stats_50785\" class=\"pvc_stats total_only  \" data-element-id=\"50785\" style=\"\"><i class=\"pvc-stats-icon large\" aria-hidden=\"true\"><svg aria-hidden=\"true\" focusable=\"false\" data-prefix=\"far\" data-icon=\"chart-bar\" role=\"img\" xmlns=\"http:\/\/www.w3.org\/2000\/svg\" viewBox=\"0 0 512 512\" class=\"svg-inline--fa fa-chart-bar fa-w-16 fa-2x\"><path fill=\"currentColor\" d=\"M396.8 352h22.4c6.4 0 12.8-6.4 12.8-12.8V108.8c0-6.4-6.4-12.8-12.8-12.8h-22.4c-6.4 0-12.8 6.4-12.8 12.8v230.4c0 6.4 6.4 12.8 12.8 12.8zm-192 0h22.4c6.4 0 12.8-6.4 12.8-12.8V140.8c0-6.4-6.4-12.8-12.8-12.8h-22.4c-6.4 0-12.8 6.4-12.8 12.8v198.4c0 6.4 6.4 12.8 12.8 12.8zm96 0h22.4c6.4 0 12.8-6.4 12.8-12.8V204.8c0-6.4-6.4-12.8-12.8-12.8h-22.4c-6.4 0-12.8 6.4-12.8 12.8v134.4c0 6.4 6.4 12.8 12.8 12.8zM496 400H48V80c0-8.84-7.16-16-16-16H16C7.16 64 0 71.16 0 80v336c0 17.67 14.33 32 32 32h464c8.84 0 16-7.16 16-16v-16c0-8.84-7.16-16-16-16zm-387.2-48h22.4c6.4 0 12.8-6.4 12.8-12.8v-70.4c0-6.4-6.4-12.8-12.8-12.8h-22.4c-6.4 0-12.8 6.4-12.8 12.8v70.4c0 6.4 6.4 12.8 12.8 12.8z\" class=\"\"><\/path><\/svg><\/i> <img loading=\"lazy\" decoding=\"async\" width=\"16\" height=\"16\" alt=\"Loading\" src=\"https:\/\/temucotelevision.cl\/web\/wp-content\/plugins\/page-views-count\/ajax-loader-2x.gif\" border=0 \/><\/p><div class=\"pvc_clear\"><\/div>\n<p><strong>El parlamentario se\u00f1al\u00f3 que no es momento de relajarse y que deben seguir vigentes los planes ante emergencias meteorol\u00f3gicas.<\/strong><\/p>\n\n\n\n<p>Las precipitaciones y el viento fuerte continuar\u00e1n en la regi\u00f3n y debido a lo anterior se pueden presentar nuevas contingencias, principalmente en la parte norte de La Araucan\u00eda, como ocurri\u00f3 d\u00edas atr\u00e1s.<\/p>\n\n\n\n<p>El diputado de Renovaci\u00f3n Nacional por la zona y miembro de la comisi\u00f3n de &#8220;Emergencias, Desastres y Bomberos&#8221;, realiz\u00f3 el llamado a no relajar las medidas y as\u00ed prepararse ante llamados que se puedan dar.<\/p>\n\n\n\n<p>Rathgeb indic\u00f3 que tambi\u00e9n el Gobierno acorde a lo que ocurra, debe declarar Estado de Cat\u00e1strofe ante lo que pueda ocurrir, tomando en consideraci\u00f3n lo que se vio en d\u00edas anteriores.<\/p>\n\n\n\n<p>&#8220;Lamentablemente las lluvias continuar\u00e1n y por eso no hay momento de bajar los brazos o relajarse, por el contrario se deben mantener los planes y as\u00ed reaccionar a tiempo frente a lo que pueda ocurrir y no descartar una medida mayor como es el Estado de Cat\u00e1strofe para La Araucan\u00eda&#8221;, indic\u00f3 Rathgeb.<\/p>\n\n\n\n<p>El legislador agreg\u00f3 que es sumamente importante la coordinaci\u00f3n entre todas las entidades en estos momentos y no dejar solos a los vecinos, sobre todo a los agricultores que est\u00e1n pasando momentos complejos a ra\u00edz de las inundaciones que han afectado a sus plantaciones o las verdaderas piscinas en terrenos donde est\u00e1n sus animales.<\/p>\n\n\n\n<p>Rathgeb finaliz\u00f3 sus dichos esperando que se puedan brindar ayudas concretas para todos los que se han visto damnificados por estas emergencias que se han dado en los \u00faltimos d\u00edas.<\/p>\n\n\n\n<figure class=\"wp-block-image size-large\"><img loading=\"lazy\" decoding=\"async\" width=\"1000\" height=\"1000\" src=\"https:\/\/temucotelevision.cl\/web\/wp-content\/uploads\/2024\/06\/DIPUTADO-RATHGEB-NUEVAS-PRECIPITACIONES-1000x1000.jpg\" alt=\"\" class=\"wp-image-50786\" srcset=\"https:\/\/temucotelevision.cl\/web\/wp-content\/uploads\/2024\/06\/DIPUTADO-RATHGEB-NUEVAS-PRECIPITACIONES-1000x1000.jpg 1000w, https:\/\/temucotelevision.cl\/web\/wp-content\/uploads\/2024\/06\/DIPUTADO-RATHGEB-NUEVAS-PRECIPITACIONES-768x768.jpg 768w, https:\/\/temucotelevision.cl\/web\/wp-content\/uploads\/2024\/06\/DIPUTADO-RATHGEB-NUEVAS-PRECIPITACIONES-1536x1536.jpg 1536w, https:\/\/temucotelevision.cl\/web\/wp-content\/uploads\/2024\/06\/DIPUTADO-RATHGEB-NUEVAS-PRECIPITACIONES-2048x2048.jpg 2048w, https:\/\/temucotelevision.cl\/web\/wp-content\/uploads\/2024\/06\/DIPUTADO-RATHGEB-NUEVAS-PRECIPITACIONES-150x150.jpg 150w\" sizes=\"auto, (max-width: 1000px) 100vw, 1000px\" \/><\/figure>\n","protected":false},"excerpt":{"rendered":"<div class=\"pvc_clear\"><\/div>\n<p id=\"pvc_stats_50785\" class=\"pvc_stats total_only  \" data-element-id=\"50785\" style=\"\"><i class=\"pvc-stats-icon large\" aria-hidden=\"true\"><svg aria-hidden=\"true\" focusable=\"false\" data-prefix=\"far\" data-icon=\"chart-bar\" role=\"img\" xmlns=\"http:\/\/www.w3.org\/2000\/svg\" viewBox=\"0 0 512 512\" class=\"svg-inline--fa fa-chart-bar fa-w-16 fa-2x\"><path fill=\"currentColor\" d=\"M396.8 352h22.4c6.4 0 12.8-6.4 12.8-12.8V108.8c0-6.4-6.4-12.8-12.8-12.8h-22.4c-6.4 0-12.8 6.4-12.8 12.8v230.4c0 6.4 6.4 12.8 12.8 12.8zm-192 0h22.4c6.4 0 12.8-6.4 12.8-12.8V140.8c0-6.4-6.4-12.8-12.8-12.8h-22.4c-6.4 0-12.8 6.4-12.8 12.8v198.4c0 6.4 6.4 12.8 12.8 12.8zm96 0h22.4c6.4 0 12.8-6.4 12.8-12.8V204.8c0-6.4-6.4-12.8-12.8-12.8h-22.4c-6.4 0-12.8 6.4-12.8 12.8v134.4c0 6.4 6.4 12.8 12.8 12.8zM496 400H48V80c0-8.84-7.16-16-16-16H16C7.16 64 0 71.16 0 80v336c0 17.67 14.33 32 32 32h464c8.84 0 16-7.16 16-16v-16c0-8.84-7.16-16-16-16zm-387.2-48h22.4c6.4 0 12.8-6.4 12.8-12.8v-70.4c0-6.4-6.4-12.8-12.8-12.8h-22.4c-6.4 0-12.8 6.4-12.8 12.8v70.4c0 6.4 6.4 12.8 12.8 12.8z\" class=\"\"><\/path><\/svg><\/i> <img loading=\"lazy\" decoding=\"async\" width=\"16\" height=\"16\" alt=\"Loading\" src=\"https:\/\/temucotelevision.cl\/web\/wp-content\/plugins\/page-views-count\/ajax-loader-2x.gif\" border=0 \/><\/p>\n<div class=\"pvc_clear\"><\/div>\n<p>El parlamentario se\u00f1al\u00f3 que no es momento de relajarse y que deben seguir vigentes los planes ante emergencias meteorol\u00f3gicas. Las<\/p>\n","protected":false},"author":1,"featured_media":44501,"comment_status":"open","ping_status":"open","sticky":false,"template":"","format":"standard","meta":{"colormag_page_container_layout":"default_layout","colormag_page_sidebar_layout":"default_layout","footnotes":""},"categories":[84],"tags":[154],"class_list":["post-50785","post","type-post","status-publish","format-standard","has-post-thumbnail","hentry","category-politica","tag-diputado"],"a3_pvc":{"activated":true,"total_views":871,"today_views":0},"_links":{"self":[{"href":"https:\/\/temucotelevision.cl\/web\/wp-json\/wp\/v2\/posts\/50785","targetHints":{"allow":["GET"]}}],"collection":[{"href":"https:\/\/temucotelevision.cl\/web\/wp-json\/wp\/v2\/posts"}],"about":[{"href":"https:\/\/temucotelevision.cl\/web\/wp-json\/wp\/v2\/types\/post"}],"author":[{"embeddable":true,"href":"https:\/\/temucotelevision.cl\/web\/wp-json\/wp\/v2\/users\/1"}],"replies":[{"embeddable":true,"href":"https:\/\/temucotelevision.cl\/web\/wp-json\/wp\/v2\/comments?post=50785"}],"version-history":[{"count":1,"href":"https:\/\/temucotelevision.cl\/web\/wp-json\/wp\/v2\/posts\/50785\/revisions"}],"predecessor-version":[{"id":50787,"href":"https:\/\/temucotelevision.cl\/web\/wp-json\/wp\/v2\/posts\/50785\/revisions\/50787"}],"wp:featuredmedia":[{"embeddable":true,"href":"https:\/\/temucotelevision.cl\/web\/wp-json\/wp\/v2\/media\/44501"}],"wp:attachment":[{"href":"https:\/\/temucotelevision.cl\/web\/wp-json\/wp\/v2\/media?parent=50785"}],"wp:term":[{"taxonomy":"category","embeddable":true,"href":"https:\/\/temucotelevision.cl\/web\/wp-json\/wp\/v2\/categories?post=50785"},{"taxonomy":"post_tag","embeddable":true,"href":"https:\/\/temucotelevision.cl\/web\/wp-json\/wp\/v2\/tags?post=50785"}],"curies":[{"name":"wp","href":"https:\/\/api.w.org\/{rel}","templated":true}]}}