{"id":50779,"date":"2024-06-18T10:51:30","date_gmt":"2024-06-18T13:51:30","guid":{"rendered":"https:\/\/temucotelevision.cl\/web\/?p=50779"},"modified":"2024-06-18T10:51:30","modified_gmt":"2024-06-18T13:51:30","slug":"comunicadora-y-actriz-temuquense-daniela-seguel-presenta-el-calcetin-colorin-en-santiago","status":"publish","type":"post","link":"https:\/\/temucotelevision.cl\/web\/2024\/06\/18\/comunicadora-y-actriz-temuquense-daniela-seguel-presenta-el-calcetin-colorin-en-santiago\/","title":{"rendered":"Comunicadora y actriz temuquense Daniela Seguel presenta &#8216;El Calcet\u00edn Color\u00edn&#8217; en Santiago"},"content":{"rendered":"<div class=\"pvc_clear\"><\/div><p id=\"pvc_stats_50779\" class=\"pvc_stats total_only  \" data-element-id=\"50779\" style=\"\"><i class=\"pvc-stats-icon large\" aria-hidden=\"true\"><svg aria-hidden=\"true\" focusable=\"false\" data-prefix=\"far\" data-icon=\"chart-bar\" role=\"img\" xmlns=\"http:\/\/www.w3.org\/2000\/svg\" viewBox=\"0 0 512 512\" class=\"svg-inline--fa fa-chart-bar fa-w-16 fa-2x\"><path fill=\"currentColor\" d=\"M396.8 352h22.4c6.4 0 12.8-6.4 12.8-12.8V108.8c0-6.4-6.4-12.8-12.8-12.8h-22.4c-6.4 0-12.8 6.4-12.8 12.8v230.4c0 6.4 6.4 12.8 12.8 12.8zm-192 0h22.4c6.4 0 12.8-6.4 12.8-12.8V140.8c0-6.4-6.4-12.8-12.8-12.8h-22.4c-6.4 0-12.8 6.4-12.8 12.8v198.4c0 6.4 6.4 12.8 12.8 12.8zm96 0h22.4c6.4 0 12.8-6.4 12.8-12.8V204.8c0-6.4-6.4-12.8-12.8-12.8h-22.4c-6.4 0-12.8 6.4-12.8 12.8v134.4c0 6.4 6.4 12.8 12.8 12.8zM496 400H48V80c0-8.84-7.16-16-16-16H16C7.16 64 0 71.16 0 80v336c0 17.67 14.33 32 32 32h464c8.84 0 16-7.16 16-16v-16c0-8.84-7.16-16-16-16zm-387.2-48h22.4c6.4 0 12.8-6.4 12.8-12.8v-70.4c0-6.4-6.4-12.8-12.8-12.8h-22.4c-6.4 0-12.8 6.4-12.8 12.8v70.4c0 6.4 6.4 12.8 12.8 12.8z\" class=\"\"><\/path><\/svg><\/i> <img loading=\"lazy\" decoding=\"async\" width=\"16\" height=\"16\" alt=\"Loading\" src=\"https:\/\/temucotelevision.cl\/web\/wp-content\/plugins\/page-views-count\/ajax-loader-2x.gif\" border=0 \/><\/p><div class=\"pvc_clear\"><\/div>\n<p>Daniela Seguel, oriunda de Temuco, Relacionadora P\u00fablica y licenciada en comunicaci\u00f3n estrat\u00e9gica, &nbsp;est\u00e1 desarrollando una importante carrera como actriz en Santiago, quien est\u00e1 pronto a estrenar su primera obra.<\/p>\n\n\n\n<p>Con un profundo compromiso con la sostenibilidad, hace m\u00e1s de una d\u00e9cada fund\u00f3 la plataforma &#8220;Reviviendo mil prendas&#8221; y escribi\u00f3 el primer libro en Chile sobre vestuario consciente para ni\u00f1os y ni\u00f1as. &#8220;Es un tema en el que trabajo hace m\u00e1s de 10 a\u00f1os y siempre con la idea de poder aportar con un granito de arena a ver el vestuario de otra forma&#8221;, comenta Daniela.<\/p>\n\n\n\n<p>Este 22 y 23 de junio, Daniela &nbsp;estrenar\u00e1 su primera obra de teatro, &#8220;El Calcet\u00edn Color\u00edn&#8221;, en Teatro Camino de H\u00e9ctor Noguera en Pe\u00f1alol\u00e9n, Santiago. La obra, dirigida a toda la familia, se presentar\u00e1 a la 16:00 horas.<\/p>\n\n\n\n<p>&#8220;El Calcet\u00edn Color\u00edn&#8221;, es una colorida puesta en escena que promueve el cuidado del planeta y el consumo responsable de ropa, la que narra la historia de un calcet\u00edn que, tras ser desechado en Par\u00eds, llega a Chile y se encuentra con otras prendas abandonadas, iniciando una emocionante aventura para cambiar su destino. Con una duraci\u00f3n de 30 minutos, la obra incorpora m\u00fasica y vestuarios coloridos hechos con materiales reutilizados. \u201cRepensar antes de comprar, buscando alternativas que ya existan dentro de nuestros espacios, porque no hay vestuario m\u00e1s consciente que el de nuestro cl\u00f3set\u201d, subraya Daniela.<\/p>\n\n\n\n<p>&nbsp;Adem\u00e1s de la obra, se ofrecer\u00e1 un taller experimental llamado &#8220;Reviviendo mil prendas&#8221; despu\u00e9s de cada funci\u00f3n. Este espacio familiar permite a los asistentes aprender sobre el impacto ambiental de la industria textil y experimentar con materiales reutilizados. La actividad concluye con el sorteo del libro hom\u00f3nimo, todo sin costo adicional para los asistentes. &#8220;Entender que es nuestra segunda piel, es la elecci\u00f3n que tenemos todos los d\u00edas al momento de levantarnos y qu\u00e9 mejor, que hacerlo de forma responsable&#8221;, agrega Daniela.<\/p>\n\n\n\n<p>Teatro Camino, que forma parte del Programa de Apoyo a Organizaciones Culturales Colaboradoras del Ministerio de las Culturas, las Artes y el Patrimonio, albergar\u00e1 este evento. Este programa apoya a instituciones culturales sin fines de lucro en su fortalecimiento y continuidad.<\/p>\n\n\n\n<p>Las funciones y talleres se llevar\u00e1n a cabo los d\u00edas 22 y 23 de junio a las 16:00 horas en&nbsp;<strong>Teatro Camino, ubicado en Antupir\u00e9n 9400, Pe\u00f1alol\u00e9n,<\/strong>&nbsp;con una invitaci\u00f3n abierta para disfrutar de un espect\u00e1culo familiar.<\/p>\n\n\n\n<p><strong>M\u00e1s detalles y reserva de entradas, en cartelera <a href=\"https:\/\/teatrocamino.cl\/web\/categoria-producto\/temporada-2024\" data-type=\"link\" data-id=\"https:\/\/teatrocamino.cl\/web\/categoria-producto\/temporada-2024\">Teatro Camino<\/a>:<\/strong><\/p>\n\n\n\n<figure class=\"wp-block-image size-full\"><img loading=\"lazy\" decoding=\"async\" width=\"795\" height=\"789\" src=\"https:\/\/temucotelevision.cl\/web\/wp-content\/uploads\/2024\/06\/AFICHE-CALCETIN-COLORIN.jpeg\" alt=\"\" class=\"wp-image-50781\" srcset=\"https:\/\/temucotelevision.cl\/web\/wp-content\/uploads\/2024\/06\/AFICHE-CALCETIN-COLORIN.jpeg 795w, https:\/\/temucotelevision.cl\/web\/wp-content\/uploads\/2024\/06\/AFICHE-CALCETIN-COLORIN-768x762.jpeg 768w, https:\/\/temucotelevision.cl\/web\/wp-content\/uploads\/2024\/06\/AFICHE-CALCETIN-COLORIN-150x150.jpeg 150w\" sizes=\"auto, (max-width: 795px) 100vw, 795px\" \/><\/figure>\n","protected":false},"excerpt":{"rendered":"<div class=\"pvc_clear\"><\/div>\n<p id=\"pvc_stats_50779\" class=\"pvc_stats total_only  \" data-element-id=\"50779\" style=\"\"><i class=\"pvc-stats-icon large\" aria-hidden=\"true\"><svg aria-hidden=\"true\" focusable=\"false\" data-prefix=\"far\" data-icon=\"chart-bar\" role=\"img\" xmlns=\"http:\/\/www.w3.org\/2000\/svg\" viewBox=\"0 0 512 512\" class=\"svg-inline--fa fa-chart-bar fa-w-16 fa-2x\"><path fill=\"currentColor\" d=\"M396.8 352h22.4c6.4 0 12.8-6.4 12.8-12.8V108.8c0-6.4-6.4-12.8-12.8-12.8h-22.4c-6.4 0-12.8 6.4-12.8 12.8v230.4c0 6.4 6.4 12.8 12.8 12.8zm-192 0h22.4c6.4 0 12.8-6.4 12.8-12.8V140.8c0-6.4-6.4-12.8-12.8-12.8h-22.4c-6.4 0-12.8 6.4-12.8 12.8v198.4c0 6.4 6.4 12.8 12.8 12.8zm96 0h22.4c6.4 0 12.8-6.4 12.8-12.8V204.8c0-6.4-6.4-12.8-12.8-12.8h-22.4c-6.4 0-12.8 6.4-12.8 12.8v134.4c0 6.4 6.4 12.8 12.8 12.8zM496 400H48V80c0-8.84-7.16-16-16-16H16C7.16 64 0 71.16 0 80v336c0 17.67 14.33 32 32 32h464c8.84 0 16-7.16 16-16v-16c0-8.84-7.16-16-16-16zm-387.2-48h22.4c6.4 0 12.8-6.4 12.8-12.8v-70.4c0-6.4-6.4-12.8-12.8-12.8h-22.4c-6.4 0-12.8 6.4-12.8 12.8v70.4c0 6.4 6.4 12.8 12.8 12.8z\" class=\"\"><\/path><\/svg><\/i> <img loading=\"lazy\" decoding=\"async\" width=\"16\" height=\"16\" alt=\"Loading\" src=\"https:\/\/temucotelevision.cl\/web\/wp-content\/plugins\/page-views-count\/ajax-loader-2x.gif\" border=0 \/><\/p>\n<div class=\"pvc_clear\"><\/div>\n<p>Daniela Seguel, oriunda de Temuco, Relacionadora P\u00fablica y licenciada en comunicaci\u00f3n estrat\u00e9gica, &nbsp;est\u00e1 desarrollando una importante carrera como actriz en<\/p>\n","protected":false},"author":1,"featured_media":50780,"comment_status":"open","ping_status":"open","sticky":false,"template":"","format":"standard","meta":{"colormag_page_container_layout":"default_layout","colormag_page_sidebar_layout":"default_layout","footnotes":""},"categories":[86],"tags":[925],"class_list":["post-50779","post","type-post","status-publish","format-standard","has-post-thumbnail","hentry","category-panoramas","tag-obra"],"a3_pvc":{"activated":true,"total_views":1241,"today_views":0},"_links":{"self":[{"href":"https:\/\/temucotelevision.cl\/web\/wp-json\/wp\/v2\/posts\/50779","targetHints":{"allow":["GET"]}}],"collection":[{"href":"https:\/\/temucotelevision.cl\/web\/wp-json\/wp\/v2\/posts"}],"about":[{"href":"https:\/\/temucotelevision.cl\/web\/wp-json\/wp\/v2\/types\/post"}],"author":[{"embeddable":true,"href":"https:\/\/temucotelevision.cl\/web\/wp-json\/wp\/v2\/users\/1"}],"replies":[{"embeddable":true,"href":"https:\/\/temucotelevision.cl\/web\/wp-json\/wp\/v2\/comments?post=50779"}],"version-history":[{"count":1,"href":"https:\/\/temucotelevision.cl\/web\/wp-json\/wp\/v2\/posts\/50779\/revisions"}],"predecessor-version":[{"id":50782,"href":"https:\/\/temucotelevision.cl\/web\/wp-json\/wp\/v2\/posts\/50779\/revisions\/50782"}],"wp:featuredmedia":[{"embeddable":true,"href":"https:\/\/temucotelevision.cl\/web\/wp-json\/wp\/v2\/media\/50780"}],"wp:attachment":[{"href":"https:\/\/temucotelevision.cl\/web\/wp-json\/wp\/v2\/media?parent=50779"}],"wp:term":[{"taxonomy":"category","embeddable":true,"href":"https:\/\/temucotelevision.cl\/web\/wp-json\/wp\/v2\/categories?post=50779"},{"taxonomy":"post_tag","embeddable":true,"href":"https:\/\/temucotelevision.cl\/web\/wp-json\/wp\/v2\/tags?post=50779"}],"curies":[{"name":"wp","href":"https:\/\/api.w.org\/{rel}","templated":true}]}}