{"id":50765,"date":"2024-06-18T09:42:26","date_gmt":"2024-06-18T12:42:26","guid":{"rendered":"https:\/\/temucotelevision.cl\/web\/?p=50765"},"modified":"2024-06-18T09:44:53","modified_gmt":"2024-06-18T12:44:53","slug":"invitan-a-participar-de-eventos-de-invierno-en-panguipulli-sietelagos-el-invierno-en-panguipulli-espera-por-ti","status":"publish","type":"post","link":"https:\/\/temucotelevision.cl\/web\/2024\/06\/18\/invitan-a-participar-de-eventos-de-invierno-en-panguipulli-sietelagos-el-invierno-en-panguipulli-espera-por-ti\/","title":{"rendered":"Invitan a participar de eventos de invierno en Panguipulli Sietelagos: El invierno en Panguipulli espera por ti"},"content":{"rendered":"<div class=\"pvc_clear\"><\/div><p id=\"pvc_stats_50765\" class=\"pvc_stats total_only  \" data-element-id=\"50765\" style=\"\"><i class=\"pvc-stats-icon large\" aria-hidden=\"true\"><svg aria-hidden=\"true\" focusable=\"false\" data-prefix=\"far\" data-icon=\"chart-bar\" role=\"img\" xmlns=\"http:\/\/www.w3.org\/2000\/svg\" viewBox=\"0 0 512 512\" class=\"svg-inline--fa fa-chart-bar fa-w-16 fa-2x\"><path fill=\"currentColor\" d=\"M396.8 352h22.4c6.4 0 12.8-6.4 12.8-12.8V108.8c0-6.4-6.4-12.8-12.8-12.8h-22.4c-6.4 0-12.8 6.4-12.8 12.8v230.4c0 6.4 6.4 12.8 12.8 12.8zm-192 0h22.4c6.4 0 12.8-6.4 12.8-12.8V140.8c0-6.4-6.4-12.8-12.8-12.8h-22.4c-6.4 0-12.8 6.4-12.8 12.8v198.4c0 6.4 6.4 12.8 12.8 12.8zm96 0h22.4c6.4 0 12.8-6.4 12.8-12.8V204.8c0-6.4-6.4-12.8-12.8-12.8h-22.4c-6.4 0-12.8 6.4-12.8 12.8v134.4c0 6.4 6.4 12.8 12.8 12.8zM496 400H48V80c0-8.84-7.16-16-16-16H16C7.16 64 0 71.16 0 80v336c0 17.67 14.33 32 32 32h464c8.84 0 16-7.16 16-16v-16c0-8.84-7.16-16-16-16zm-387.2-48h22.4c6.4 0 12.8-6.4 12.8-12.8v-70.4c0-6.4-6.4-12.8-12.8-12.8h-22.4c-6.4 0-12.8 6.4-12.8 12.8v70.4c0 6.4 6.4 12.8 12.8 12.8z\" class=\"\"><\/path><\/svg><\/i> <img loading=\"lazy\" decoding=\"async\" width=\"16\" height=\"16\" alt=\"Loading\" src=\"https:\/\/temucotelevision.cl\/web\/wp-content\/plugins\/page-views-count\/ajax-loader-2x.gif\" border=0 \/><\/p><div class=\"pvc_clear\"><\/div>\n<p>Estas vacaciones de invierno, la comuna de Panguipulli Sietelagos te invita a disfrutar de una temporada cargada de eventos imperdibles. Desde el 28 de junio hasta el 21 de julio, la belleza natural de este destino se combina con actividades culturales, deportivas y gastron\u00f3micas, ofreciendo una experiencia inolvidable para residentes y turistas.<\/p>\n\n\n\n<p>Este invierno no te puedes perder la tercera edici\u00f3n de la Fiesta del Chocolate y Reposter\u00eda, que se llevar\u00e1 a cabo del 28 de junio al 7 de julio en el Gimnasio Municipal de Co\u00f1aripe, promete deleitar a los visitantes con exquisitos chocolates artesanales. El 29 de junio, el Departamento de Turismo organiza una traves\u00eda al atardecer en la Playa de Panguipulli, donde se podr\u00e1 vivir una aventura en kayak y stand-up paddle, disfrutando de los impresionantes paisajes lacustres.<\/p>\n\n\n\n<p>La Tercera Expo Rural Liqui\u00f1e se celebrar\u00e1 desde el 28 de junio hasta el 1 de julio en la Casa del Pueblo Liqui\u00f1e, destacando las tradiciones y productos locales. Los amantes de la cerveza artesanal no querr\u00e1n perderse la sexta edici\u00f3n de la Expo de la Cerveza Artesanal &#8220;Entre Barriles y Cebada&#8221;, que tendr\u00e1 lugar en el Centro de Ferias Panguipulli (Ex Casino) del 28 al 30 de junio, con degustaciones y m\u00fasica en vivo.<\/p>\n\n\n\n<figure class=\"wp-block-image size-large\"><img loading=\"lazy\" decoding=\"async\" width=\"1000\" height=\"667\" src=\"https:\/\/temucotelevision.cl\/web\/wp-content\/uploads\/2024\/06\/Gastronomia1-1000x667.jpg\" alt=\"\" class=\"wp-image-50768\" srcset=\"https:\/\/temucotelevision.cl\/web\/wp-content\/uploads\/2024\/06\/Gastronomia1-1000x667.jpg 1000w, https:\/\/temucotelevision.cl\/web\/wp-content\/uploads\/2024\/06\/Gastronomia1-768x512.jpg 768w, https:\/\/temucotelevision.cl\/web\/wp-content\/uploads\/2024\/06\/Gastronomia1-1536x1024.jpg 1536w, https:\/\/temucotelevision.cl\/web\/wp-content\/uploads\/2024\/06\/Gastronomia1.jpg 2048w\" sizes=\"auto, (max-width: 1000px) 100vw, 1000px\" \/><\/figure>\n\n\n\n<p>Del 3 al 6 de julio, el Centro de Ferias Panguipulli acoger\u00e1 la Expo Puelche, organizada por el Departamento de la Mujer, celebrando la diversidad y creatividad de las mujeres de la regi\u00f3n con productos artesanales y culturales. La Feria de Pucura en Co\u00f1aripe ser\u00e1 el punto de encuentro para el Seminario Internacional y Feria de Turismo de Base Comunitaria los d\u00edas 5 y 6 de julio, ofreciendo una plataforma para el intercambio de conocimientos en turismo sostenible.<\/p>\n\n\n\n<p>El 20 y 21 de julio, la Feria Choshuenco ser\u00e1 el escenario del Festival de Invierno, celebrando la belleza invernal del territorio con gastronom\u00eda, m\u00fasica en vivo y actividades recreativas para toda la familia.<\/p>\n\n\n\n<p>El alcalde de Panguipulli, Pedro Burgos V\u00e1squez, extiende una cordial invitaci\u00f3n a todos: &#8220;Los invitamos a sumarse a esta parrilla de eventos y disfrutar de las diversas actividades que hemos preparado en nuestras localidades. Es una excelente oportunidad para conocer y vivir la riqueza cultural y natural de Panguipulli Sietelagos\u201d.<\/p>\n\n\n\n<p>No te pierdas la oportunidad de vivir un invierno m\u00e1gico en Panguipulli Sietelagos, destacando lo mejor de nuestra cultura, naturaleza y comunidad.<\/p>\n\n\n\n<figure class=\"wp-block-image size-large\"><img loading=\"lazy\" decoding=\"async\" width=\"1000\" height=\"667\" src=\"https:\/\/temucotelevision.cl\/web\/wp-content\/uploads\/2024\/06\/Panguipulli3-1000x667.jpg\" alt=\"\" class=\"wp-image-50767\" srcset=\"https:\/\/temucotelevision.cl\/web\/wp-content\/uploads\/2024\/06\/Panguipulli3-1000x667.jpg 1000w, https:\/\/temucotelevision.cl\/web\/wp-content\/uploads\/2024\/06\/Panguipulli3-768x512.jpg 768w, https:\/\/temucotelevision.cl\/web\/wp-content\/uploads\/2024\/06\/Panguipulli3-1536x1024.jpg 1536w, https:\/\/temucotelevision.cl\/web\/wp-content\/uploads\/2024\/06\/Panguipulli3.jpg 2048w\" sizes=\"auto, (max-width: 1000px) 100vw, 1000px\" \/><\/figure>\n\n\n\n<figure class=\"wp-block-image size-large\"><img loading=\"lazy\" decoding=\"async\" width=\"800\" height=\"1000\" src=\"https:\/\/temucotelevision.cl\/web\/wp-content\/uploads\/2024\/06\/Calendario-Invierno-02-800x1000.jpg\" alt=\"\" class=\"wp-image-50776\" srcset=\"https:\/\/temucotelevision.cl\/web\/wp-content\/uploads\/2024\/06\/Calendario-Invierno-02-800x1000.jpg 800w, https:\/\/temucotelevision.cl\/web\/wp-content\/uploads\/2024\/06\/Calendario-Invierno-02-768x960.jpg 768w, https:\/\/temucotelevision.cl\/web\/wp-content\/uploads\/2024\/06\/Calendario-Invierno-02-1229x1536.jpg 1229w, https:\/\/temucotelevision.cl\/web\/wp-content\/uploads\/2024\/06\/Calendario-Invierno-02-1638x2048.jpg 1638w, https:\/\/temucotelevision.cl\/web\/wp-content\/uploads\/2024\/06\/Calendario-Invierno-02-scaled.jpg 2048w\" sizes=\"auto, (max-width: 800px) 100vw, 800px\" \/><\/figure>\n","protected":false},"excerpt":{"rendered":"<div class=\"pvc_clear\"><\/div>\n<p id=\"pvc_stats_50765\" class=\"pvc_stats total_only  \" data-element-id=\"50765\" style=\"\"><i class=\"pvc-stats-icon large\" aria-hidden=\"true\"><svg aria-hidden=\"true\" focusable=\"false\" data-prefix=\"far\" data-icon=\"chart-bar\" role=\"img\" xmlns=\"http:\/\/www.w3.org\/2000\/svg\" viewBox=\"0 0 512 512\" class=\"svg-inline--fa fa-chart-bar fa-w-16 fa-2x\"><path fill=\"currentColor\" d=\"M396.8 352h22.4c6.4 0 12.8-6.4 12.8-12.8V108.8c0-6.4-6.4-12.8-12.8-12.8h-22.4c-6.4 0-12.8 6.4-12.8 12.8v230.4c0 6.4 6.4 12.8 12.8 12.8zm-192 0h22.4c6.4 0 12.8-6.4 12.8-12.8V140.8c0-6.4-6.4-12.8-12.8-12.8h-22.4c-6.4 0-12.8 6.4-12.8 12.8v198.4c0 6.4 6.4 12.8 12.8 12.8zm96 0h22.4c6.4 0 12.8-6.4 12.8-12.8V204.8c0-6.4-6.4-12.8-12.8-12.8h-22.4c-6.4 0-12.8 6.4-12.8 12.8v134.4c0 6.4 6.4 12.8 12.8 12.8zM496 400H48V80c0-8.84-7.16-16-16-16H16C7.16 64 0 71.16 0 80v336c0 17.67 14.33 32 32 32h464c8.84 0 16-7.16 16-16v-16c0-8.84-7.16-16-16-16zm-387.2-48h22.4c6.4 0 12.8-6.4 12.8-12.8v-70.4c0-6.4-6.4-12.8-12.8-12.8h-22.4c-6.4 0-12.8 6.4-12.8 12.8v70.4c0 6.4 6.4 12.8 12.8 12.8z\" class=\"\"><\/path><\/svg><\/i> <img loading=\"lazy\" decoding=\"async\" width=\"16\" height=\"16\" alt=\"Loading\" src=\"https:\/\/temucotelevision.cl\/web\/wp-content\/plugins\/page-views-count\/ajax-loader-2x.gif\" border=0 \/><\/p>\n<div class=\"pvc_clear\"><\/div>\n<p>Estas vacaciones de invierno, la comuna de Panguipulli Sietelagos te invita a disfrutar de una temporada cargada de eventos imperdibles.<\/p>\n","protected":false},"author":1,"featured_media":50766,"comment_status":"open","ping_status":"open","sticky":false,"template":"","format":"standard","meta":{"colormag_page_container_layout":"default_layout","colormag_page_sidebar_layout":"default_layout","footnotes":""},"categories":[86],"tags":[531],"class_list":["post-50765","post","type-post","status-publish","format-standard","has-post-thumbnail","hentry","category-panoramas","tag-vacaciones"],"a3_pvc":{"activated":true,"total_views":4752,"today_views":0},"_links":{"self":[{"href":"https:\/\/temucotelevision.cl\/web\/wp-json\/wp\/v2\/posts\/50765","targetHints":{"allow":["GET"]}}],"collection":[{"href":"https:\/\/temucotelevision.cl\/web\/wp-json\/wp\/v2\/posts"}],"about":[{"href":"https:\/\/temucotelevision.cl\/web\/wp-json\/wp\/v2\/types\/post"}],"author":[{"embeddable":true,"href":"https:\/\/temucotelevision.cl\/web\/wp-json\/wp\/v2\/users\/1"}],"replies":[{"embeddable":true,"href":"https:\/\/temucotelevision.cl\/web\/wp-json\/wp\/v2\/comments?post=50765"}],"version-history":[{"count":3,"href":"https:\/\/temucotelevision.cl\/web\/wp-json\/wp\/v2\/posts\/50765\/revisions"}],"predecessor-version":[{"id":50778,"href":"https:\/\/temucotelevision.cl\/web\/wp-json\/wp\/v2\/posts\/50765\/revisions\/50778"}],"wp:featuredmedia":[{"embeddable":true,"href":"https:\/\/temucotelevision.cl\/web\/wp-json\/wp\/v2\/media\/50766"}],"wp:attachment":[{"href":"https:\/\/temucotelevision.cl\/web\/wp-json\/wp\/v2\/media?parent=50765"}],"wp:term":[{"taxonomy":"category","embeddable":true,"href":"https:\/\/temucotelevision.cl\/web\/wp-json\/wp\/v2\/categories?post=50765"},{"taxonomy":"post_tag","embeddable":true,"href":"https:\/\/temucotelevision.cl\/web\/wp-json\/wp\/v2\/tags?post=50765"}],"curies":[{"name":"wp","href":"https:\/\/api.w.org\/{rel}","templated":true}]}}