{"id":50760,"date":"2024-06-17T16:06:42","date_gmt":"2024-06-17T19:06:42","guid":{"rendered":"https:\/\/temucotelevision.cl\/web\/?p=50760"},"modified":"2024-06-17T16:07:32","modified_gmt":"2024-06-17T19:07:32","slug":"bidema-de-la-pdi-temuco-rescato-un-perro-de-raza-galgo-desnutrido-y-esqueletico","status":"publish","type":"post","link":"https:\/\/temucotelevision.cl\/web\/2024\/06\/17\/bidema-de-la-pdi-temuco-rescato-un-perro-de-raza-galgo-desnutrido-y-esqueletico\/","title":{"rendered":"Bidema de la PDI Temuco rescat\u00f3 un perro de raza Galgo desnutrido y esquel\u00e9tico"},"content":{"rendered":"<div class=\"pvc_clear\"><\/div><p id=\"pvc_stats_50760\" class=\"pvc_stats total_only  \" data-element-id=\"50760\" style=\"\"><i class=\"pvc-stats-icon large\" aria-hidden=\"true\"><svg aria-hidden=\"true\" focusable=\"false\" data-prefix=\"far\" data-icon=\"chart-bar\" role=\"img\" xmlns=\"http:\/\/www.w3.org\/2000\/svg\" viewBox=\"0 0 512 512\" class=\"svg-inline--fa fa-chart-bar fa-w-16 fa-2x\"><path fill=\"currentColor\" d=\"M396.8 352h22.4c6.4 0 12.8-6.4 12.8-12.8V108.8c0-6.4-6.4-12.8-12.8-12.8h-22.4c-6.4 0-12.8 6.4-12.8 12.8v230.4c0 6.4 6.4 12.8 12.8 12.8zm-192 0h22.4c6.4 0 12.8-6.4 12.8-12.8V140.8c0-6.4-6.4-12.8-12.8-12.8h-22.4c-6.4 0-12.8 6.4-12.8 12.8v198.4c0 6.4 6.4 12.8 12.8 12.8zm96 0h22.4c6.4 0 12.8-6.4 12.8-12.8V204.8c0-6.4-6.4-12.8-12.8-12.8h-22.4c-6.4 0-12.8 6.4-12.8 12.8v134.4c0 6.4 6.4 12.8 12.8 12.8zM496 400H48V80c0-8.84-7.16-16-16-16H16C7.16 64 0 71.16 0 80v336c0 17.67 14.33 32 32 32h464c8.84 0 16-7.16 16-16v-16c0-8.84-7.16-16-16-16zm-387.2-48h22.4c6.4 0 12.8-6.4 12.8-12.8v-70.4c0-6.4-6.4-12.8-12.8-12.8h-22.4c-6.4 0-12.8 6.4-12.8 12.8v70.4c0 6.4 6.4 12.8 12.8 12.8z\" class=\"\"><\/path><\/svg><\/i> <img loading=\"lazy\" decoding=\"async\" width=\"16\" height=\"16\" alt=\"Loading\" src=\"https:\/\/temucotelevision.cl\/web\/wp-content\/plugins\/page-views-count\/ajax-loader-2x.gif\" border=0 \/><\/p><div class=\"pvc_clear\"><\/div>\n<p>La Brigada Investigadora de Delitos Medioambientales y Contra el Patrimonio Cultural (Bidema) de la PDI Temuco, rescat\u00f3 un can de raza galgo desde un domicilio en la comuna de Temuco con una condici\u00f3n corporal deplorable.<\/p>\n\n\n\n<p>El rescate tuvo lugar en el sector Portal San Francisco, donde un equipo de la Bidema en conjunto con personal del Departamento de Zoonosis de la Municipalidad de Temuco, ingresaron a un domicilio donde el perro se encontraba en condiciones alarmantes, su estado corporal indicaba una grave desnutrici\u00f3n, adem\u00e1s de presentar lesiones cut\u00e1neas en zonas articulares, se hallaba en un ambiente sanitario insalubre, con movilidad reducida, producto de aquello, por la falta de musculatura y debilidad general, se determin\u00f3 un grave da\u00f1o, lesiones, dolor y sufrimiento.<\/p>\n\n\n\n<p><a><\/a>La inspectora Makarena Rivas inform\u00f3 que \u201cFuncionarios de esa Brigada efectuaron diligencias en virtud a una denuncia recepcionada en la cual se\u00f1alan que en el sector Portal San Francisco de la comuna de Temuco, existir\u00eda un can de raza Galgo en malas condiciones corporales y sanitarias. Una vez en el lugar se corrobor\u00f3 la situaci\u00f3n, realizando un trabajo en conjunto con con el Departamento Bienestar Animal de la Municipalidad de Temuco, logrando as\u00ed el rescate y posterior entrega del can a la una agrupaci\u00f3n de la comuna\u201d.<\/p>\n\n\n\n<p>El detenido, es un hobre mayor de edad -con antecedentes policiales por el delito de hurto- quien fue puesto a disposici\u00f3n del Juzgado de Garant\u00eda de Temuco, quedando con la medida cuatelar de prohibici\u00f3n de salida del pa\u00eds y otorgando un plazo de investigaci\u00f3n de tres meses.<\/p>\n\n\n\n<figure class=\"wp-block-image size-large\"><img loading=\"lazy\" decoding=\"async\" width=\"670\" height=\"1000\" src=\"https:\/\/temucotelevision.cl\/web\/wp-content\/uploads\/2024\/06\/Galgo-1-670x1000.jpeg\" alt=\"\" class=\"wp-image-50763\" srcset=\"https:\/\/temucotelevision.cl\/web\/wp-content\/uploads\/2024\/06\/Galgo-1-670x1000.jpeg 670w, https:\/\/temucotelevision.cl\/web\/wp-content\/uploads\/2024\/06\/Galgo-1-768x1146.jpeg 768w, https:\/\/temucotelevision.cl\/web\/wp-content\/uploads\/2024\/06\/Galgo-1-1029x1536.jpeg 1029w, https:\/\/temucotelevision.cl\/web\/wp-content\/uploads\/2024\/06\/Galgo-1.jpeg 1072w\" sizes=\"auto, (max-width: 670px) 100vw, 670px\" \/><\/figure>\n","protected":false},"excerpt":{"rendered":"<div class=\"pvc_clear\"><\/div>\n<p id=\"pvc_stats_50760\" class=\"pvc_stats total_only  \" data-element-id=\"50760\" style=\"\"><i class=\"pvc-stats-icon large\" aria-hidden=\"true\"><svg aria-hidden=\"true\" focusable=\"false\" data-prefix=\"far\" data-icon=\"chart-bar\" role=\"img\" xmlns=\"http:\/\/www.w3.org\/2000\/svg\" viewBox=\"0 0 512 512\" class=\"svg-inline--fa fa-chart-bar fa-w-16 fa-2x\"><path fill=\"currentColor\" d=\"M396.8 352h22.4c6.4 0 12.8-6.4 12.8-12.8V108.8c0-6.4-6.4-12.8-12.8-12.8h-22.4c-6.4 0-12.8 6.4-12.8 12.8v230.4c0 6.4 6.4 12.8 12.8 12.8zm-192 0h22.4c6.4 0 12.8-6.4 12.8-12.8V140.8c0-6.4-6.4-12.8-12.8-12.8h-22.4c-6.4 0-12.8 6.4-12.8 12.8v198.4c0 6.4 6.4 12.8 12.8 12.8zm96 0h22.4c6.4 0 12.8-6.4 12.8-12.8V204.8c0-6.4-6.4-12.8-12.8-12.8h-22.4c-6.4 0-12.8 6.4-12.8 12.8v134.4c0 6.4 6.4 12.8 12.8 12.8zM496 400H48V80c0-8.84-7.16-16-16-16H16C7.16 64 0 71.16 0 80v336c0 17.67 14.33 32 32 32h464c8.84 0 16-7.16 16-16v-16c0-8.84-7.16-16-16-16zm-387.2-48h22.4c6.4 0 12.8-6.4 12.8-12.8v-70.4c0-6.4-6.4-12.8-12.8-12.8h-22.4c-6.4 0-12.8 6.4-12.8 12.8v70.4c0 6.4 6.4 12.8 12.8 12.8z\" class=\"\"><\/path><\/svg><\/i> <img loading=\"lazy\" decoding=\"async\" width=\"16\" height=\"16\" alt=\"Loading\" src=\"https:\/\/temucotelevision.cl\/web\/wp-content\/plugins\/page-views-count\/ajax-loader-2x.gif\" border=0 \/><\/p>\n<div class=\"pvc_clear\"><\/div>\n<p>La Brigada Investigadora de Delitos Medioambientales y Contra el Patrimonio Cultural (Bidema) de la PDI Temuco, rescat\u00f3 un can de<\/p>\n","protected":false},"author":1,"featured_media":50761,"comment_status":"open","ping_status":"open","sticky":false,"template":"","format":"standard","meta":{"colormag_page_container_layout":"default_layout","colormag_page_sidebar_layout":"default_layout","footnotes":""},"categories":[16],"tags":[76],"class_list":["post-50760","post","type-post","status-publish","format-standard","has-post-thumbnail","hentry","category-policial","tag-pdi"],"a3_pvc":{"activated":true,"total_views":5529,"today_views":0},"_links":{"self":[{"href":"https:\/\/temucotelevision.cl\/web\/wp-json\/wp\/v2\/posts\/50760","targetHints":{"allow":["GET"]}}],"collection":[{"href":"https:\/\/temucotelevision.cl\/web\/wp-json\/wp\/v2\/posts"}],"about":[{"href":"https:\/\/temucotelevision.cl\/web\/wp-json\/wp\/v2\/types\/post"}],"author":[{"embeddable":true,"href":"https:\/\/temucotelevision.cl\/web\/wp-json\/wp\/v2\/users\/1"}],"replies":[{"embeddable":true,"href":"https:\/\/temucotelevision.cl\/web\/wp-json\/wp\/v2\/comments?post=50760"}],"version-history":[{"count":2,"href":"https:\/\/temucotelevision.cl\/web\/wp-json\/wp\/v2\/posts\/50760\/revisions"}],"predecessor-version":[{"id":50764,"href":"https:\/\/temucotelevision.cl\/web\/wp-json\/wp\/v2\/posts\/50760\/revisions\/50764"}],"wp:featuredmedia":[{"embeddable":true,"href":"https:\/\/temucotelevision.cl\/web\/wp-json\/wp\/v2\/media\/50761"}],"wp:attachment":[{"href":"https:\/\/temucotelevision.cl\/web\/wp-json\/wp\/v2\/media?parent=50760"}],"wp:term":[{"taxonomy":"category","embeddable":true,"href":"https:\/\/temucotelevision.cl\/web\/wp-json\/wp\/v2\/categories?post=50760"},{"taxonomy":"post_tag","embeddable":true,"href":"https:\/\/temucotelevision.cl\/web\/wp-json\/wp\/v2\/tags?post=50760"}],"curies":[{"name":"wp","href":"https:\/\/api.w.org\/{rel}","templated":true}]}}