{"id":50757,"date":"2024-06-17T15:48:00","date_gmt":"2024-06-17T18:48:00","guid":{"rendered":"https:\/\/temucotelevision.cl\/web\/?p=50757"},"modified":"2024-06-17T15:48:11","modified_gmt":"2024-06-17T18:48:11","slug":"septima-compania-de-bomberos-de-temuco-lanzo-su-campana-economica","status":"publish","type":"post","link":"https:\/\/temucotelevision.cl\/web\/2024\/06\/17\/septima-compania-de-bomberos-de-temuco-lanzo-su-campana-economica\/","title":{"rendered":"S\u00e9ptima Compa\u00f1\u00eda de Bomberos de Temuco lanz\u00f3 su campa\u00f1a econ\u00f3mica"},"content":{"rendered":"<div class=\"pvc_clear\"><\/div><p id=\"pvc_stats_50757\" class=\"pvc_stats total_only  \" data-element-id=\"50757\" style=\"\"><i class=\"pvc-stats-icon large\" aria-hidden=\"true\"><svg aria-hidden=\"true\" focusable=\"false\" data-prefix=\"far\" data-icon=\"chart-bar\" role=\"img\" xmlns=\"http:\/\/www.w3.org\/2000\/svg\" viewBox=\"0 0 512 512\" class=\"svg-inline--fa fa-chart-bar fa-w-16 fa-2x\"><path fill=\"currentColor\" d=\"M396.8 352h22.4c6.4 0 12.8-6.4 12.8-12.8V108.8c0-6.4-6.4-12.8-12.8-12.8h-22.4c-6.4 0-12.8 6.4-12.8 12.8v230.4c0 6.4 6.4 12.8 12.8 12.8zm-192 0h22.4c6.4 0 12.8-6.4 12.8-12.8V140.8c0-6.4-6.4-12.8-12.8-12.8h-22.4c-6.4 0-12.8 6.4-12.8 12.8v198.4c0 6.4 6.4 12.8 12.8 12.8zm96 0h22.4c6.4 0 12.8-6.4 12.8-12.8V204.8c0-6.4-6.4-12.8-12.8-12.8h-22.4c-6.4 0-12.8 6.4-12.8 12.8v134.4c0 6.4 6.4 12.8 12.8 12.8zM496 400H48V80c0-8.84-7.16-16-16-16H16C7.16 64 0 71.16 0 80v336c0 17.67 14.33 32 32 32h464c8.84 0 16-7.16 16-16v-16c0-8.84-7.16-16-16-16zm-387.2-48h22.4c6.4 0 12.8-6.4 12.8-12.8v-70.4c0-6.4-6.4-12.8-12.8-12.8h-22.4c-6.4 0-12.8 6.4-12.8 12.8v70.4c0 6.4 6.4 12.8 12.8 12.8z\" class=\"\"><\/path><\/svg><\/i> <img loading=\"lazy\" decoding=\"async\" width=\"16\" height=\"16\" alt=\"Loading\" src=\"https:\/\/temucotelevision.cl\/web\/wp-content\/plugins\/page-views-count\/ajax-loader-2x.gif\" border=0 \/><\/p><div class=\"pvc_clear\"><\/div>\n<p>La S\u00e9ptima Compa\u00f1\u00eda de Bomberos de Temuco, cuyo cuartel se ubica en avenida San Mart\u00edn, casi llegando a Andes, lanz\u00f3 una campa\u00f1a econ\u00f3mica para reunir fondos para su funcionamiento interno.<\/p>\n\n\n\n<p>Alejandro Cris\u00f3stomo, director de esa unidad bomberil, explic\u00f3 que los vecinos pueden colaborar mediante un c\u00f3digo QR que encontrar\u00e1n en lienzos y pendones ubicados en lugares de alta afluencia de p\u00fablico de la capital regional, los que reenv\u00edan a una aplicaci\u00f3n, donde los vecinos podr\u00e1n aportar mensualmente desde mil pesos.<\/p>\n\n\n\n<p>El director a\u00f1adi\u00f3 que el dinero que se recaude se utilizar\u00e1 para solventar la adquisici\u00f3n de uniformes, equipos e insumos para cumplir con la labor bomberil.<\/p>\n\n\n\n<p>\u201cEl costo de los uniformes y equipos es bastante alto. Por ejemplo, un uniforme para incendios estructurales cuesta m\u00e1s de un mill\u00f3n de pesos, un equipo de respiraci\u00f3n autocontenida vale dos millones 250 mil pesos, un par de botas $337 mil, un casco $417 mil\u00b4, un par de guantes $80 mil y as\u00ed vamos sumando. Por eso llamamos a los vecinos a colaborar con esta campa\u00f1a, donde se puede aportar lo que se estime conveniente, desde mil pesos hacia arriba\u201d, se\u00f1al\u00f3.<\/p>\n\n\n\n<p>Por \u00faltimo, dijo que esta campa\u00f1a est\u00e1 abierta a todas las personas que deseen colaborar, independientemente si residen o no en los alrededores del cuartel de la S\u00e9ptima Compa\u00f1\u00eda, ya que las donaciones pueden realizarse desde cualquier punto del pa\u00eds o el mundo.<\/p>\n\n\n\n<p>El link para aportar es a trav\u00e9s de la plataforma Payku,&nbsp;<a href=\"https:\/\/app.payku.cl\/suscripcion\/index?idplan=3871&amp;verif=a45ce196\" target=\"_blank\" rel=\"noreferrer noopener\">https:\/\/app.payku.cl\/suscripcion\/index?idplan=3871&amp;verif=a45ce196<\/a>&nbsp;y ya se encuentra activo.<\/p>\n","protected":false},"excerpt":{"rendered":"<div class=\"pvc_clear\"><\/div>\n<p id=\"pvc_stats_50757\" class=\"pvc_stats total_only  \" data-element-id=\"50757\" style=\"\"><i class=\"pvc-stats-icon large\" aria-hidden=\"true\"><svg aria-hidden=\"true\" focusable=\"false\" data-prefix=\"far\" data-icon=\"chart-bar\" role=\"img\" xmlns=\"http:\/\/www.w3.org\/2000\/svg\" viewBox=\"0 0 512 512\" class=\"svg-inline--fa fa-chart-bar fa-w-16 fa-2x\"><path fill=\"currentColor\" d=\"M396.8 352h22.4c6.4 0 12.8-6.4 12.8-12.8V108.8c0-6.4-6.4-12.8-12.8-12.8h-22.4c-6.4 0-12.8 6.4-12.8 12.8v230.4c0 6.4 6.4 12.8 12.8 12.8zm-192 0h22.4c6.4 0 12.8-6.4 12.8-12.8V140.8c0-6.4-6.4-12.8-12.8-12.8h-22.4c-6.4 0-12.8 6.4-12.8 12.8v198.4c0 6.4 6.4 12.8 12.8 12.8zm96 0h22.4c6.4 0 12.8-6.4 12.8-12.8V204.8c0-6.4-6.4-12.8-12.8-12.8h-22.4c-6.4 0-12.8 6.4-12.8 12.8v134.4c0 6.4 6.4 12.8 12.8 12.8zM496 400H48V80c0-8.84-7.16-16-16-16H16C7.16 64 0 71.16 0 80v336c0 17.67 14.33 32 32 32h464c8.84 0 16-7.16 16-16v-16c0-8.84-7.16-16-16-16zm-387.2-48h22.4c6.4 0 12.8-6.4 12.8-12.8v-70.4c0-6.4-6.4-12.8-12.8-12.8h-22.4c-6.4 0-12.8 6.4-12.8 12.8v70.4c0 6.4 6.4 12.8 12.8 12.8z\" class=\"\"><\/path><\/svg><\/i> <img loading=\"lazy\" decoding=\"async\" width=\"16\" height=\"16\" alt=\"Loading\" src=\"https:\/\/temucotelevision.cl\/web\/wp-content\/plugins\/page-views-count\/ajax-loader-2x.gif\" border=0 \/><\/p>\n<div class=\"pvc_clear\"><\/div>\n<p>La S\u00e9ptima Compa\u00f1\u00eda de Bomberos de Temuco, cuyo cuartel se ubica en avenida San Mart\u00edn, casi llegando a Andes, lanz\u00f3<\/p>\n","protected":false},"author":1,"featured_media":50758,"comment_status":"open","ping_status":"open","sticky":false,"template":"","format":"standard","meta":{"colormag_page_container_layout":"default_layout","colormag_page_sidebar_layout":"default_layout","footnotes":""},"categories":[14],"tags":[304],"class_list":["post-50757","post","type-post","status-publish","format-standard","has-post-thumbnail","hentry","category-temuco","tag-bomberos"],"a3_pvc":{"activated":true,"total_views":1174,"today_views":0},"_links":{"self":[{"href":"https:\/\/temucotelevision.cl\/web\/wp-json\/wp\/v2\/posts\/50757","targetHints":{"allow":["GET"]}}],"collection":[{"href":"https:\/\/temucotelevision.cl\/web\/wp-json\/wp\/v2\/posts"}],"about":[{"href":"https:\/\/temucotelevision.cl\/web\/wp-json\/wp\/v2\/types\/post"}],"author":[{"embeddable":true,"href":"https:\/\/temucotelevision.cl\/web\/wp-json\/wp\/v2\/users\/1"}],"replies":[{"embeddable":true,"href":"https:\/\/temucotelevision.cl\/web\/wp-json\/wp\/v2\/comments?post=50757"}],"version-history":[{"count":1,"href":"https:\/\/temucotelevision.cl\/web\/wp-json\/wp\/v2\/posts\/50757\/revisions"}],"predecessor-version":[{"id":50759,"href":"https:\/\/temucotelevision.cl\/web\/wp-json\/wp\/v2\/posts\/50757\/revisions\/50759"}],"wp:featuredmedia":[{"embeddable":true,"href":"https:\/\/temucotelevision.cl\/web\/wp-json\/wp\/v2\/media\/50758"}],"wp:attachment":[{"href":"https:\/\/temucotelevision.cl\/web\/wp-json\/wp\/v2\/media?parent=50757"}],"wp:term":[{"taxonomy":"category","embeddable":true,"href":"https:\/\/temucotelevision.cl\/web\/wp-json\/wp\/v2\/categories?post=50757"},{"taxonomy":"post_tag","embeddable":true,"href":"https:\/\/temucotelevision.cl\/web\/wp-json\/wp\/v2\/tags?post=50757"}],"curies":[{"name":"wp","href":"https:\/\/api.w.org\/{rel}","templated":true}]}}