{"id":50726,"date":"2024-06-16T13:13:44","date_gmt":"2024-06-16T16:13:44","guid":{"rendered":"https:\/\/temucotelevision.cl\/web\/?p=50726"},"modified":"2024-06-16T13:13:45","modified_gmt":"2024-06-16T16:13:45","slug":"banda-inche-realizara-concierto-we-llequn-nuevo-nacer-en-temuco","status":"publish","type":"post","link":"https:\/\/temucotelevision.cl\/web\/2024\/06\/16\/banda-inche-realizara-concierto-we-llequn-nuevo-nacer-en-temuco\/","title":{"rendered":"Banda INCHE realizar\u00e1 concierto WE LLEQ\u00dcN (Nuevo nacer) en Temuco"},"content":{"rendered":"<div class=\"pvc_clear\"><\/div><p id=\"pvc_stats_50726\" class=\"pvc_stats total_only  \" data-element-id=\"50726\" style=\"\"><i class=\"pvc-stats-icon large\" aria-hidden=\"true\"><svg aria-hidden=\"true\" focusable=\"false\" data-prefix=\"far\" data-icon=\"chart-bar\" role=\"img\" xmlns=\"http:\/\/www.w3.org\/2000\/svg\" viewBox=\"0 0 512 512\" class=\"svg-inline--fa fa-chart-bar fa-w-16 fa-2x\"><path fill=\"currentColor\" d=\"M396.8 352h22.4c6.4 0 12.8-6.4 12.8-12.8V108.8c0-6.4-6.4-12.8-12.8-12.8h-22.4c-6.4 0-12.8 6.4-12.8 12.8v230.4c0 6.4 6.4 12.8 12.8 12.8zm-192 0h22.4c6.4 0 12.8-6.4 12.8-12.8V140.8c0-6.4-6.4-12.8-12.8-12.8h-22.4c-6.4 0-12.8 6.4-12.8 12.8v198.4c0 6.4 6.4 12.8 12.8 12.8zm96 0h22.4c6.4 0 12.8-6.4 12.8-12.8V204.8c0-6.4-6.4-12.8-12.8-12.8h-22.4c-6.4 0-12.8 6.4-12.8 12.8v134.4c0 6.4 6.4 12.8 12.8 12.8zM496 400H48V80c0-8.84-7.16-16-16-16H16C7.16 64 0 71.16 0 80v336c0 17.67 14.33 32 32 32h464c8.84 0 16-7.16 16-16v-16c0-8.84-7.16-16-16-16zm-387.2-48h22.4c6.4 0 12.8-6.4 12.8-12.8v-70.4c0-6.4-6.4-12.8-12.8-12.8h-22.4c-6.4 0-12.8 6.4-12.8 12.8v70.4c0 6.4 6.4 12.8 12.8 12.8z\" class=\"\"><\/path><\/svg><\/i> <img loading=\"lazy\" decoding=\"async\" width=\"16\" height=\"16\" alt=\"Loading\" src=\"https:\/\/temucotelevision.cl\/web\/wp-content\/plugins\/page-views-count\/ajax-loader-2x.gif\" border=0 \/><\/p><div class=\"pvc_clear\"><\/div>\n<p><em>La banda INCHE (@inche_musica) te invita a ser parte de este concierto el s\u00e1bado 22 de junio a las 20:00hrs en el espacio cultural MICROSALA, ubicado en Francisco Bilbao 848, comuna de Temuco.<\/em><\/p>\n\n\n\n<p>Este show musical est\u00e1n en el contexto del&nbsp;<em>We Tripantu<\/em>&nbsp;(a\u00f1o nuevo mapuche) donde presentar\u00e1 el&nbsp;<strong><em>NUEVO NACER DE SU MUSICALIDAD<\/em><\/strong>&nbsp;conectada con la cultura mapuche y que es&nbsp;<strong>expresada por medio de instrumentos contempor\u00e1neos FUSIONADOS con patrones r\u00edtmicos mapuches<\/strong>&nbsp;y&nbsp;<strong>composiciones que mezclan el MAPUDUNG\u00dcN\/castellano<\/strong>, reflejando todo el paisaje sonoro de&nbsp;<em>Wallmapu<\/em>&nbsp;desde la memoria, ancestralidad y cosmovisi\u00f3n de la madre tierra.<\/p>\n\n\n\n<p>Para&nbsp;<strong><em>Paola Linconao Caniulaf,<\/em><\/strong>&nbsp;l\u00edder y vocalista de la banda: \u201cel concierto es una oportunidad para volver a conectar con el p\u00fablico en vivo en un nuevo formato, as\u00ed tambi\u00e9n, la posibilidad de&nbsp;<strong><em>crear un espacio para vivir la identidad mapuche en la ciudad en el contexto del We Tripantu<\/em><\/strong>, por ello tambi\u00e9n la presencia del&nbsp;<strong><em>talento de Llaupe Reggae<\/em><\/strong>\u201d. Por su parte&nbsp;<strong><em>Javier Huili\u00f1ir Cur\u00edo<\/em><\/strong>, baterista de la banda, menciona que: \u201ceste show tiene por objetivo presentar nuestra nueva musicalidad y junto con ello, es el lanzamiento de un&nbsp;<strong><em>nuevo trabajo musical grabado en QUECHUREWE (territorio mapuche de poetisas\/poetas), donde tocamos temas de nuestro disco MORENIDAD en este nuevo formato musical<\/em><\/strong>\u201d. Apertura este show musical,&nbsp;<strong><em>LLAUPE REGGAE<\/em><\/strong>, cantante de Reggae de la Regi\u00f3n de la Araucan\u00eda, perteneciente al Sello FRONTERA SUR,&nbsp;<strong><em>quien a trav\u00e9s de sus ritmos da a conocer su Identidad como joven Mapuche<\/em><\/strong>.<\/p>\n\n\n\n<p>Las entrada general tiene un valor de 5.000 pesos y puedes adquirirlas haciendo clic en el siguiente link:&nbsp;<a href=\"https:\/\/portaldisc.com\/evento\/wellequnmicrosala\" target=\"_blank\" rel=\"noreferrer noopener\">https:\/\/portaldisc.com\/evento\/wellequnmicrosala<\/a><\/p>\n","protected":false},"excerpt":{"rendered":"<div class=\"pvc_clear\"><\/div>\n<p id=\"pvc_stats_50726\" class=\"pvc_stats total_only  \" data-element-id=\"50726\" style=\"\"><i class=\"pvc-stats-icon large\" aria-hidden=\"true\"><svg aria-hidden=\"true\" focusable=\"false\" data-prefix=\"far\" data-icon=\"chart-bar\" role=\"img\" xmlns=\"http:\/\/www.w3.org\/2000\/svg\" viewBox=\"0 0 512 512\" class=\"svg-inline--fa fa-chart-bar fa-w-16 fa-2x\"><path fill=\"currentColor\" d=\"M396.8 352h22.4c6.4 0 12.8-6.4 12.8-12.8V108.8c0-6.4-6.4-12.8-12.8-12.8h-22.4c-6.4 0-12.8 6.4-12.8 12.8v230.4c0 6.4 6.4 12.8 12.8 12.8zm-192 0h22.4c6.4 0 12.8-6.4 12.8-12.8V140.8c0-6.4-6.4-12.8-12.8-12.8h-22.4c-6.4 0-12.8 6.4-12.8 12.8v198.4c0 6.4 6.4 12.8 12.8 12.8zm96 0h22.4c6.4 0 12.8-6.4 12.8-12.8V204.8c0-6.4-6.4-12.8-12.8-12.8h-22.4c-6.4 0-12.8 6.4-12.8 12.8v134.4c0 6.4 6.4 12.8 12.8 12.8zM496 400H48V80c0-8.84-7.16-16-16-16H16C7.16 64 0 71.16 0 80v336c0 17.67 14.33 32 32 32h464c8.84 0 16-7.16 16-16v-16c0-8.84-7.16-16-16-16zm-387.2-48h22.4c6.4 0 12.8-6.4 12.8-12.8v-70.4c0-6.4-6.4-12.8-12.8-12.8h-22.4c-6.4 0-12.8 6.4-12.8 12.8v70.4c0 6.4 6.4 12.8 12.8 12.8z\" class=\"\"><\/path><\/svg><\/i> <img loading=\"lazy\" decoding=\"async\" width=\"16\" height=\"16\" alt=\"Loading\" src=\"https:\/\/temucotelevision.cl\/web\/wp-content\/plugins\/page-views-count\/ajax-loader-2x.gif\" border=0 \/><\/p>\n<div class=\"pvc_clear\"><\/div>\n<p>La banda INCHE (@inche_musica) te invita a ser parte de este concierto el s\u00e1bado 22 de junio a las 20:00hrs<\/p>\n","protected":false},"author":1,"featured_media":50728,"comment_status":"open","ping_status":"open","sticky":false,"template":"","format":"standard","meta":{"colormag_page_container_layout":"default_layout","colormag_page_sidebar_layout":"default_layout","footnotes":""},"categories":[86],"tags":[635],"class_list":["post-50726","post","type-post","status-publish","format-standard","has-post-thumbnail","hentry","category-panoramas","tag-banda"],"a3_pvc":{"activated":true,"total_views":831,"today_views":0},"_links":{"self":[{"href":"https:\/\/temucotelevision.cl\/web\/wp-json\/wp\/v2\/posts\/50726","targetHints":{"allow":["GET"]}}],"collection":[{"href":"https:\/\/temucotelevision.cl\/web\/wp-json\/wp\/v2\/posts"}],"about":[{"href":"https:\/\/temucotelevision.cl\/web\/wp-json\/wp\/v2\/types\/post"}],"author":[{"embeddable":true,"href":"https:\/\/temucotelevision.cl\/web\/wp-json\/wp\/v2\/users\/1"}],"replies":[{"embeddable":true,"href":"https:\/\/temucotelevision.cl\/web\/wp-json\/wp\/v2\/comments?post=50726"}],"version-history":[{"count":1,"href":"https:\/\/temucotelevision.cl\/web\/wp-json\/wp\/v2\/posts\/50726\/revisions"}],"predecessor-version":[{"id":50729,"href":"https:\/\/temucotelevision.cl\/web\/wp-json\/wp\/v2\/posts\/50726\/revisions\/50729"}],"wp:featuredmedia":[{"embeddable":true,"href":"https:\/\/temucotelevision.cl\/web\/wp-json\/wp\/v2\/media\/50728"}],"wp:attachment":[{"href":"https:\/\/temucotelevision.cl\/web\/wp-json\/wp\/v2\/media?parent=50726"}],"wp:term":[{"taxonomy":"category","embeddable":true,"href":"https:\/\/temucotelevision.cl\/web\/wp-json\/wp\/v2\/categories?post=50726"},{"taxonomy":"post_tag","embeddable":true,"href":"https:\/\/temucotelevision.cl\/web\/wp-json\/wp\/v2\/tags?post=50726"}],"curies":[{"name":"wp","href":"https:\/\/api.w.org\/{rel}","templated":true}]}}