{"id":50723,"date":"2024-06-16T13:03:53","date_gmt":"2024-06-16T16:03:53","guid":{"rendered":"https:\/\/temucotelevision.cl\/web\/?p=50723"},"modified":"2024-06-16T13:03:53","modified_gmt":"2024-06-16T16:03:53","slug":"concejala-viviana-diaz-y-su-plan-de-infraestructura-fluvial-para-enfrentar-la-crisis-climatica","status":"publish","type":"post","link":"https:\/\/temucotelevision.cl\/web\/2024\/06\/16\/concejala-viviana-diaz-y-su-plan-de-infraestructura-fluvial-para-enfrentar-la-crisis-climatica\/","title":{"rendered":"Concejala Viviana D\u00edaz y su plan de infraestructura fluvial para enfrentar la crisis clim\u00e1tica"},"content":{"rendered":"<div class=\"pvc_clear\"><\/div><p id=\"pvc_stats_50723\" class=\"pvc_stats total_only  \" data-element-id=\"50723\" style=\"\"><i class=\"pvc-stats-icon large\" aria-hidden=\"true\"><svg aria-hidden=\"true\" focusable=\"false\" data-prefix=\"far\" data-icon=\"chart-bar\" role=\"img\" xmlns=\"http:\/\/www.w3.org\/2000\/svg\" viewBox=\"0 0 512 512\" class=\"svg-inline--fa fa-chart-bar fa-w-16 fa-2x\"><path fill=\"currentColor\" d=\"M396.8 352h22.4c6.4 0 12.8-6.4 12.8-12.8V108.8c0-6.4-6.4-12.8-12.8-12.8h-22.4c-6.4 0-12.8 6.4-12.8 12.8v230.4c0 6.4 6.4 12.8 12.8 12.8zm-192 0h22.4c6.4 0 12.8-6.4 12.8-12.8V140.8c0-6.4-6.4-12.8-12.8-12.8h-22.4c-6.4 0-12.8 6.4-12.8 12.8v198.4c0 6.4 6.4 12.8 12.8 12.8zm96 0h22.4c6.4 0 12.8-6.4 12.8-12.8V204.8c0-6.4-6.4-12.8-12.8-12.8h-22.4c-6.4 0-12.8 6.4-12.8 12.8v134.4c0 6.4 6.4 12.8 12.8 12.8zM496 400H48V80c0-8.84-7.16-16-16-16H16C7.16 64 0 71.16 0 80v336c0 17.67 14.33 32 32 32h464c8.84 0 16-7.16 16-16v-16c0-8.84-7.16-16-16-16zm-387.2-48h22.4c6.4 0 12.8-6.4 12.8-12.8v-70.4c0-6.4-6.4-12.8-12.8-12.8h-22.4c-6.4 0-12.8 6.4-12.8 12.8v70.4c0 6.4 6.4 12.8 12.8 12.8z\" class=\"\"><\/path><\/svg><\/i> <img loading=\"lazy\" decoding=\"async\" width=\"16\" height=\"16\" alt=\"Loading\" src=\"https:\/\/temucotelevision.cl\/web\/wp-content\/plugins\/page-views-count\/ajax-loader-2x.gif\" border=0 \/><\/p><div class=\"pvc_clear\"><\/div>\n<p><strong><em>Reforestaci\u00f3n, zonas verdes y encauzamiento de esteros, restauraci\u00f3n de la vegetaci\u00f3n original de los territorios y humedales, sostuvo la concejala regionalista verde.<\/em><\/strong><\/p>\n\n\n\n<p>Con el objetivo de minimizar los impactos de las inundaciones en los territorios urbanos y rurales de la regi\u00f3n, la concejala de Temuco Viviana Diaz, sostuvo que es fundamental que las obras e infraestructura p\u00fablica sean cada vez m\u00e1s resilientes ante la crisis clim\u00e1tica y formul\u00f3 un llamado al MOP a identificar proyectos de restauraci\u00f3n natural fluvial en los territorios.<\/p>\n\n\n\n<p>\u201cEstamos no solo siendo v\u00edctimas de la crisis clim\u00e1tica que concentra fuertes lluvias en poco tiempo, sino que sobre todo por las alteraciones que sufren los territorios por la acci\u00f3n del ser humano, modificaciones de esteros, llanuras, concentraci\u00f3n de basura, parcelaciones, intervenciones en las cuencas, eliminaci\u00f3n del arbolado urbano, etc, todas acciones que terminan por aumentar el riesgo de las inundaciones y saturaci\u00f3n de las aguas lluvias ante el desarrollo inmobiliario sin una adecuada planificaci\u00f3n que resguarde los pulmones verdes de las ciudades\u201d, coment\u00f3 la concejala Viviana Diaz<\/p>\n\n\n\n<p>La concejala regionalista verde, sostuvo que \u201cTemuco requiere una estrategia de restauraci\u00f3n y recuperaci\u00f3n fluvial de sus cauces urbanos y rurales, como una clara acci\u00f3n de mitigaci\u00f3n y contenci\u00f3n de inundaciones, debido a que las emergencias clim\u00e1ticas ya no son puntuales sino que ser\u00e1n permanentes, sumado adem\u00e1s a una fuerte educaci\u00f3n ambiental para entender que estos procesos no son cat\u00e1strofes, son procesos naturales donde los r\u00edos, esteros y cauces vuelven a su proceso natural\u201d, concluy\u00f3<\/p>\n","protected":false},"excerpt":{"rendered":"<div class=\"pvc_clear\"><\/div>\n<p id=\"pvc_stats_50723\" class=\"pvc_stats total_only  \" data-element-id=\"50723\" style=\"\"><i class=\"pvc-stats-icon large\" aria-hidden=\"true\"><svg aria-hidden=\"true\" focusable=\"false\" data-prefix=\"far\" data-icon=\"chart-bar\" role=\"img\" xmlns=\"http:\/\/www.w3.org\/2000\/svg\" viewBox=\"0 0 512 512\" class=\"svg-inline--fa fa-chart-bar fa-w-16 fa-2x\"><path fill=\"currentColor\" d=\"M396.8 352h22.4c6.4 0 12.8-6.4 12.8-12.8V108.8c0-6.4-6.4-12.8-12.8-12.8h-22.4c-6.4 0-12.8 6.4-12.8 12.8v230.4c0 6.4 6.4 12.8 12.8 12.8zm-192 0h22.4c6.4 0 12.8-6.4 12.8-12.8V140.8c0-6.4-6.4-12.8-12.8-12.8h-22.4c-6.4 0-12.8 6.4-12.8 12.8v198.4c0 6.4 6.4 12.8 12.8 12.8zm96 0h22.4c6.4 0 12.8-6.4 12.8-12.8V204.8c0-6.4-6.4-12.8-12.8-12.8h-22.4c-6.4 0-12.8 6.4-12.8 12.8v134.4c0 6.4 6.4 12.8 12.8 12.8zM496 400H48V80c0-8.84-7.16-16-16-16H16C7.16 64 0 71.16 0 80v336c0 17.67 14.33 32 32 32h464c8.84 0 16-7.16 16-16v-16c0-8.84-7.16-16-16-16zm-387.2-48h22.4c6.4 0 12.8-6.4 12.8-12.8v-70.4c0-6.4-6.4-12.8-12.8-12.8h-22.4c-6.4 0-12.8 6.4-12.8 12.8v70.4c0 6.4 6.4 12.8 12.8 12.8z\" class=\"\"><\/path><\/svg><\/i> <img loading=\"lazy\" decoding=\"async\" width=\"16\" height=\"16\" alt=\"Loading\" src=\"https:\/\/temucotelevision.cl\/web\/wp-content\/plugins\/page-views-count\/ajax-loader-2x.gif\" border=0 \/><\/p>\n<div class=\"pvc_clear\"><\/div>\n<p>Reforestaci\u00f3n, zonas verdes y encauzamiento de esteros, restauraci\u00f3n de la vegetaci\u00f3n original de los territorios y humedales, sostuvo la concejala<\/p>\n","protected":false},"author":1,"featured_media":50724,"comment_status":"open","ping_status":"open","sticky":false,"template":"","format":"standard","meta":{"colormag_page_container_layout":"default_layout","colormag_page_sidebar_layout":"default_layout","footnotes":""},"categories":[84],"tags":[2638],"class_list":["post-50723","post","type-post","status-publish","format-standard","has-post-thumbnail","hentry","category-politica","tag-sistema-frontal"],"a3_pvc":{"activated":true,"total_views":980,"today_views":0},"_links":{"self":[{"href":"https:\/\/temucotelevision.cl\/web\/wp-json\/wp\/v2\/posts\/50723","targetHints":{"allow":["GET"]}}],"collection":[{"href":"https:\/\/temucotelevision.cl\/web\/wp-json\/wp\/v2\/posts"}],"about":[{"href":"https:\/\/temucotelevision.cl\/web\/wp-json\/wp\/v2\/types\/post"}],"author":[{"embeddable":true,"href":"https:\/\/temucotelevision.cl\/web\/wp-json\/wp\/v2\/users\/1"}],"replies":[{"embeddable":true,"href":"https:\/\/temucotelevision.cl\/web\/wp-json\/wp\/v2\/comments?post=50723"}],"version-history":[{"count":1,"href":"https:\/\/temucotelevision.cl\/web\/wp-json\/wp\/v2\/posts\/50723\/revisions"}],"predecessor-version":[{"id":50725,"href":"https:\/\/temucotelevision.cl\/web\/wp-json\/wp\/v2\/posts\/50723\/revisions\/50725"}],"wp:featuredmedia":[{"embeddable":true,"href":"https:\/\/temucotelevision.cl\/web\/wp-json\/wp\/v2\/media\/50724"}],"wp:attachment":[{"href":"https:\/\/temucotelevision.cl\/web\/wp-json\/wp\/v2\/media?parent=50723"}],"wp:term":[{"taxonomy":"category","embeddable":true,"href":"https:\/\/temucotelevision.cl\/web\/wp-json\/wp\/v2\/categories?post=50723"},{"taxonomy":"post_tag","embeddable":true,"href":"https:\/\/temucotelevision.cl\/web\/wp-json\/wp\/v2\/tags?post=50723"}],"curies":[{"name":"wp","href":"https:\/\/api.w.org\/{rel}","templated":true}]}}