{"id":50715,"date":"2024-06-15T22:45:15","date_gmt":"2024-06-16T01:45:15","guid":{"rendered":"https:\/\/temucotelevision.cl\/web\/?p=50715"},"modified":"2024-06-15T22:45:16","modified_gmt":"2024-06-16T01:45:16","slug":"mes-del-lipedema-una-enfermedad-silenciosa-y-aun-desconocida-que-afecta-a-millones-de-mujeres-en-el-mundo","status":"publish","type":"post","link":"https:\/\/temucotelevision.cl\/web\/2024\/06\/15\/mes-del-lipedema-una-enfermedad-silenciosa-y-aun-desconocida-que-afecta-a-millones-de-mujeres-en-el-mundo\/","title":{"rendered":"Mes del Lipedema: Una enfermedad silenciosa y a\u00fan desconocida que afecta a millones de mujeres en el mundo"},"content":{"rendered":"<div class=\"pvc_clear\"><\/div><p id=\"pvc_stats_50715\" class=\"pvc_stats total_only  \" data-element-id=\"50715\" style=\"\"><i class=\"pvc-stats-icon large\" aria-hidden=\"true\"><svg aria-hidden=\"true\" focusable=\"false\" data-prefix=\"far\" data-icon=\"chart-bar\" role=\"img\" xmlns=\"http:\/\/www.w3.org\/2000\/svg\" viewBox=\"0 0 512 512\" class=\"svg-inline--fa fa-chart-bar fa-w-16 fa-2x\"><path fill=\"currentColor\" d=\"M396.8 352h22.4c6.4 0 12.8-6.4 12.8-12.8V108.8c0-6.4-6.4-12.8-12.8-12.8h-22.4c-6.4 0-12.8 6.4-12.8 12.8v230.4c0 6.4 6.4 12.8 12.8 12.8zm-192 0h22.4c6.4 0 12.8-6.4 12.8-12.8V140.8c0-6.4-6.4-12.8-12.8-12.8h-22.4c-6.4 0-12.8 6.4-12.8 12.8v198.4c0 6.4 6.4 12.8 12.8 12.8zm96 0h22.4c6.4 0 12.8-6.4 12.8-12.8V204.8c0-6.4-6.4-12.8-12.8-12.8h-22.4c-6.4 0-12.8 6.4-12.8 12.8v134.4c0 6.4 6.4 12.8 12.8 12.8zM496 400H48V80c0-8.84-7.16-16-16-16H16C7.16 64 0 71.16 0 80v336c0 17.67 14.33 32 32 32h464c8.84 0 16-7.16 16-16v-16c0-8.84-7.16-16-16-16zm-387.2-48h22.4c6.4 0 12.8-6.4 12.8-12.8v-70.4c0-6.4-6.4-12.8-12.8-12.8h-22.4c-6.4 0-12.8 6.4-12.8 12.8v70.4c0 6.4 6.4 12.8 12.8 12.8z\" class=\"\"><\/path><\/svg><\/i> <img loading=\"lazy\" decoding=\"async\" width=\"16\" height=\"16\" alt=\"Loading\" src=\"https:\/\/temucotelevision.cl\/web\/wp-content\/plugins\/page-views-count\/ajax-loader-2x.gif\" border=0 \/><\/p><div class=\"pvc_clear\"><\/div>\n<p>\u00b7&nbsp;&nbsp;&nbsp;&nbsp;&nbsp;&nbsp;&nbsp;&nbsp;&nbsp;Actualmente en Chile existe un equipo experto en el&nbsp;<strong><em>tratamiento conservador y quir\u00fargico<\/em><\/strong>&nbsp;de la enfermedad.<\/p>\n\n\n\n<p>\u00b7&nbsp;&nbsp;&nbsp;&nbsp;&nbsp;&nbsp;&nbsp;&nbsp;&nbsp;Miles de mujeres en el pa\u00eds a\u00fan no saben que padecen esta patolog\u00eda y sufren en silencio sus s\u00edntomas.&nbsp;<\/p>\n\n\n\n<p>El Lipedema, una enfermedad cr\u00f3nica del tejido adiposo, sigue siendo una condici\u00f3n poco conocida y a menudo confundida con la obesidad. Esta enfermedad afecta principalmente las piernas y se caracteriza por la acumulaci\u00f3n anormal de grasa, que no responde a dietas o ejercicio convencional.<\/p>\n\n\n\n<p>Lamentablemente, m\u00e1s de la mitad de las mujeres afectadas por el Lipedema pasan por un largo per\u00edodo de entre diez e incluso hasta 30 a\u00f1os en b\u00fasqueda de un diagn\u00f3stico adecuado. Durante este tiempo, muchas sufren tratamientos ineficaces y costosas cirug\u00edas sin encontrar alivio a sus s\u00edntomas.<\/p>\n\n\n\n<p>Ledda P\u00e9rez Zapata, kinesi\u00f3loga, a cargo de la unidad de rehabilitaci\u00f3n de IOI Lipedema Chile (@ioilipedemachile), se\u00f1ala que &#8220;esta enfermedad es un trastorno del tejido graso que se manifiesta principalmente en las piernas y se cree que su origen es hormonal. Este tejido no responde a dietas ni ejercicio, sin embargo, la paciente puede mejorar su calidad de vida dejando el sedentarismo y mejorando sus h\u00e1bitos nutricionales&#8221;.<\/p>\n\n\n\n<p>El equipo de IOI Lipedema desarrolla una terapia \u00fanica y de vanguardia en el abordaje conservador del Lipedema. Identifica s\u00edntomas clave que pueden indicar la presencia de esta patolog\u00eda e insta a quienes los experimentan a buscar una evaluaci\u00f3n m\u00e9dica inmediata. Entre estas se\u00f1ales se incluyen la distribuci\u00f3n sim\u00e9trica de la grasa entre caderas y muslos, piel \u00e1spera, aumento de volumen en extremidades, entre otros.<\/p>\n\n\n\n<p><strong>Manejo quir\u00fargico del Lipedema&nbsp;<\/strong><\/p>\n\n\n\n<p>Para abordar esta enfermedad, IOI&nbsp;Lipedema&nbsp;Chile no solo cuenta con un equipo de expertos locales, quienes ofrecen un tratamiento conservador. Actualmente, adem\u00e1s, cuentan en su unidad de tratamiento, con el manejo quir\u00fargico del Lipedema con T\u00e9cnica WAL, el que est\u00e1 a cargo de un equipo liderado por la doctora Mar\u00eda Elsa Calder\u00f3n, cirujana pl\u00e1stica, formada en Alemania en esta t\u00e9cnica. Esta operaci\u00f3n, hasta hace unos meses, era accesible s\u00f3lo en Europa y ahora ya es una alternativa para los pacientes en Chile y en Latinoam\u00e9rica.<\/p>\n\n\n\n<p><strong>\u00bfEn qu\u00e9 consiste la T\u00e9cnica Wal?&nbsp;<\/strong>La sigla en ingl\u00e9s significa Water Assisted Liposuction, que en espa\u00f1ol significa Liposucci\u00f3n Asistida por Agua, esto quiere decir que con la misma c\u00e1nula que se realiza la aspiraci\u00f3n de la grasa de la zona afectada la m\u00e1quina tambi\u00e9n env\u00eda agua a los tejidos, esto permite que se separen los ac\u00famulos de grasa. De esta forma trata la grasa inflamatoria con cuidado, respetando las terminaciones nerviosas sensitivas, capilares vasculares y linf\u00e1ticos arteriales, convirti\u00e9ndose en un tratamiento personalizado y respetuoso para cada paciente.<\/p>\n\n\n\n<p>Durante este Mes del Lipedema, es crucial difundir informaci\u00f3n sobre esta enfermedad para promover una mayor conciencia y comprensi\u00f3n. Al educar a la comunidad sobre los s\u00edntomas y tratamientos disponibles, podemos ayudar a reducir el tiempo de diagn\u00f3stico y mejorar la calidad de vida de millones de mujeres en todo el mundo que luchan contra esta enfermedad\u201d, se\u00f1ala la experta.&nbsp;<\/p>\n\n\n\n<p><strong>Si sospechas que puedes tener&nbsp;lipedema, puedes agendar una evaluaci\u00f3n sin costo contactando a Ledda P\u00e9rez Zapata a trav\u00e9s del WhatsApp +56 994994671, o a la Dra. Mar\u00eda Elsa Calder\u00f3n al +56 9 8205 9552<\/strong><\/p>\n\n\n\n<figure class=\"wp-block-image size-large\"><img loading=\"lazy\" decoding=\"async\" width=\"759\" height=\"1000\" src=\"https:\/\/temucotelevision.cl\/web\/wp-content\/uploads\/2024\/06\/MES-DEL-LIPEDEMA-2-759x1000.jpeg\" alt=\"\" class=\"wp-image-50717\" srcset=\"https:\/\/temucotelevision.cl\/web\/wp-content\/uploads\/2024\/06\/MES-DEL-LIPEDEMA-2-759x1000.jpeg 759w, https:\/\/temucotelevision.cl\/web\/wp-content\/uploads\/2024\/06\/MES-DEL-LIPEDEMA-2-768x1012.jpeg 768w, https:\/\/temucotelevision.cl\/web\/wp-content\/uploads\/2024\/06\/MES-DEL-LIPEDEMA-2-1166x1536.jpeg 1166w, https:\/\/temucotelevision.cl\/web\/wp-content\/uploads\/2024\/06\/MES-DEL-LIPEDEMA-2.jpeg 1214w\" sizes=\"auto, (max-width: 759px) 100vw, 759px\" \/><\/figure>\n","protected":false},"excerpt":{"rendered":"<div class=\"pvc_clear\"><\/div>\n<p id=\"pvc_stats_50715\" class=\"pvc_stats total_only  \" data-element-id=\"50715\" style=\"\"><i class=\"pvc-stats-icon large\" aria-hidden=\"true\"><svg aria-hidden=\"true\" focusable=\"false\" data-prefix=\"far\" data-icon=\"chart-bar\" role=\"img\" xmlns=\"http:\/\/www.w3.org\/2000\/svg\" viewBox=\"0 0 512 512\" class=\"svg-inline--fa fa-chart-bar fa-w-16 fa-2x\"><path fill=\"currentColor\" d=\"M396.8 352h22.4c6.4 0 12.8-6.4 12.8-12.8V108.8c0-6.4-6.4-12.8-12.8-12.8h-22.4c-6.4 0-12.8 6.4-12.8 12.8v230.4c0 6.4 6.4 12.8 12.8 12.8zm-192 0h22.4c6.4 0 12.8-6.4 12.8-12.8V140.8c0-6.4-6.4-12.8-12.8-12.8h-22.4c-6.4 0-12.8 6.4-12.8 12.8v198.4c0 6.4 6.4 12.8 12.8 12.8zm96 0h22.4c6.4 0 12.8-6.4 12.8-12.8V204.8c0-6.4-6.4-12.8-12.8-12.8h-22.4c-6.4 0-12.8 6.4-12.8 12.8v134.4c0 6.4 6.4 12.8 12.8 12.8zM496 400H48V80c0-8.84-7.16-16-16-16H16C7.16 64 0 71.16 0 80v336c0 17.67 14.33 32 32 32h464c8.84 0 16-7.16 16-16v-16c0-8.84-7.16-16-16-16zm-387.2-48h22.4c6.4 0 12.8-6.4 12.8-12.8v-70.4c0-6.4-6.4-12.8-12.8-12.8h-22.4c-6.4 0-12.8 6.4-12.8 12.8v70.4c0 6.4 6.4 12.8 12.8 12.8z\" class=\"\"><\/path><\/svg><\/i> <img loading=\"lazy\" decoding=\"async\" width=\"16\" height=\"16\" alt=\"Loading\" src=\"https:\/\/temucotelevision.cl\/web\/wp-content\/plugins\/page-views-count\/ajax-loader-2x.gif\" border=0 \/><\/p>\n<div class=\"pvc_clear\"><\/div>\n<p>\u00b7&nbsp;&nbsp;&nbsp;&nbsp;&nbsp;&nbsp;&nbsp;&nbsp;&nbsp;Actualmente en Chile existe un equipo experto en el&nbsp;tratamiento conservador y quir\u00fargico&nbsp;de la enfermedad. \u00b7&nbsp;&nbsp;&nbsp;&nbsp;&nbsp;&nbsp;&nbsp;&nbsp;&nbsp;Miles de mujeres en el pa\u00eds<\/p>\n","protected":false},"author":1,"featured_media":50716,"comment_status":"open","ping_status":"open","sticky":false,"template":"","format":"standard","meta":{"colormag_page_container_layout":"default_layout","colormag_page_sidebar_layout":"default_layout","footnotes":""},"categories":[101],"tags":[7098],"class_list":["post-50715","post","type-post","status-publish","format-standard","has-post-thumbnail","hentry","category-actualidad","tag-lipedema"],"a3_pvc":{"activated":true,"total_views":2294,"today_views":0},"_links":{"self":[{"href":"https:\/\/temucotelevision.cl\/web\/wp-json\/wp\/v2\/posts\/50715","targetHints":{"allow":["GET"]}}],"collection":[{"href":"https:\/\/temucotelevision.cl\/web\/wp-json\/wp\/v2\/posts"}],"about":[{"href":"https:\/\/temucotelevision.cl\/web\/wp-json\/wp\/v2\/types\/post"}],"author":[{"embeddable":true,"href":"https:\/\/temucotelevision.cl\/web\/wp-json\/wp\/v2\/users\/1"}],"replies":[{"embeddable":true,"href":"https:\/\/temucotelevision.cl\/web\/wp-json\/wp\/v2\/comments?post=50715"}],"version-history":[{"count":1,"href":"https:\/\/temucotelevision.cl\/web\/wp-json\/wp\/v2\/posts\/50715\/revisions"}],"predecessor-version":[{"id":50718,"href":"https:\/\/temucotelevision.cl\/web\/wp-json\/wp\/v2\/posts\/50715\/revisions\/50718"}],"wp:featuredmedia":[{"embeddable":true,"href":"https:\/\/temucotelevision.cl\/web\/wp-json\/wp\/v2\/media\/50716"}],"wp:attachment":[{"href":"https:\/\/temucotelevision.cl\/web\/wp-json\/wp\/v2\/media?parent=50715"}],"wp:term":[{"taxonomy":"category","embeddable":true,"href":"https:\/\/temucotelevision.cl\/web\/wp-json\/wp\/v2\/categories?post=50715"},{"taxonomy":"post_tag","embeddable":true,"href":"https:\/\/temucotelevision.cl\/web\/wp-json\/wp\/v2\/tags?post=50715"}],"curies":[{"name":"wp","href":"https:\/\/api.w.org\/{rel}","templated":true}]}}