{"id":50712,"date":"2024-06-15T22:41:40","date_gmt":"2024-06-16T01:41:40","guid":{"rendered":"https:\/\/temucotelevision.cl\/web\/?p=50712"},"modified":"2024-06-15T22:41:40","modified_gmt":"2024-06-16T01:41:40","slug":"juntos-en-accion-por-curanilahue-un-llamado-a-la-solidaridad","status":"publish","type":"post","link":"https:\/\/temucotelevision.cl\/web\/2024\/06\/15\/juntos-en-accion-por-curanilahue-un-llamado-a-la-solidaridad\/","title":{"rendered":"Juntos en acci\u00f3n por Curanilahue: un llamado a la solidaridad"},"content":{"rendered":"<div class=\"pvc_clear\"><\/div><p id=\"pvc_stats_50712\" class=\"pvc_stats total_only  \" data-element-id=\"50712\" style=\"\"><i class=\"pvc-stats-icon large\" aria-hidden=\"true\"><svg aria-hidden=\"true\" focusable=\"false\" data-prefix=\"far\" data-icon=\"chart-bar\" role=\"img\" xmlns=\"http:\/\/www.w3.org\/2000\/svg\" viewBox=\"0 0 512 512\" class=\"svg-inline--fa fa-chart-bar fa-w-16 fa-2x\"><path fill=\"currentColor\" d=\"M396.8 352h22.4c6.4 0 12.8-6.4 12.8-12.8V108.8c0-6.4-6.4-12.8-12.8-12.8h-22.4c-6.4 0-12.8 6.4-12.8 12.8v230.4c0 6.4 6.4 12.8 12.8 12.8zm-192 0h22.4c6.4 0 12.8-6.4 12.8-12.8V140.8c0-6.4-6.4-12.8-12.8-12.8h-22.4c-6.4 0-12.8 6.4-12.8 12.8v198.4c0 6.4 6.4 12.8 12.8 12.8zm96 0h22.4c6.4 0 12.8-6.4 12.8-12.8V204.8c0-6.4-6.4-12.8-12.8-12.8h-22.4c-6.4 0-12.8 6.4-12.8 12.8v134.4c0 6.4 6.4 12.8 12.8 12.8zM496 400H48V80c0-8.84-7.16-16-16-16H16C7.16 64 0 71.16 0 80v336c0 17.67 14.33 32 32 32h464c8.84 0 16-7.16 16-16v-16c0-8.84-7.16-16-16-16zm-387.2-48h22.4c6.4 0 12.8-6.4 12.8-12.8v-70.4c0-6.4-6.4-12.8-12.8-12.8h-22.4c-6.4 0-12.8 6.4-12.8 12.8v70.4c0 6.4 6.4 12.8 12.8 12.8z\" class=\"\"><\/path><\/svg><\/i> <img loading=\"lazy\" decoding=\"async\" width=\"16\" height=\"16\" alt=\"Loading\" src=\"https:\/\/temucotelevision.cl\/web\/wp-content\/plugins\/page-views-count\/ajax-loader-2x.gif\" border=0 \/><\/p><div class=\"pvc_clear\"><\/div>\n<p>Hogar de Cristo lanza la campa\u00f1a &#8220;Juntos en acci\u00f3n por Curanilahue&#8221; para apoyar a esta localidad duramente afectada por el reciente sistema frontal. Curanilahue, ubicada a 100 kil\u00f3metros al sur de Concepci\u00f3n, ha sido declarada &#8220;zona cero&#8221; tras el desborde de tres afluentes que dejaron a la comuna literalmente bajo el agua, con m\u00e1s de 350 mil\u00edmetros de lluvia acumulados.<\/p>\n\n\n\n<h4 class=\"wp-block-heading\"><strong>Impacto y Urgencia<\/strong><\/h4>\n\n\n\n<p>El temporal ha inundado 1.200 viviendas, afectando gravemente a una comunidad de 34.000 habitantes, donde un 8,5% vive en condiciones de pobreza seg\u00fan la \u00faltima encuesta CASEN. Hogar de Cristo se moviliza para brindar asistencia inmediata con el suministro de kits de despeje (botas de agua, guantes de trabajo, carretilla, pala, escobill\u00f3n y rastrillo) y kits de aseo (lavalozas, bolsas de basura, cloro, mopa, f\u00f3sforos, velas, esponjas, caja de embalaje y l\u00edquido trapeador).<\/p>\n\n\n\n<h4 class=\"wp-block-heading\"><strong>Compromiso de Hogar de Cristo<\/strong><\/h4>\n\n\n\n<p>Liliana Cort\u00e9s, directora social nacional de Hogar de Cristo, enfatiz\u00f3 la urgencia de la situaci\u00f3n: &#8220;Curanilahue es una zona muy querida, nos duele que las personas est\u00e9n afectadas con las inundaciones. Los kits de emergencia son para una primera respuesta y ayudar en lo m\u00e1s urgente. Instamos a donar en nuestros canales de informaci\u00f3n, no nos demoraremos m\u00e1s de uno o dos d\u00edas en estar all\u00e1&#8221;.<\/p>\n\n\n\n<p>Hogar de Cristo actualmente atiende a 48 ni\u00f1os y ni\u00f1as en un jard\u00edn infantil, a 60 personas mayores en un programa de atenci\u00f3n domiciliaria (PADAM) y a 40 cuidadoras de personas con discapacidad mental (PAFAM) en Curanilahue.<\/p>\n\n\n\n<h4 class=\"wp-block-heading\"><strong>Apoyo Continuo y Futuras Campa\u00f1as<\/strong><\/h4>\n\n\n\n<p>Con la previsi\u00f3n de nuevos frentes de mal tiempo en los pr\u00f3ximos d\u00edas, Hogar de Cristo est\u00e1 preparada para lanzar m\u00e1s campa\u00f1as y seguir asistiendo a los afectados. &#8220;Hoy, lo m\u00e1s importante es cuidar a las personas que lo est\u00e1n pasando muy mal y a quienes son las m\u00e1s vulnerables en nuestro pa\u00eds: los ni\u00f1os, ni\u00f1as, adultos mayores y la gente en situaci\u00f3n de calle&#8221;, afirm\u00f3 Cort\u00e9s.<\/p>\n\n\n\n<p>Este esfuerzo se suma a la reciente ayuda brindada a los afectados por el mega incendio en Vi\u00f1a del Mar, donde se entregaron cerca de mil kits para habilitar sus viviendas.<\/p>\n\n\n\n<h4 class=\"wp-block-heading\"><strong>Llamado a la Comunidad<\/strong><\/h4>\n\n\n\n<p>Hogar de Cristo hace un llamado urgente a la solidaridad con Curanilahue y sus habitantes. Las donaciones se pueden realizar directamente en la cuenta corriente 10675353 del banco BCI, Rut 81.496.800-6.<\/p>\n\n\n\n<h3 class=\"wp-block-heading\"><strong>Comunicaci\u00f3n Hogar de Cristo<\/strong><\/h3>\n\n\n\n<p>Juntos podemos marcar la diferencia y ayudar a quienes m\u00e1s lo necesitan en este dif\u00edcil momento.<\/p>\n","protected":false},"excerpt":{"rendered":"<div class=\"pvc_clear\"><\/div>\n<p id=\"pvc_stats_50712\" class=\"pvc_stats total_only  \" data-element-id=\"50712\" style=\"\"><i class=\"pvc-stats-icon large\" aria-hidden=\"true\"><svg aria-hidden=\"true\" focusable=\"false\" data-prefix=\"far\" data-icon=\"chart-bar\" role=\"img\" xmlns=\"http:\/\/www.w3.org\/2000\/svg\" viewBox=\"0 0 512 512\" class=\"svg-inline--fa fa-chart-bar fa-w-16 fa-2x\"><path fill=\"currentColor\" d=\"M396.8 352h22.4c6.4 0 12.8-6.4 12.8-12.8V108.8c0-6.4-6.4-12.8-12.8-12.8h-22.4c-6.4 0-12.8 6.4-12.8 12.8v230.4c0 6.4 6.4 12.8 12.8 12.8zm-192 0h22.4c6.4 0 12.8-6.4 12.8-12.8V140.8c0-6.4-6.4-12.8-12.8-12.8h-22.4c-6.4 0-12.8 6.4-12.8 12.8v198.4c0 6.4 6.4 12.8 12.8 12.8zm96 0h22.4c6.4 0 12.8-6.4 12.8-12.8V204.8c0-6.4-6.4-12.8-12.8-12.8h-22.4c-6.4 0-12.8 6.4-12.8 12.8v134.4c0 6.4 6.4 12.8 12.8 12.8zM496 400H48V80c0-8.84-7.16-16-16-16H16C7.16 64 0 71.16 0 80v336c0 17.67 14.33 32 32 32h464c8.84 0 16-7.16 16-16v-16c0-8.84-7.16-16-16-16zm-387.2-48h22.4c6.4 0 12.8-6.4 12.8-12.8v-70.4c0-6.4-6.4-12.8-12.8-12.8h-22.4c-6.4 0-12.8 6.4-12.8 12.8v70.4c0 6.4 6.4 12.8 12.8 12.8z\" class=\"\"><\/path><\/svg><\/i> <img loading=\"lazy\" decoding=\"async\" width=\"16\" height=\"16\" alt=\"Loading\" src=\"https:\/\/temucotelevision.cl\/web\/wp-content\/plugins\/page-views-count\/ajax-loader-2x.gif\" border=0 \/><\/p>\n<div class=\"pvc_clear\"><\/div>\n<p>Hogar de Cristo lanza la campa\u00f1a &#8220;Juntos en acci\u00f3n por Curanilahue&#8221; para apoyar a esta localidad duramente afectada por el<\/p>\n","protected":false},"author":1,"featured_media":50713,"comment_status":"open","ping_status":"open","sticky":false,"template":"","format":"standard","meta":{"colormag_page_container_layout":"default_layout","colormag_page_sidebar_layout":"default_layout","footnotes":""},"categories":[14],"tags":[7097],"class_list":["post-50712","post","type-post","status-publish","format-standard","has-post-thumbnail","hentry","category-temuco","tag-curanilahue"],"a3_pvc":{"activated":true,"total_views":2989,"today_views":0},"_links":{"self":[{"href":"https:\/\/temucotelevision.cl\/web\/wp-json\/wp\/v2\/posts\/50712","targetHints":{"allow":["GET"]}}],"collection":[{"href":"https:\/\/temucotelevision.cl\/web\/wp-json\/wp\/v2\/posts"}],"about":[{"href":"https:\/\/temucotelevision.cl\/web\/wp-json\/wp\/v2\/types\/post"}],"author":[{"embeddable":true,"href":"https:\/\/temucotelevision.cl\/web\/wp-json\/wp\/v2\/users\/1"}],"replies":[{"embeddable":true,"href":"https:\/\/temucotelevision.cl\/web\/wp-json\/wp\/v2\/comments?post=50712"}],"version-history":[{"count":1,"href":"https:\/\/temucotelevision.cl\/web\/wp-json\/wp\/v2\/posts\/50712\/revisions"}],"predecessor-version":[{"id":50714,"href":"https:\/\/temucotelevision.cl\/web\/wp-json\/wp\/v2\/posts\/50712\/revisions\/50714"}],"wp:featuredmedia":[{"embeddable":true,"href":"https:\/\/temucotelevision.cl\/web\/wp-json\/wp\/v2\/media\/50713"}],"wp:attachment":[{"href":"https:\/\/temucotelevision.cl\/web\/wp-json\/wp\/v2\/media?parent=50712"}],"wp:term":[{"taxonomy":"category","embeddable":true,"href":"https:\/\/temucotelevision.cl\/web\/wp-json\/wp\/v2\/categories?post=50712"},{"taxonomy":"post_tag","embeddable":true,"href":"https:\/\/temucotelevision.cl\/web\/wp-json\/wp\/v2\/tags?post=50712"}],"curies":[{"name":"wp","href":"https:\/\/api.w.org\/{rel}","templated":true}]}}