{"id":50408,"date":"2024-05-31T22:36:28","date_gmt":"2024-06-01T01:36:28","guid":{"rendered":"https:\/\/temucotelevision.cl\/web\/?p=50408"},"modified":"2024-05-31T22:36:29","modified_gmt":"2024-06-01T01:36:29","slug":"sernameg-araucania-representara-a-familia-de-la-joven-victima-de-femicidio-y-activa-ley-de-pension-para-sus-hijos","status":"publish","type":"post","link":"https:\/\/temucotelevision.cl\/web\/2024\/05\/31\/sernameg-araucania-representara-a-familia-de-la-joven-victima-de-femicidio-y-activa-ley-de-pension-para-sus-hijos\/","title":{"rendered":"SernamEG Araucan\u00eda representar\u00e1 a familia de la joven v\u00edctima de\u00a0femicidio y\u00a0activa ley de pensi\u00f3n para sus hijos"},"content":{"rendered":"<div class=\"pvc_clear\"><\/div><p id=\"pvc_stats_50408\" class=\"pvc_stats total_only  \" data-element-id=\"50408\" style=\"\"><i class=\"pvc-stats-icon large\" aria-hidden=\"true\"><svg aria-hidden=\"true\" focusable=\"false\" data-prefix=\"far\" data-icon=\"chart-bar\" role=\"img\" xmlns=\"http:\/\/www.w3.org\/2000\/svg\" viewBox=\"0 0 512 512\" class=\"svg-inline--fa fa-chart-bar fa-w-16 fa-2x\"><path fill=\"currentColor\" d=\"M396.8 352h22.4c6.4 0 12.8-6.4 12.8-12.8V108.8c0-6.4-6.4-12.8-12.8-12.8h-22.4c-6.4 0-12.8 6.4-12.8 12.8v230.4c0 6.4 6.4 12.8 12.8 12.8zm-192 0h22.4c6.4 0 12.8-6.4 12.8-12.8V140.8c0-6.4-6.4-12.8-12.8-12.8h-22.4c-6.4 0-12.8 6.4-12.8 12.8v198.4c0 6.4 6.4 12.8 12.8 12.8zm96 0h22.4c6.4 0 12.8-6.4 12.8-12.8V204.8c0-6.4-6.4-12.8-12.8-12.8h-22.4c-6.4 0-12.8 6.4-12.8 12.8v134.4c0 6.4 6.4 12.8 12.8 12.8zM496 400H48V80c0-8.84-7.16-16-16-16H16C7.16 64 0 71.16 0 80v336c0 17.67 14.33 32 32 32h464c8.84 0 16-7.16 16-16v-16c0-8.84-7.16-16-16-16zm-387.2-48h22.4c6.4 0 12.8-6.4 12.8-12.8v-70.4c0-6.4-6.4-12.8-12.8-12.8h-22.4c-6.4 0-12.8 6.4-12.8 12.8v70.4c0 6.4 6.4 12.8 12.8 12.8z\" class=\"\"><\/path><\/svg><\/i> <img loading=\"lazy\" decoding=\"async\" width=\"16\" height=\"16\" alt=\"Loading\" src=\"https:\/\/temucotelevision.cl\/web\/wp-content\/plugins\/page-views-count\/ajax-loader-2x.gif\" border=0 \/><\/p><div class=\"pvc_clear\"><\/div>\n<p>El Servicio Nacional de la Mujer y la Equidad de G\u00e9nero, SernamEG, representar\u00e1 a hermano de la joven asesinada por su conviviente y padre de su hijo de dos a\u00f1os, quien fue&nbsp;formalizado por femicidio y aborto violento hace unos d\u00edas en Temuco.<\/p>\n\n\n\n<p>Desde SernamEG, la&nbsp;<strong>directora regional Susana Aguilera Vega<\/strong>&nbsp;precis\u00f3 que ante terrible hecho \u201clamentamos una vez m\u00e1s que una mujer, madre, hermana, amiga, vecina&#8230; haya perdido su vida producto de una brutal golpiza por parte de su pareja, estando adem\u00e1s con un embarazo de tres meses. Y en la b\u00fasqueda de la justicia, nos contactamos con su familia para ofrecerles apoyo<strong>aceptando la representaci\u00f3n legal y de la misma hemos activando la ley de<\/strong><strong>&nbsp;Reparaci\u00f3n para V\u00edctimas de femicidio consumado y suicidio femicida para que los hijos de la joven Lohy reciban la pensi\u00f3n prontamente\u201d.<\/strong><\/p>\n\n\n\n<p>En&nbsp;<strong>La Araucan\u00eda<\/strong>&nbsp;se registran 2 femicidios consumados y 16 femicidios frustrados ,en Victoria y ahora en Temuco durante este a\u00f1o, recordemos que para&nbsp;<strong>denunciar<\/strong>&nbsp;existe el Fono Familia&nbsp;<strong>Carabineros 149<\/strong>,&nbsp;<strong>Polic\u00eda de Investigaciones 134<\/strong>,&nbsp;&nbsp;<strong>Fono Carabineros 133, o denunciar en Fono Fiscal\u00eda 600-333-0000 o en<\/strong>&nbsp;el sitio web&nbsp;<a href=\"http:\/\/www.fiscalia.cl\/\" target=\"_blank\" rel=\"noreferrer noopener\">www.fiscalia.cl<\/a>&nbsp;.Recordemos que quienes son v\u00edctimas de violencias o a quienes son testigos de ello, SernamEG dispone de atenci\u00f3n telef\u00f3nica trav\u00e9s del&nbsp;<strong>n\u00famero 1455 y el WhatsApp +569 97007000<\/strong>, que permiten entregar&nbsp;<strong>orientaci\u00f3n e informaci\u00f3n<\/strong>, el horario de funcionamiento:&nbsp;lunes a viernes de 08:00 a 24:00 horas (excepto los festivos) y los&nbsp;<strong>Centros de las Mujeres<\/strong>&nbsp;distribuidos en la regi\u00f3n para prestar atenciones a las mujeres que lo requieran.<\/p>\n","protected":false},"excerpt":{"rendered":"<div class=\"pvc_clear\"><\/div>\n<p id=\"pvc_stats_50408\" class=\"pvc_stats total_only  \" data-element-id=\"50408\" style=\"\"><i class=\"pvc-stats-icon large\" aria-hidden=\"true\"><svg aria-hidden=\"true\" focusable=\"false\" data-prefix=\"far\" data-icon=\"chart-bar\" role=\"img\" xmlns=\"http:\/\/www.w3.org\/2000\/svg\" viewBox=\"0 0 512 512\" class=\"svg-inline--fa fa-chart-bar fa-w-16 fa-2x\"><path fill=\"currentColor\" d=\"M396.8 352h22.4c6.4 0 12.8-6.4 12.8-12.8V108.8c0-6.4-6.4-12.8-12.8-12.8h-22.4c-6.4 0-12.8 6.4-12.8 12.8v230.4c0 6.4 6.4 12.8 12.8 12.8zm-192 0h22.4c6.4 0 12.8-6.4 12.8-12.8V140.8c0-6.4-6.4-12.8-12.8-12.8h-22.4c-6.4 0-12.8 6.4-12.8 12.8v198.4c0 6.4 6.4 12.8 12.8 12.8zm96 0h22.4c6.4 0 12.8-6.4 12.8-12.8V204.8c0-6.4-6.4-12.8-12.8-12.8h-22.4c-6.4 0-12.8 6.4-12.8 12.8v134.4c0 6.4 6.4 12.8 12.8 12.8zM496 400H48V80c0-8.84-7.16-16-16-16H16C7.16 64 0 71.16 0 80v336c0 17.67 14.33 32 32 32h464c8.84 0 16-7.16 16-16v-16c0-8.84-7.16-16-16-16zm-387.2-48h22.4c6.4 0 12.8-6.4 12.8-12.8v-70.4c0-6.4-6.4-12.8-12.8-12.8h-22.4c-6.4 0-12.8 6.4-12.8 12.8v70.4c0 6.4 6.4 12.8 12.8 12.8z\" class=\"\"><\/path><\/svg><\/i> <img loading=\"lazy\" decoding=\"async\" width=\"16\" height=\"16\" alt=\"Loading\" src=\"https:\/\/temucotelevision.cl\/web\/wp-content\/plugins\/page-views-count\/ajax-loader-2x.gif\" border=0 \/><\/p>\n<div class=\"pvc_clear\"><\/div>\n<p>El Servicio Nacional de la Mujer y la Equidad de G\u00e9nero, SernamEG, representar\u00e1 a hermano de la joven asesinada por<\/p>\n","protected":false},"author":1,"featured_media":11261,"comment_status":"open","ping_status":"open","sticky":false,"template":"","format":"standard","meta":{"colormag_page_container_layout":"default_layout","colormag_page_sidebar_layout":"default_layout","footnotes":""},"categories":[14],"tags":[2592],"class_list":["post-50408","post","type-post","status-publish","format-standard","has-post-thumbnail","hentry","category-temuco","tag-sernameg"],"a3_pvc":{"activated":true,"total_views":1033,"today_views":0},"_links":{"self":[{"href":"https:\/\/temucotelevision.cl\/web\/wp-json\/wp\/v2\/posts\/50408","targetHints":{"allow":["GET"]}}],"collection":[{"href":"https:\/\/temucotelevision.cl\/web\/wp-json\/wp\/v2\/posts"}],"about":[{"href":"https:\/\/temucotelevision.cl\/web\/wp-json\/wp\/v2\/types\/post"}],"author":[{"embeddable":true,"href":"https:\/\/temucotelevision.cl\/web\/wp-json\/wp\/v2\/users\/1"}],"replies":[{"embeddable":true,"href":"https:\/\/temucotelevision.cl\/web\/wp-json\/wp\/v2\/comments?post=50408"}],"version-history":[{"count":1,"href":"https:\/\/temucotelevision.cl\/web\/wp-json\/wp\/v2\/posts\/50408\/revisions"}],"predecessor-version":[{"id":50409,"href":"https:\/\/temucotelevision.cl\/web\/wp-json\/wp\/v2\/posts\/50408\/revisions\/50409"}],"wp:featuredmedia":[{"embeddable":true,"href":"https:\/\/temucotelevision.cl\/web\/wp-json\/wp\/v2\/media\/11261"}],"wp:attachment":[{"href":"https:\/\/temucotelevision.cl\/web\/wp-json\/wp\/v2\/media?parent=50408"}],"wp:term":[{"taxonomy":"category","embeddable":true,"href":"https:\/\/temucotelevision.cl\/web\/wp-json\/wp\/v2\/categories?post=50408"},{"taxonomy":"post_tag","embeddable":true,"href":"https:\/\/temucotelevision.cl\/web\/wp-json\/wp\/v2\/tags?post=50408"}],"curies":[{"name":"wp","href":"https:\/\/api.w.org\/{rel}","templated":true}]}}