{"id":50405,"date":"2024-05-31T22:30:32","date_gmt":"2024-06-01T01:30:32","guid":{"rendered":"https:\/\/temucotelevision.cl\/web\/?p=50405"},"modified":"2024-05-31T22:30:32","modified_gmt":"2024-06-01T01:30:32","slug":"alcalde-roberto-neira-no-es-posible-que-los-padres-no-quieran-enviar-a-sus-hijos-a-estudiar-por-temor","status":"publish","type":"post","link":"https:\/\/temucotelevision.cl\/web\/2024\/05\/31\/alcalde-roberto-neira-no-es-posible-que-los-padres-no-quieran-enviar-a-sus-hijos-a-estudiar-por-temor\/","title":{"rendered":"Alcalde Roberto Neira: \u201cNo es posible que los padres no quieran enviar a sus hijos a estudiar por temor\u201d"},"content":{"rendered":"<div class=\"pvc_clear\"><\/div><p id=\"pvc_stats_50405\" class=\"pvc_stats total_only  \" data-element-id=\"50405\" style=\"\"><i class=\"pvc-stats-icon large\" aria-hidden=\"true\"><svg aria-hidden=\"true\" focusable=\"false\" data-prefix=\"far\" data-icon=\"chart-bar\" role=\"img\" xmlns=\"http:\/\/www.w3.org\/2000\/svg\" viewBox=\"0 0 512 512\" class=\"svg-inline--fa fa-chart-bar fa-w-16 fa-2x\"><path fill=\"currentColor\" d=\"M396.8 352h22.4c6.4 0 12.8-6.4 12.8-12.8V108.8c0-6.4-6.4-12.8-12.8-12.8h-22.4c-6.4 0-12.8 6.4-12.8 12.8v230.4c0 6.4 6.4 12.8 12.8 12.8zm-192 0h22.4c6.4 0 12.8-6.4 12.8-12.8V140.8c0-6.4-6.4-12.8-12.8-12.8h-22.4c-6.4 0-12.8 6.4-12.8 12.8v198.4c0 6.4 6.4 12.8 12.8 12.8zm96 0h22.4c6.4 0 12.8-6.4 12.8-12.8V204.8c0-6.4-6.4-12.8-12.8-12.8h-22.4c-6.4 0-12.8 6.4-12.8 12.8v134.4c0 6.4 6.4 12.8 12.8 12.8zM496 400H48V80c0-8.84-7.16-16-16-16H16C7.16 64 0 71.16 0 80v336c0 17.67 14.33 32 32 32h464c8.84 0 16-7.16 16-16v-16c0-8.84-7.16-16-16-16zm-387.2-48h22.4c6.4 0 12.8-6.4 12.8-12.8v-70.4c0-6.4-6.4-12.8-12.8-12.8h-22.4c-6.4 0-12.8 6.4-12.8 12.8v70.4c0 6.4 6.4 12.8 12.8 12.8z\" class=\"\"><\/path><\/svg><\/i> <img loading=\"lazy\" decoding=\"async\" width=\"16\" height=\"16\" alt=\"Loading\" src=\"https:\/\/temucotelevision.cl\/web\/wp-content\/plugins\/page-views-count\/ajax-loader-2x.gif\" border=0 \/><\/p><div class=\"pvc_clear\"><\/div>\n<p><em>El edil temuquense explic\u00f3 los puntos m\u00e1s importantes del Plan Integral de<\/em> <em>Convivencia Escolar Temuco Educa y Protege, que est\u00e1 llevando a cabo la Municipalidad de Temuco, asegurando que se est\u00e1 trabajando intensamente en la prevenci\u00f3n, en la seguridad del eje Avenida Balmaceda, y en la detecci\u00f3n del origen de los casos de violencia escolar suscitados en el \u00faltimo tiempo.<\/em><\/p>\n\n\n\n<p>\u201cEste plan integral est\u00e1 pensado oportunamente para prevenir y educar respecto a la convivencia escolar, las mejoras educativas y la seguridad de nuestros alumnos y, en paralelo, los padres cambiar\u00e1n su percepci\u00f3n y volver\u00e1n a confiar en enviar a sus hijos a clases\u201d, asegur\u00f3 el alcalde de Temuco, Roberto Neira, ocupado en buscar medidas de mitigaci\u00f3n para los reiterados hechos de violencia en algunos establecimientos municipales emplazados en el eje Avenida Balmaceda.<\/p>\n\n\n\n<p>En concreto, el edil temuquense explic\u00f3 que se est\u00e1 trabajando profundamente para revertir y disminuir la violencia escolar, donde la punta de lanza es el Plan Integral de Convivencia Escolar Temuco Educa y Protege y, en paralelo, acciones estrat\u00e9gicas como la consulta ciudadana en comunidades educativas -que este lunes entra en su segunda y \u00faltima etapa con apoderados y estudiantes- que decidir\u00e1 si se ejecuta o no un plan piloto que instale detectores de metales; todas acciones que buscan mejorar la percepci\u00f3n de padres y apoderados y que devuelvan la confianza en enviar a sus hijos a clases.<\/p>\n\n\n\n<p>Respecto al plan, este interviene en un contexto escolar con \u00edndices de vulnerabilidad social superior al 80%, con un enfoque de protecci\u00f3n social integral a trav\u00e9s de tres ejes: socio educativo, psicoeducativo y seguridad escolar.<\/p>\n\n\n\n<p>En ese contexto, el alcalde Neira agreg\u00f3: \u201cno tenemos que esperar que muera un alumno para reaccionar y por eso este plan cobra fuerza y sentido; lo que nos ha mantenido ocupados hace ya un tiempo en esta dif\u00edcil tarea de proteger a nuestros alumnos y docentes de hechos delictuales. Por tanto, se hace fundamental tomar medidas principalmente en la seguridad, tanto interna como externa de nuestros establecimientos, adem\u00e1s de los antecedentes\u201d post pandemia\u201d que indican una cifra negativa en el aumento de casos\u201d.<\/p>\n\n\n\n<p><strong>Trabajo del DAEM<\/strong><\/p>\n\n\n\n<p>El Departamento de Educaci\u00f3n Municipal (DAEM), est\u00e1 aplicando el plan integral, con apoyo de la Direcci\u00f3n de Seguridad P\u00fablica en el patrullaje en terreno de algunos puntos catastrados como \u201cconflictivos\u201d y de alto tr\u00e1nsito de estudiantes del eje Balmaceda.<\/p>\n\n\n\n<p>En detalle, el plan consta de tres ejes estrat\u00e9gicos: socio educativo: que interviene la din\u00e1mica familiar del alumno bajo la premisa \u201cno es el alumno el vulnerable, es su familia y su contexto\u201d, y cuyo objetivo es preparar al alumno para enfrentar con \u00e9xito los aprendizajes y su relaci\u00f3n con el entorno escolar; eje psicoeducativo, que trabaja con un programa de psicoterapia cl\u00ednica para estudiantes -que pretende lograr m\u00e1s de 4.200 prestaciones de especialistas en psiquiatr\u00eda y psicolog\u00eda-, el programa de psicoterapia grupa escolar, que proporciona al estudiante un espacio de apoyo emocional, social y acad\u00e9mico; y el programa de actividades recreativas y art\u00edsticas para fomentar la sana convivencia escolar, que promueve un ambiente escolar positivo y fomenta la integraci\u00f3n, el respeto y la colaboraci\u00f3n entre los estudiantes.<\/p>\n\n\n\n<p>Por \u00faltimo, el plan contempla el eje seguridad escolar, que busca abordar los desaf\u00edos de seguridad en contextos de vulnerabilidad social, involucrando a todos los actores relevantes y promoviendo un entorno escolar seguro, inclusivo y propicio para el aprendizaje y el desarrollo de los estudiantes, donde la opci\u00f3n de instalar p\u00f3rticos detectores de metales en liceos la definir\u00e1n las mismas comunidades educativas que han presentado casos y que necesitan de este plan y una soluci\u00f3n profundas y definitiva a sus situaciones de violencia escolar.<\/p>\n","protected":false},"excerpt":{"rendered":"<div class=\"pvc_clear\"><\/div>\n<p id=\"pvc_stats_50405\" class=\"pvc_stats total_only  \" data-element-id=\"50405\" style=\"\"><i class=\"pvc-stats-icon large\" aria-hidden=\"true\"><svg aria-hidden=\"true\" focusable=\"false\" data-prefix=\"far\" data-icon=\"chart-bar\" role=\"img\" xmlns=\"http:\/\/www.w3.org\/2000\/svg\" viewBox=\"0 0 512 512\" class=\"svg-inline--fa fa-chart-bar fa-w-16 fa-2x\"><path fill=\"currentColor\" d=\"M396.8 352h22.4c6.4 0 12.8-6.4 12.8-12.8V108.8c0-6.4-6.4-12.8-12.8-12.8h-22.4c-6.4 0-12.8 6.4-12.8 12.8v230.4c0 6.4 6.4 12.8 12.8 12.8zm-192 0h22.4c6.4 0 12.8-6.4 12.8-12.8V140.8c0-6.4-6.4-12.8-12.8-12.8h-22.4c-6.4 0-12.8 6.4-12.8 12.8v198.4c0 6.4 6.4 12.8 12.8 12.8zm96 0h22.4c6.4 0 12.8-6.4 12.8-12.8V204.8c0-6.4-6.4-12.8-12.8-12.8h-22.4c-6.4 0-12.8 6.4-12.8 12.8v134.4c0 6.4 6.4 12.8 12.8 12.8zM496 400H48V80c0-8.84-7.16-16-16-16H16C7.16 64 0 71.16 0 80v336c0 17.67 14.33 32 32 32h464c8.84 0 16-7.16 16-16v-16c0-8.84-7.16-16-16-16zm-387.2-48h22.4c6.4 0 12.8-6.4 12.8-12.8v-70.4c0-6.4-6.4-12.8-12.8-12.8h-22.4c-6.4 0-12.8 6.4-12.8 12.8v70.4c0 6.4 6.4 12.8 12.8 12.8z\" class=\"\"><\/path><\/svg><\/i> <img loading=\"lazy\" decoding=\"async\" width=\"16\" height=\"16\" alt=\"Loading\" src=\"https:\/\/temucotelevision.cl\/web\/wp-content\/plugins\/page-views-count\/ajax-loader-2x.gif\" border=0 \/><\/p>\n<div class=\"pvc_clear\"><\/div>\n<p>El edil temuquense explic\u00f3 los puntos m\u00e1s importantes del Plan Integral de Convivencia Escolar Temuco Educa y Protege, que est\u00e1<\/p>\n","protected":false},"author":1,"featured_media":50406,"comment_status":"open","ping_status":"open","sticky":false,"template":"","format":"standard","meta":{"colormag_page_container_layout":"default_layout","colormag_page_sidebar_layout":"default_layout","footnotes":""},"categories":[15],"tags":[202],"class_list":["post-50405","post","type-post","status-publish","format-standard","has-post-thumbnail","hentry","category-la-araucania","tag-alcalde"],"a3_pvc":{"activated":true,"total_views":27402,"today_views":0},"_links":{"self":[{"href":"https:\/\/temucotelevision.cl\/web\/wp-json\/wp\/v2\/posts\/50405","targetHints":{"allow":["GET"]}}],"collection":[{"href":"https:\/\/temucotelevision.cl\/web\/wp-json\/wp\/v2\/posts"}],"about":[{"href":"https:\/\/temucotelevision.cl\/web\/wp-json\/wp\/v2\/types\/post"}],"author":[{"embeddable":true,"href":"https:\/\/temucotelevision.cl\/web\/wp-json\/wp\/v2\/users\/1"}],"replies":[{"embeddable":true,"href":"https:\/\/temucotelevision.cl\/web\/wp-json\/wp\/v2\/comments?post=50405"}],"version-history":[{"count":1,"href":"https:\/\/temucotelevision.cl\/web\/wp-json\/wp\/v2\/posts\/50405\/revisions"}],"predecessor-version":[{"id":50407,"href":"https:\/\/temucotelevision.cl\/web\/wp-json\/wp\/v2\/posts\/50405\/revisions\/50407"}],"wp:featuredmedia":[{"embeddable":true,"href":"https:\/\/temucotelevision.cl\/web\/wp-json\/wp\/v2\/media\/50406"}],"wp:attachment":[{"href":"https:\/\/temucotelevision.cl\/web\/wp-json\/wp\/v2\/media?parent=50405"}],"wp:term":[{"taxonomy":"category","embeddable":true,"href":"https:\/\/temucotelevision.cl\/web\/wp-json\/wp\/v2\/categories?post=50405"},{"taxonomy":"post_tag","embeddable":true,"href":"https:\/\/temucotelevision.cl\/web\/wp-json\/wp\/v2\/tags?post=50405"}],"curies":[{"name":"wp","href":"https:\/\/api.w.org\/{rel}","templated":true}]}}