{"id":50402,"date":"2024-05-31T22:27:09","date_gmt":"2024-06-01T01:27:09","guid":{"rendered":"https:\/\/temucotelevision.cl\/web\/?p=50402"},"modified":"2024-05-31T22:27:10","modified_gmt":"2024-06-01T01:27:10","slug":"expertos-piden-aumento-del-impuesto-al-tabaco-y-nuevo-gravamen-para-cigarrillos-electronicos","status":"publish","type":"post","link":"https:\/\/temucotelevision.cl\/web\/2024\/05\/31\/expertos-piden-aumento-del-impuesto-al-tabaco-y-nuevo-gravamen-para-cigarrillos-electronicos\/","title":{"rendered":"Expertos piden aumento del impuesto al tabaco y nuevo gravamen para cigarrillos electr\u00f3nicos"},"content":{"rendered":"<div class=\"pvc_clear\"><\/div><p id=\"pvc_stats_50402\" class=\"pvc_stats total_only  \" data-element-id=\"50402\" style=\"\"><i class=\"pvc-stats-icon large\" aria-hidden=\"true\"><svg aria-hidden=\"true\" focusable=\"false\" data-prefix=\"far\" data-icon=\"chart-bar\" role=\"img\" xmlns=\"http:\/\/www.w3.org\/2000\/svg\" viewBox=\"0 0 512 512\" class=\"svg-inline--fa fa-chart-bar fa-w-16 fa-2x\"><path fill=\"currentColor\" d=\"M396.8 352h22.4c6.4 0 12.8-6.4 12.8-12.8V108.8c0-6.4-6.4-12.8-12.8-12.8h-22.4c-6.4 0-12.8 6.4-12.8 12.8v230.4c0 6.4 6.4 12.8 12.8 12.8zm-192 0h22.4c6.4 0 12.8-6.4 12.8-12.8V140.8c0-6.4-6.4-12.8-12.8-12.8h-22.4c-6.4 0-12.8 6.4-12.8 12.8v198.4c0 6.4 6.4 12.8 12.8 12.8zm96 0h22.4c6.4 0 12.8-6.4 12.8-12.8V204.8c0-6.4-6.4-12.8-12.8-12.8h-22.4c-6.4 0-12.8 6.4-12.8 12.8v134.4c0 6.4 6.4 12.8 12.8 12.8zM496 400H48V80c0-8.84-7.16-16-16-16H16C7.16 64 0 71.16 0 80v336c0 17.67 14.33 32 32 32h464c8.84 0 16-7.16 16-16v-16c0-8.84-7.16-16-16-16zm-387.2-48h22.4c6.4 0 12.8-6.4 12.8-12.8v-70.4c0-6.4-6.4-12.8-12.8-12.8h-22.4c-6.4 0-12.8 6.4-12.8 12.8v70.4c0 6.4 6.4 12.8 12.8 12.8z\" class=\"\"><\/path><\/svg><\/i> <img loading=\"lazy\" decoding=\"async\" width=\"16\" height=\"16\" alt=\"Loading\" src=\"https:\/\/temucotelevision.cl\/web\/wp-content\/plugins\/page-views-count\/ajax-loader-2x.gif\" border=0 \/><\/p><div class=\"pvc_clear\"><\/div>\n<p>Expertos nacionales e internacionales de distintos sectores y sociedad civil en el D\u00eda Mundial sin Tabaco:<\/p>\n\n\n\n<p><em>Incrementar los impuestos al tabaco en un 20% podr\u00eda reducir la cantidad de cigarrillos consumidos en un 8% y la cantidad de fumadores en un 4%. Esto implicar\u00eda una disminuci\u00f3n de casi 100.000 fumadores en el pa\u00eds.<\/em><\/p>\n\n\n\n<p><em>En Chile el tabaco mata a 52 personas cada d\u00eda, generando en los \u00faltimos tres a\u00f1os la misma cantidad de muertes que la pandemia de COVID-19. El gasto en salud anual provocado por consumo de tabaco es de 1,5 billones de pesos, lo que corresponde casi al 10% del gasto en salud en el pa\u00eds.<\/em><\/p>\n\n\n\n<p>Santiago, 31 de mayo de 2024. Cada 31 de mayo se celebra a nivel global el D\u00eda Mundial sin Tabaco, en este contexto es que un grupo multipartidario de expertos de distintas \u00e1reas de la salud, econom\u00eda; entidades acad\u00e9micas y organizaciones de la sociedad civil, se reunieron para manifestar un fuerte respaldo y hacer un urgente llamado al Gobierno a aumentar el impuesto al tabaco en Chile y a gravar con un impuesto adicional la venta de cigarrillos electr\u00f3nicos.<\/p>\n\n\n\n<p>El llamado se hizo en el marco de \u201cUnidos por la salud: Declaraci\u00f3n Ciudadana para aumentar el impuesto al tabaco\u201d, actividad organizada por el Foro Nacional del C\u00e1ncer; Tabaconom\u00eda de la Escuela de Negocios de la Escuela de Negocios de la Universidad Adolfo Ib\u00e1\u00f1ez; el&nbsp;Centro para la Prevenci\u00f3n y el Control del C\u00e1ncer (CECAN) y&nbsp;la Mesa Ciudadana Tabaco o Salud, y que fue convocada y respaldada por m\u00e1s de 30 organizaciones (ver al final del documento listado completo).<\/p>\n\n\n\n<p>En la oportunidad se dio a conocer una mirada tanto global, regional (a nivel Latinoam\u00e9rica) as\u00ed como local, acerca del impacto del tabaco tanto en las personas, en su entorno as\u00ed como en la econom\u00eda del pa\u00eds. Tambi\u00e9n se comparti\u00f3 evidencia cient\u00edfica que es parte del reci\u00e9n lanzado Policy Brief \u201c\u00bfPor qu\u00e9 es importante subir los impuestos al tabaco en Chile?\u201d.<\/p>\n\n\n\n<p>La Declaraci\u00f3n fue entregada en la oficina de partes de La Moneda, en una carta dirigida al Presidente de la Rep\u00fablica, y con copia a la Ministra de Salud y al Ministro de Hacienda. El documento fue acompa\u00f1ado de un proyecto de ley para aumentar el impuesto al tabaco y gravar los cigarrillos electr\u00f3nicos, y hasta ahora cuenta con un respaldo de m\u00e1s de 550 firmas.&nbsp;<\/p>\n\n\n\n<p>La actividad cont\u00f3 con la presencia de representantes de distintas organizaciones de la salud, del mundo acad\u00e9mico y ciudadanos, as\u00ed como de otras entidades como la Asociaci\u00f3n Chilena de Municipalidades con su Presidenta Carolina Leitao.<\/p>\n\n\n\n<p>\u201cLo importante de esta actividad es que distintos actores vinculados a la salud p\u00fablica nos hemos unido para firmar esta declaraci\u00f3n que insta a las autoridades a que aumenten los impuestos al tabaco, considerando que es la medida que mayor evidencia cient\u00edfica tiene para lograr reducir los \u00edndices de tabaquismo. Lo anterior es una tarea urgente, pues, como consecuencia del consumo de tabaco, mueren m\u00e1s de 2 personas por hora en nuestro pa\u00eds\u201d, afirm\u00f3 Carolina Goic, directora ejecutiva de CECAN y del Foro Nacional del C\u00e1ncer, y acad\u00e9mica UC.<\/p>\n\n\n\n<p>Por su parte, Guillermo Paraje, experto internacional en econom\u00eda de la salud y acad\u00e9mico de la Escuela de Negocios de la UAI, se\u00f1al\u00f3. \u201cLos impuestos al tabaco son la medida m\u00e1s costo-efectiva para reducir su consumo. En Chile, un aumento del 20% en el precio real de los cigarrillos reducir\u00eda la cantidad de fumadores en un 4%. Esto implicar\u00eda una disminuci\u00f3n de casi 100 mil fumadores menos. Tambi\u00e9n podr\u00eda disminuir la cantidad de cigarrillos consumidos en un 8%. Este a\u00f1o se cumple una d\u00e9cada desde la \u00faltima modificaci\u00f3n a los impuestos al tabaco en el pa\u00eds, por lo que hay una gran oportunidad para impulsar esta pol\u00edtica p\u00fablica que es reconocida por algunos estudios como la que m\u00e1s vidas ha salvado durante el siglo veinte\u201d.<\/p>\n\n\n\n<p>Lidia Amarales, de la Mesa Ciudadana de Salud o Tabaco, hizo un llamado al gobierno, y espec\u00edficamente al Ministerio de Salud \u201ca darle urgencia a este proyecto de ley que busca el aumento de impuesto al tabaco para seguir avanzando (&#8230;) Esta no es una responsabilidad solo del parlamento, sino de todos, hay que unirnos para seguir impulsando estas pol\u00edticas que son fundamentales para darle a los ni\u00f1os una vida sana fuera de la interferencia de la industria\u201d.&nbsp;<\/p>\n\n\n\n<p>El director de la Organizaci\u00f3n Panamericana de la Salud (OPS), Dr. Jarbas Barbosa, estuvo presente de manera telem\u00e1tica, y enfatiz\u00f3 en que \u201cbajo el lema de este a\u00f1o \u2018Protejamos a la ni\u00f1ez de la influencia de la industria tabacalera\u2019, hacemos un llamado a todos los pa\u00edses miembros de la OPS a adoptar un enfoque integral del control del tabaco y la adicci\u00f3n a la nicotina contrarrestando las pr\u00e1cticas manipuladoras de la industria. Juntos podemos crear un mundo m\u00e1s saludable y libre de tabaco para las generaciones presentes y futuras\u201d.&nbsp;<\/p>\n\n\n\n<p>La asesora regional para control de tabaco de la OPS, quien tambi\u00e9n estuvo presente por medio de videoconferencia, manifest\u00f3: \u201cLamentablemente los \u00faltimos estudios muestran que los impuestos al tabaco son una de las medidas con menos avances en la regi\u00f3n de Latinoam\u00e9rica y los productos del tabaco se est\u00e1n haciendo m\u00e1s baratos\u201d. La representante de OPS tambi\u00e9n destac\u00f3 el alarmante uso de cigarrillos electr\u00f3nicos en menores de edad.<\/p>\n\n\n\n<p><strong>Los \u00edndices del tabaco en Chile<\/strong><\/p>\n\n\n\n<p>La realidad en Chile del impacto del tabaco es alarmante. Chile registra el nivel m\u00e1s alto de prevalencia (29,2%) en Am\u00e9rica Latina. En el pa\u00eds, acceder a una cajetilla de cigarrillos es asequible: un habitante promedio necesita 2,6% de su ingreso para comprar 100 cajetillas de 20 cigarrillos, ubic\u00e1ndose en el tramo medio de la distribuci\u00f3n de pa\u00edses. Esta asequibilidad contribuye a la alta prevalencia que tiene el pa\u00eds, raz\u00f3n por la cual se requiere el aumento de impuesto para disminuir su consumo.<\/p>\n\n\n\n<p>La epidemia del tabaquismo cobra m\u00e1s de 52 vidas al d\u00eda en Chile, lo que corresponde a un 16% de las muertes totales. Es decir, el tabaco mat\u00f3 la misma cantidad de personas que el COVID-19 en los \u00faltimos tres a\u00f1os. Adicionalmente, para 2020 se estim\u00f3 que el pa\u00eds gast\u00f3 m\u00e1s de 1,5 billones de pesos en atenci\u00f3n m\u00e9dica relacionada al consumo de tabaco. Esto corresponde a m\u00e1s del 9% del gasto en salud del mismo a\u00f1o.&nbsp;<\/p>\n\n\n\n<p>\u00bfQu\u00e9 efectos tendr\u00eda el aumento de impuestos al tabaco?&nbsp; Primero, permite mejorar la salud de la poblaci\u00f3n impulsando que los fumadores dejen de hacerlo y evitando que nuevos fumadores se inicien. En segundo lugar, mejora la salud, disminuye los costos econ\u00f3micos asociados a las enfermedades y muertes. Y, en tercer lugar, aumenta la recaudaci\u00f3n tributaria, compensando as\u00ed el costo que el consumo de este producto implica para la sociedad.&nbsp;<\/p>\n\n\n\n<p><strong>Principales iniciativas del proyecto de ley presentado:<\/strong><\/p>\n\n\n\n<ul class=\"wp-block-list\">\n<li>Eliminar el impuesto ad valorem a la cajetilla de cigarrillos, correspondiente al 30% sobre el precio de venta al consumidor, ya que produce una dispersi\u00f3n artificial de precios, incentivando a los consumidores a pasarse a marcas m\u00e1s baratas en lugar de reducir el consumo o dejar de consumir.<\/li>\n<\/ul>\n\n\n\n<ul class=\"wp-block-list\">\n<li>Aumentar el impuesto espec\u00edfico por cada gramo de tabaco que contenga los\u00a0 cigarrillos incluidos en una cajetilla, pasando de 0,0010304240 unidades tributarias mensuales (UTM), a 0,00275 UTM por cada gramo de tabaco que contengan. De esta manera, considerando un valor de UTM actual de $65.443, se aumenta el impuesto por cada cigarrillo a $183,25. As\u00ed, una cajetilla de 20 cigarrillos tendr\u00e1 un costo tributario de $3600 pesos. Esta cifra debe ser analizada considerando la eliminaci\u00f3n del impuesto ad valorem indicado en el p\u00e1rrafo anterior.<\/li>\n<\/ul>\n\n\n\n<ul class=\"wp-block-list\">\n<li>Imponer un impuesto espec\u00edfico para los dispositivos electr\u00f3nicos, sus insumos, partes y piezas, de la misma entidad y caracter\u00edsticas que el impuesto espec\u00edfico a los cigarrillos. Concretamente, proponemos un impuesto ad-valorem del 20% sobre los dispositivos y sus partes; un impuesto espec\u00edfico por cada mililitro de l\u00edquido de 0,00025 UTM y un impuesto espec\u00edfico adicional de 0,00062 UTM por cada miligramo de nicotina contenido en un mililitro de l\u00edquido.<\/li>\n<\/ul>\n\n\n\n<p><strong>Sobre la Universidad Adolfo Ib\u00e1\u00f1ez<\/strong><\/p>\n\n\n\n<p>La Universidad Adolfo Ib\u00e1\u00f1ez (UAI) es una instituci\u00f3n privada, sin fines de lucro, constituida como tal en el a\u00f1o 1988. Originaria de la Escuela de Negocios de Valpara\u00edso que fue instituida en 1953 por la Fundaci\u00f3n Adolfo Ib\u00e1\u00f1ez, depositaria del legado del empresario y hombre p\u00fablico don Adolfo Ib\u00e1\u00f1ez Boggiano. Su principal misi\u00f3n es entregar una educaci\u00f3n que, basada en la libertad y en la responsabilidad personal, permita a sus estudiantes desarrollar la totalidad de su potencial intelectual y humano. Para lograr esto, la UAI asume el compromiso de impartir una formaci\u00f3n profesional con altos est\u00e1ndares acad\u00e9micos, contribuir a expandir las fronteras del conocimiento a trav\u00e9s de investigaci\u00f3n de alto nivel y transferir estos conocimientos para beneficio de la sociedad. M\u00e1s informaci\u00f3n: https:\/\/www.uai.cl\/&nbsp;<\/p>\n\n\n\n<p><strong>Sobre el Centro para la Prevenci\u00f3n y el Control del C\u00e1ncer<\/strong><\/p>\n\n\n\n<p>El Centro para la Prevenci\u00f3n y el Control del C\u00e1ncer (CECAN) es un proyecto FONDAP liderado por la Universidad de Chile y la Pontificia Universidad Cat\u00f3lica que tiene como misi\u00f3n cambiar la historia del c\u00e1ncer en Chile. El CECAN trabaja para generar la evidencia que sustente propuestas en pol\u00edticas p\u00fablicas enfocadas en mejorar la prevenci\u00f3n, diagn\u00f3stico, tratamiento y rehabilitaci\u00f3n de las enfermedades oncol\u00f3gicas. As\u00ed, este centro espera disminuir la exposici\u00f3n poblacional al riesgo de c\u00e1ncer y contribuir a reducir la brecha en el acceso a la atenci\u00f3n oportuna por parte de los pacientes. Este proyecto comenz\u00f3 a ejecutarse a inicios del 2023 y tiene un financiamiento asegurado por 5 a\u00f1os, con la opci\u00f3n de extenderlo por 4 m\u00e1s. M\u00e1s informaci\u00f3n: https:\/\/cecan.cl\/&nbsp;<\/p>\n\n\n\n<p><strong>Organizaciones que respaldan:<\/strong><\/p>\n\n\n\n<p>Asociaci\u00f3n Chilena de Agrupaciones Oncol\u00f3gicas (ACHAGO)<\/p>\n\n\n\n<p>Asociaci\u00f3n Chilena de Municipalidades (ACHM)<\/p>\n\n\n\n<p>Asociaci\u00f3n de Sociedades Cient\u00edficas &#8211; M\u00e9dicas de Chile (ASOCIMED)<\/p>\n\n\n\n<p>Centro Especializado para la Prevenci\u00f3n del Consumo de Sustancias y el Tratamiento de las Adicciones (CESA), Facultad de Medicina Universidad de Chile<\/p>\n\n\n\n<p>Centro para la Prevenci\u00f3n y el Control del C\u00e1ncer (CECAN)<\/p>\n\n\n\n<p>Colegio de Cirujanos Dentistas de Chile<\/p>\n\n\n\n<p>Colegio M\u00e9dico de Chile<\/p>\n\n\n\n<p>Corporaci\u00f3n Nacional de Consumidores y Usuarios (CONADECUS)<\/p>\n\n\n\n<p>Crea<\/p>\n\n\n\n<p>Chile sin C\u00e1ncer<\/p>\n\n\n\n<p>Escuela de Salud P\u00fablica de la Universidad de Chile<\/p>\n\n\n\n<p>Foro Nacional del C\u00e1ncer<\/p>\n\n\n\n<p>Fundaci\u00f3n Arturo L\u00f3pez (FALP)<\/p>\n\n\n\n<p>Fundaci\u00f3n Gist Chile C\u00e1nceres Gastrointestinales<\/p>\n\n\n\n<p>Fundaci\u00f3n Envejecimiento Activo &amp; Saludable<\/p>\n\n\n\n<p>Fundaci\u00f3n Mujeres por un Lazo<\/p>\n\n\n\n<p>Fundaci\u00f3n vi-da<\/p>\n\n\n\n<p>Fundaci\u00f3n Oncol\u00f3gica La Voz de los Pacientes<\/p>\n\n\n\n<p>Instituto Nacional del C\u00e1ncer<\/p>\n\n\n\n<p>Mesa Ciudadana Tabaco o Salud<\/p>\n\n\n\n<p>N\u00facleo Milenio para la Evaluaci\u00f3n y An\u00e1lisis de Pol\u00edticas y Drogas<\/p>\n\n\n\n<p>Red Chilena de Instituciones Formadoras en Salud P\u00fablica<\/p>\n\n\n\n<p>Sociedad Chilena de Cancerolog\u00eda<\/p>\n\n\n\n<p>Sociedad Chilena de Cardiolog\u00eda y Cirug\u00eda Cardiovascular (SOCHICAR)<\/p>\n\n\n\n<p>Sociedad Chilena de Kinesiolog\u00eda Oncol\u00f3gica (SOCHKO)<\/p>\n\n\n\n<p>Sociedad Chilena de Obstetricia y Ginecolog\u00eda<\/p>\n\n\n\n<p>Sociedad Chilena de Salubridad<\/p>\n\n\n\n<p>Sociedad Chilena de Salud P\u00fablica Oral (SOCHISPO)<\/p>\n\n\n\n<p>Sociedad Chilena de Enfermedades Respiratorias (SER)<\/p>\n\n\n\n<p>Sociedad Chilena de Epidemiolog\u00eda (SOCHEPI)<\/p>\n\n\n\n<p>Sociedad Chilena de Medicina del Estilo de Vida<\/p>\n\n\n\n<p>Sociedad Chilena Medicina Cr\u00edtica y Urgencias (RED INTENSIVA)<\/p>\n\n\n\n<p>Sociedad Chilena de Oncolog\u00eda M\u00e9dica (SCOM)<\/p>\n\n\n\n<p>Sociedad Chilena de Pediatr\u00eda<\/p>\n\n\n\n<p>Sociedad Cient\u00edfica de Enfermer\u00eda Familiar y Comunitaria de Chile (SOCHIENFA)<\/p>\n","protected":false},"excerpt":{"rendered":"<div class=\"pvc_clear\"><\/div>\n<p id=\"pvc_stats_50402\" class=\"pvc_stats total_only  \" data-element-id=\"50402\" style=\"\"><i class=\"pvc-stats-icon large\" aria-hidden=\"true\"><svg aria-hidden=\"true\" focusable=\"false\" data-prefix=\"far\" data-icon=\"chart-bar\" role=\"img\" xmlns=\"http:\/\/www.w3.org\/2000\/svg\" viewBox=\"0 0 512 512\" class=\"svg-inline--fa fa-chart-bar fa-w-16 fa-2x\"><path fill=\"currentColor\" d=\"M396.8 352h22.4c6.4 0 12.8-6.4 12.8-12.8V108.8c0-6.4-6.4-12.8-12.8-12.8h-22.4c-6.4 0-12.8 6.4-12.8 12.8v230.4c0 6.4 6.4 12.8 12.8 12.8zm-192 0h22.4c6.4 0 12.8-6.4 12.8-12.8V140.8c0-6.4-6.4-12.8-12.8-12.8h-22.4c-6.4 0-12.8 6.4-12.8 12.8v198.4c0 6.4 6.4 12.8 12.8 12.8zm96 0h22.4c6.4 0 12.8-6.4 12.8-12.8V204.8c0-6.4-6.4-12.8-12.8-12.8h-22.4c-6.4 0-12.8 6.4-12.8 12.8v134.4c0 6.4 6.4 12.8 12.8 12.8zM496 400H48V80c0-8.84-7.16-16-16-16H16C7.16 64 0 71.16 0 80v336c0 17.67 14.33 32 32 32h464c8.84 0 16-7.16 16-16v-16c0-8.84-7.16-16-16-16zm-387.2-48h22.4c6.4 0 12.8-6.4 12.8-12.8v-70.4c0-6.4-6.4-12.8-12.8-12.8h-22.4c-6.4 0-12.8 6.4-12.8 12.8v70.4c0 6.4 6.4 12.8 12.8 12.8z\" class=\"\"><\/path><\/svg><\/i> <img loading=\"lazy\" decoding=\"async\" width=\"16\" height=\"16\" alt=\"Loading\" src=\"https:\/\/temucotelevision.cl\/web\/wp-content\/plugins\/page-views-count\/ajax-loader-2x.gif\" border=0 \/><\/p>\n<div class=\"pvc_clear\"><\/div>\n<p>Expertos nacionales e internacionales de distintos sectores y sociedad civil en el D\u00eda Mundial sin Tabaco: Incrementar los impuestos al<\/p>\n","protected":false},"author":1,"featured_media":50403,"comment_status":"open","ping_status":"open","sticky":false,"template":"","format":"standard","meta":{"colormag_page_container_layout":"default_layout","colormag_page_sidebar_layout":"default_layout","footnotes":""},"categories":[101],"tags":[3026],"class_list":["post-50402","post","type-post","status-publish","format-standard","has-post-thumbnail","hentry","category-actualidad","tag-tabaco"],"a3_pvc":{"activated":true,"total_views":1456,"today_views":0},"_links":{"self":[{"href":"https:\/\/temucotelevision.cl\/web\/wp-json\/wp\/v2\/posts\/50402","targetHints":{"allow":["GET"]}}],"collection":[{"href":"https:\/\/temucotelevision.cl\/web\/wp-json\/wp\/v2\/posts"}],"about":[{"href":"https:\/\/temucotelevision.cl\/web\/wp-json\/wp\/v2\/types\/post"}],"author":[{"embeddable":true,"href":"https:\/\/temucotelevision.cl\/web\/wp-json\/wp\/v2\/users\/1"}],"replies":[{"embeddable":true,"href":"https:\/\/temucotelevision.cl\/web\/wp-json\/wp\/v2\/comments?post=50402"}],"version-history":[{"count":1,"href":"https:\/\/temucotelevision.cl\/web\/wp-json\/wp\/v2\/posts\/50402\/revisions"}],"predecessor-version":[{"id":50404,"href":"https:\/\/temucotelevision.cl\/web\/wp-json\/wp\/v2\/posts\/50402\/revisions\/50404"}],"wp:featuredmedia":[{"embeddable":true,"href":"https:\/\/temucotelevision.cl\/web\/wp-json\/wp\/v2\/media\/50403"}],"wp:attachment":[{"href":"https:\/\/temucotelevision.cl\/web\/wp-json\/wp\/v2\/media?parent=50402"}],"wp:term":[{"taxonomy":"category","embeddable":true,"href":"https:\/\/temucotelevision.cl\/web\/wp-json\/wp\/v2\/categories?post=50402"},{"taxonomy":"post_tag","embeddable":true,"href":"https:\/\/temucotelevision.cl\/web\/wp-json\/wp\/v2\/tags?post=50402"}],"curies":[{"name":"wp","href":"https:\/\/api.w.org\/{rel}","templated":true}]}}