{"id":50400,"date":"2024-05-31T22:19:45","date_gmt":"2024-06-01T01:19:45","guid":{"rendered":"https:\/\/temucotelevision.cl\/web\/?p=50400"},"modified":"2024-05-31T22:19:46","modified_gmt":"2024-06-01T01:19:46","slug":"diputado-jorge-rathgeb-insiste-en-que-se-debe-activar-el-codigo-azul-en-la-araucania-ante-anuncio-de-lluvias-y-bajas-temperaturas","status":"publish","type":"post","link":"https:\/\/temucotelevision.cl\/web\/2024\/05\/31\/diputado-jorge-rathgeb-insiste-en-que-se-debe-activar-el-codigo-azul-en-la-araucania-ante-anuncio-de-lluvias-y-bajas-temperaturas\/","title":{"rendered":"Diputado Jorge Rathgeb insiste en que se debe activar el C\u00f3digo Azul en La Araucan\u00eda ante anuncio de lluvias y bajas temperaturas"},"content":{"rendered":"<div class=\"pvc_clear\"><\/div><p id=\"pvc_stats_50400\" class=\"pvc_stats total_only  \" data-element-id=\"50400\" style=\"\"><i class=\"pvc-stats-icon large\" aria-hidden=\"true\"><svg aria-hidden=\"true\" focusable=\"false\" data-prefix=\"far\" data-icon=\"chart-bar\" role=\"img\" xmlns=\"http:\/\/www.w3.org\/2000\/svg\" viewBox=\"0 0 512 512\" class=\"svg-inline--fa fa-chart-bar fa-w-16 fa-2x\"><path fill=\"currentColor\" d=\"M396.8 352h22.4c6.4 0 12.8-6.4 12.8-12.8V108.8c0-6.4-6.4-12.8-12.8-12.8h-22.4c-6.4 0-12.8 6.4-12.8 12.8v230.4c0 6.4 6.4 12.8 12.8 12.8zm-192 0h22.4c6.4 0 12.8-6.4 12.8-12.8V140.8c0-6.4-6.4-12.8-12.8-12.8h-22.4c-6.4 0-12.8 6.4-12.8 12.8v198.4c0 6.4 6.4 12.8 12.8 12.8zm96 0h22.4c6.4 0 12.8-6.4 12.8-12.8V204.8c0-6.4-6.4-12.8-12.8-12.8h-22.4c-6.4 0-12.8 6.4-12.8 12.8v134.4c0 6.4 6.4 12.8 12.8 12.8zM496 400H48V80c0-8.84-7.16-16-16-16H16C7.16 64 0 71.16 0 80v336c0 17.67 14.33 32 32 32h464c8.84 0 16-7.16 16-16v-16c0-8.84-7.16-16-16-16zm-387.2-48h22.4c6.4 0 12.8-6.4 12.8-12.8v-70.4c0-6.4-6.4-12.8-12.8-12.8h-22.4c-6.4 0-12.8 6.4-12.8 12.8v70.4c0 6.4 6.4 12.8 12.8 12.8z\" class=\"\"><\/path><\/svg><\/i> <img loading=\"lazy\" decoding=\"async\" width=\"16\" height=\"16\" alt=\"Loading\" src=\"https:\/\/temucotelevision.cl\/web\/wp-content\/plugins\/page-views-count\/ajax-loader-2x.gif\" border=0 \/><\/p><div class=\"pvc_clear\"><\/div>\n<p><strong>El legislador coment\u00f3 que en otras comunas la medida ya fue adoptada y que es importante como forma precautoria realizar lo mismo en la regi\u00f3n.<\/strong><\/p>\n\n\n\n<p>El oto\u00f1o en La Araucan\u00eda ha tra\u00eddo consigo precipitaciones y junto a ello tambi\u00e9n&nbsp; temperaturas bajo los cero grados las que se han dejado sentir en varias y en todas las comunas.<\/p>\n\n\n\n<p>Ante el panorama actual que se vive, el diputado de Renovaci\u00f3n Nacional y presidente regional de la colectividad, Jorge Rathgeb Schifferli, reiter\u00f3 la necesidad que se active el C\u00f3digo Azul, con el fin de brindar mejores medidas para quienes carecen de un lugar para pernoctar.<\/p>\n\n\n\n<p>Rathgeb que anteriormente hab\u00eda solicitado la medida, dijo que esto se basa en la inestabilidad del tiempo como se ha apreciado en las \u00faltimas semanas y que ser\u00eda id\u00f3neo contar con esta instancia para evitar que vecinos de la regi\u00f3n que no tienen hogar puedan ir a un sitio donde cuenten con mayor comodidad.<\/p>\n\n\n\n<p>El parlamentario se\u00f1al\u00f3 que pedir esta acci\u00f3n, no es algo antojadizo sino adelantarse a lo que pueda ocurrir y as\u00ed no lamentar hechos como fallecimiento de personas debido a temas meteorol\u00f3gicos.<\/p>\n\n\n\n<p>\u201cHemos tenido oto\u00f1o inestable en t\u00e9rmino de condiciones clim\u00e1ticas, con fr\u00edo, lluvias, viento y por eso es que solicitamos que se active el C\u00f3digo Azul para La Araucan\u00eda y as\u00ed estar con medidas con la anticipaci\u00f3n que se requiere ante lo que pueda ocurrir o surgir en los pr\u00f3ximos d\u00edas\u201d, indic\u00f3 el legislador.<\/p>\n\n\n\n<p>El diputado agreg\u00f3 que esto permitir\u00eda tambi\u00e9n trabajar un tema que es complejo con la antelaci\u00f3n debida.<\/p>\n","protected":false},"excerpt":{"rendered":"<div class=\"pvc_clear\"><\/div>\n<p id=\"pvc_stats_50400\" class=\"pvc_stats total_only  \" data-element-id=\"50400\" style=\"\"><i class=\"pvc-stats-icon large\" aria-hidden=\"true\"><svg aria-hidden=\"true\" focusable=\"false\" data-prefix=\"far\" data-icon=\"chart-bar\" role=\"img\" xmlns=\"http:\/\/www.w3.org\/2000\/svg\" viewBox=\"0 0 512 512\" class=\"svg-inline--fa fa-chart-bar fa-w-16 fa-2x\"><path fill=\"currentColor\" d=\"M396.8 352h22.4c6.4 0 12.8-6.4 12.8-12.8V108.8c0-6.4-6.4-12.8-12.8-12.8h-22.4c-6.4 0-12.8 6.4-12.8 12.8v230.4c0 6.4 6.4 12.8 12.8 12.8zm-192 0h22.4c6.4 0 12.8-6.4 12.8-12.8V140.8c0-6.4-6.4-12.8-12.8-12.8h-22.4c-6.4 0-12.8 6.4-12.8 12.8v198.4c0 6.4 6.4 12.8 12.8 12.8zm96 0h22.4c6.4 0 12.8-6.4 12.8-12.8V204.8c0-6.4-6.4-12.8-12.8-12.8h-22.4c-6.4 0-12.8 6.4-12.8 12.8v134.4c0 6.4 6.4 12.8 12.8 12.8zM496 400H48V80c0-8.84-7.16-16-16-16H16C7.16 64 0 71.16 0 80v336c0 17.67 14.33 32 32 32h464c8.84 0 16-7.16 16-16v-16c0-8.84-7.16-16-16-16zm-387.2-48h22.4c6.4 0 12.8-6.4 12.8-12.8v-70.4c0-6.4-6.4-12.8-12.8-12.8h-22.4c-6.4 0-12.8 6.4-12.8 12.8v70.4c0 6.4 6.4 12.8 12.8 12.8z\" class=\"\"><\/path><\/svg><\/i> <img loading=\"lazy\" decoding=\"async\" width=\"16\" height=\"16\" alt=\"Loading\" src=\"https:\/\/temucotelevision.cl\/web\/wp-content\/plugins\/page-views-count\/ajax-loader-2x.gif\" border=0 \/><\/p>\n<div class=\"pvc_clear\"><\/div>\n<p>El legislador coment\u00f3 que en otras comunas la medida ya fue adoptada y que es importante como forma precautoria realizar<\/p>\n","protected":false},"author":1,"featured_media":49598,"comment_status":"open","ping_status":"open","sticky":false,"template":"","format":"standard","meta":{"colormag_page_container_layout":"default_layout","colormag_page_sidebar_layout":"default_layout","footnotes":""},"categories":[84],"tags":[2944],"class_list":["post-50400","post","type-post","status-publish","format-standard","has-post-thumbnail","hentry","category-politica","tag-dipitado"],"a3_pvc":{"activated":true,"total_views":1015,"today_views":0},"_links":{"self":[{"href":"https:\/\/temucotelevision.cl\/web\/wp-json\/wp\/v2\/posts\/50400","targetHints":{"allow":["GET"]}}],"collection":[{"href":"https:\/\/temucotelevision.cl\/web\/wp-json\/wp\/v2\/posts"}],"about":[{"href":"https:\/\/temucotelevision.cl\/web\/wp-json\/wp\/v2\/types\/post"}],"author":[{"embeddable":true,"href":"https:\/\/temucotelevision.cl\/web\/wp-json\/wp\/v2\/users\/1"}],"replies":[{"embeddable":true,"href":"https:\/\/temucotelevision.cl\/web\/wp-json\/wp\/v2\/comments?post=50400"}],"version-history":[{"count":1,"href":"https:\/\/temucotelevision.cl\/web\/wp-json\/wp\/v2\/posts\/50400\/revisions"}],"predecessor-version":[{"id":50401,"href":"https:\/\/temucotelevision.cl\/web\/wp-json\/wp\/v2\/posts\/50400\/revisions\/50401"}],"wp:featuredmedia":[{"embeddable":true,"href":"https:\/\/temucotelevision.cl\/web\/wp-json\/wp\/v2\/media\/49598"}],"wp:attachment":[{"href":"https:\/\/temucotelevision.cl\/web\/wp-json\/wp\/v2\/media?parent=50400"}],"wp:term":[{"taxonomy":"category","embeddable":true,"href":"https:\/\/temucotelevision.cl\/web\/wp-json\/wp\/v2\/categories?post=50400"},{"taxonomy":"post_tag","embeddable":true,"href":"https:\/\/temucotelevision.cl\/web\/wp-json\/wp\/v2\/tags?post=50400"}],"curies":[{"name":"wp","href":"https:\/\/api.w.org\/{rel}","templated":true}]}}