{"id":50398,"date":"2024-05-31T16:54:39","date_gmt":"2024-05-31T19:54:39","guid":{"rendered":"https:\/\/temucotelevision.cl\/web\/?p=50398"},"modified":"2024-05-31T16:54:39","modified_gmt":"2024-05-31T19:54:39","slug":"pdi-captura-a-colombiano-involucrado-en-homicidio-ocurrido-en-padre-las-casas","status":"publish","type":"post","link":"https:\/\/temucotelevision.cl\/web\/2024\/05\/31\/pdi-captura-a-colombiano-involucrado-en-homicidio-ocurrido-en-padre-las-casas\/","title":{"rendered":"PDI captura a colombiano involucrado en homicidio ocurrido en Padre Las Casas"},"content":{"rendered":"<div class=\"pvc_clear\"><\/div><p id=\"pvc_stats_50398\" class=\"pvc_stats total_only  \" data-element-id=\"50398\" style=\"\"><i class=\"pvc-stats-icon large\" aria-hidden=\"true\"><svg aria-hidden=\"true\" focusable=\"false\" data-prefix=\"far\" data-icon=\"chart-bar\" role=\"img\" xmlns=\"http:\/\/www.w3.org\/2000\/svg\" viewBox=\"0 0 512 512\" class=\"svg-inline--fa fa-chart-bar fa-w-16 fa-2x\"><path fill=\"currentColor\" d=\"M396.8 352h22.4c6.4 0 12.8-6.4 12.8-12.8V108.8c0-6.4-6.4-12.8-12.8-12.8h-22.4c-6.4 0-12.8 6.4-12.8 12.8v230.4c0 6.4 6.4 12.8 12.8 12.8zm-192 0h22.4c6.4 0 12.8-6.4 12.8-12.8V140.8c0-6.4-6.4-12.8-12.8-12.8h-22.4c-6.4 0-12.8 6.4-12.8 12.8v198.4c0 6.4 6.4 12.8 12.8 12.8zm96 0h22.4c6.4 0 12.8-6.4 12.8-12.8V204.8c0-6.4-6.4-12.8-12.8-12.8h-22.4c-6.4 0-12.8 6.4-12.8 12.8v134.4c0 6.4 6.4 12.8 12.8 12.8zM496 400H48V80c0-8.84-7.16-16-16-16H16C7.16 64 0 71.16 0 80v336c0 17.67 14.33 32 32 32h464c8.84 0 16-7.16 16-16v-16c0-8.84-7.16-16-16-16zm-387.2-48h22.4c6.4 0 12.8-6.4 12.8-12.8v-70.4c0-6.4-6.4-12.8-12.8-12.8h-22.4c-6.4 0-12.8 6.4-12.8 12.8v70.4c0 6.4 6.4 12.8 12.8 12.8z\" class=\"\"><\/path><\/svg><\/i> <img loading=\"lazy\" decoding=\"async\" width=\"16\" height=\"16\" alt=\"Loading\" src=\"https:\/\/temucotelevision.cl\/web\/wp-content\/plugins\/page-views-count\/ajax-loader-2x.gif\" border=0 \/><\/p><div class=\"pvc_clear\"><\/div>\n<p>Detectives de la Brigada de Homicidio (BH) Temuco, detuvieron en horas de la tarde de ayer -30 de mayo-, a un hombre de nacionalidad colombiana, que se encuentra en situaci\u00f3n irregular en el pa\u00eds, por el delito de homicidio, ocurrido en la comuna de Padre las Casas&nbsp;<\/p>\n\n\n\n<p>Los hechos sucedieron en la madrugada del jueves 30 de mayo, cuando los involucrados se encontraban compartiendo bajo los efectos del alcohol, donde en horas de la madrugada mantuvieron una discusi\u00f3n, resultando el fallecido con una herida cortante en su abdomen.<\/p>\n\n\n\n<p>El jefe de la BH, Subprefecto Roberto Barrientos, indic\u00f3 que, \u201ca solicitud del Ministerio P\u00fablico, detectives de esa brigada concurrieron hasta la comuna de Padre Las Casas, donde en horas de la ma\u00f1ana se habr\u00eda registrado una pelea entre dos sujetos, resultando uno de ellos con una herida en la regi\u00f3n abdominal, lo que le caus\u00f3 la muerte en el hospital de esa comuna\u201d<\/p>\n\n\n\n<p>Tras el trabajo en el sitio de suceso, se logr\u00f3 establecer la identidad del autor de este hecho, un ciudadano colombiano de 35 a\u00f1os de edad, qui\u00e9n se manten\u00eda de manera irregular en el pa\u00eds, donde en horas de la tarde posterior a todo el trabajo investigativo, logr\u00f3 ser detenido en el sector centro de la comuna de Temuco, agreg\u00f3 el subprefecto Barrientos.<\/p>\n\n\n\n<p>Los antecedentes fueron puestos a disposici\u00f3n del Juzgado de Garant\u00eda de Temuco, donde se proceder\u00e1 a su respectivo control de detenci\u00f3n, en horas de la ma\u00f1ana del 31 de mayo.<\/p>\n\n\n\n<p>Foto archivo PDI<\/p>\n","protected":false},"excerpt":{"rendered":"<div class=\"pvc_clear\"><\/div>\n<p id=\"pvc_stats_50398\" class=\"pvc_stats total_only  \" data-element-id=\"50398\" style=\"\"><i class=\"pvc-stats-icon large\" aria-hidden=\"true\"><svg aria-hidden=\"true\" focusable=\"false\" data-prefix=\"far\" data-icon=\"chart-bar\" role=\"img\" xmlns=\"http:\/\/www.w3.org\/2000\/svg\" viewBox=\"0 0 512 512\" class=\"svg-inline--fa fa-chart-bar fa-w-16 fa-2x\"><path fill=\"currentColor\" d=\"M396.8 352h22.4c6.4 0 12.8-6.4 12.8-12.8V108.8c0-6.4-6.4-12.8-12.8-12.8h-22.4c-6.4 0-12.8 6.4-12.8 12.8v230.4c0 6.4 6.4 12.8 12.8 12.8zm-192 0h22.4c6.4 0 12.8-6.4 12.8-12.8V140.8c0-6.4-6.4-12.8-12.8-12.8h-22.4c-6.4 0-12.8 6.4-12.8 12.8v198.4c0 6.4 6.4 12.8 12.8 12.8zm96 0h22.4c6.4 0 12.8-6.4 12.8-12.8V204.8c0-6.4-6.4-12.8-12.8-12.8h-22.4c-6.4 0-12.8 6.4-12.8 12.8v134.4c0 6.4 6.4 12.8 12.8 12.8zM496 400H48V80c0-8.84-7.16-16-16-16H16C7.16 64 0 71.16 0 80v336c0 17.67 14.33 32 32 32h464c8.84 0 16-7.16 16-16v-16c0-8.84-7.16-16-16-16zm-387.2-48h22.4c6.4 0 12.8-6.4 12.8-12.8v-70.4c0-6.4-6.4-12.8-12.8-12.8h-22.4c-6.4 0-12.8 6.4-12.8 12.8v70.4c0 6.4 6.4 12.8 12.8 12.8z\" class=\"\"><\/path><\/svg><\/i> <img loading=\"lazy\" decoding=\"async\" width=\"16\" height=\"16\" alt=\"Loading\" src=\"https:\/\/temucotelevision.cl\/web\/wp-content\/plugins\/page-views-count\/ajax-loader-2x.gif\" border=0 \/><\/p>\n<div class=\"pvc_clear\"><\/div>\n<p>Detectives de la Brigada de Homicidio (BH) Temuco, detuvieron en horas de la tarde de ayer -30 de mayo-, a<\/p>\n","protected":false},"author":1,"featured_media":11294,"comment_status":"open","ping_status":"open","sticky":false,"template":"","format":"standard","meta":{"colormag_page_container_layout":"default_layout","colormag_page_sidebar_layout":"default_layout","footnotes":""},"categories":[16],"tags":[],"class_list":["post-50398","post","type-post","status-publish","format-standard","has-post-thumbnail","hentry","category-policial"],"a3_pvc":{"activated":true,"total_views":1983,"today_views":0},"_links":{"self":[{"href":"https:\/\/temucotelevision.cl\/web\/wp-json\/wp\/v2\/posts\/50398","targetHints":{"allow":["GET"]}}],"collection":[{"href":"https:\/\/temucotelevision.cl\/web\/wp-json\/wp\/v2\/posts"}],"about":[{"href":"https:\/\/temucotelevision.cl\/web\/wp-json\/wp\/v2\/types\/post"}],"author":[{"embeddable":true,"href":"https:\/\/temucotelevision.cl\/web\/wp-json\/wp\/v2\/users\/1"}],"replies":[{"embeddable":true,"href":"https:\/\/temucotelevision.cl\/web\/wp-json\/wp\/v2\/comments?post=50398"}],"version-history":[{"count":1,"href":"https:\/\/temucotelevision.cl\/web\/wp-json\/wp\/v2\/posts\/50398\/revisions"}],"predecessor-version":[{"id":50399,"href":"https:\/\/temucotelevision.cl\/web\/wp-json\/wp\/v2\/posts\/50398\/revisions\/50399"}],"wp:featuredmedia":[{"embeddable":true,"href":"https:\/\/temucotelevision.cl\/web\/wp-json\/wp\/v2\/media\/11294"}],"wp:attachment":[{"href":"https:\/\/temucotelevision.cl\/web\/wp-json\/wp\/v2\/media?parent=50398"}],"wp:term":[{"taxonomy":"category","embeddable":true,"href":"https:\/\/temucotelevision.cl\/web\/wp-json\/wp\/v2\/categories?post=50398"},{"taxonomy":"post_tag","embeddable":true,"href":"https:\/\/temucotelevision.cl\/web\/wp-json\/wp\/v2\/tags?post=50398"}],"curies":[{"name":"wp","href":"https:\/\/api.w.org\/{rel}","templated":true}]}}