{"id":50387,"date":"2024-05-31T12:45:21","date_gmt":"2024-05-31T15:45:21","guid":{"rendered":"https:\/\/temucotelevision.cl\/web\/?p=50387"},"modified":"2024-05-31T12:45:22","modified_gmt":"2024-05-31T15:45:22","slug":"1er-encuentro-regional-de-recolectores-la-importancia-de-los-recicladores-en-el-proceso-de-reciclaje","status":"publish","type":"post","link":"https:\/\/temucotelevision.cl\/web\/2024\/05\/31\/1er-encuentro-regional-de-recolectores-la-importancia-de-los-recicladores-en-el-proceso-de-reciclaje\/","title":{"rendered":"1er encuentro regional de recolectores: La importancia de los Recicladores en el proceso de reciclaje"},"content":{"rendered":"<div class=\"pvc_clear\"><\/div><p id=\"pvc_stats_50387\" class=\"pvc_stats total_only  \" data-element-id=\"50387\" style=\"\"><i class=\"pvc-stats-icon large\" aria-hidden=\"true\"><svg aria-hidden=\"true\" focusable=\"false\" data-prefix=\"far\" data-icon=\"chart-bar\" role=\"img\" xmlns=\"http:\/\/www.w3.org\/2000\/svg\" viewBox=\"0 0 512 512\" class=\"svg-inline--fa fa-chart-bar fa-w-16 fa-2x\"><path fill=\"currentColor\" d=\"M396.8 352h22.4c6.4 0 12.8-6.4 12.8-12.8V108.8c0-6.4-6.4-12.8-12.8-12.8h-22.4c-6.4 0-12.8 6.4-12.8 12.8v230.4c0 6.4 6.4 12.8 12.8 12.8zm-192 0h22.4c6.4 0 12.8-6.4 12.8-12.8V140.8c0-6.4-6.4-12.8-12.8-12.8h-22.4c-6.4 0-12.8 6.4-12.8 12.8v198.4c0 6.4 6.4 12.8 12.8 12.8zm96 0h22.4c6.4 0 12.8-6.4 12.8-12.8V204.8c0-6.4-6.4-12.8-12.8-12.8h-22.4c-6.4 0-12.8 6.4-12.8 12.8v134.4c0 6.4 6.4 12.8 12.8 12.8zM496 400H48V80c0-8.84-7.16-16-16-16H16C7.16 64 0 71.16 0 80v336c0 17.67 14.33 32 32 32h464c8.84 0 16-7.16 16-16v-16c0-8.84-7.16-16-16-16zm-387.2-48h22.4c6.4 0 12.8-6.4 12.8-12.8v-70.4c0-6.4-6.4-12.8-12.8-12.8h-22.4c-6.4 0-12.8 6.4-12.8 12.8v70.4c0 6.4 6.4 12.8 12.8 12.8z\" class=\"\"><\/path><\/svg><\/i> <img loading=\"lazy\" decoding=\"async\" width=\"16\" height=\"16\" alt=\"Loading\" src=\"https:\/\/temucotelevision.cl\/web\/wp-content\/plugins\/page-views-count\/ajax-loader-2x.gif\" border=0 \/><\/p><div class=\"pvc_clear\"><\/div>\n<p><em>Recolectoras y recolectores de La Araucan\u00eda se reunieron para conmemorar su d\u00eda y avanzar en diferentes acuerdos.<\/em><\/p>\n\n\n\n<p>El 23 de mayo del a\u00f1o 2007 se instaur\u00f3 el D\u00eda Nacional de los Recicladores en Chile. Esto como una forma de recordar y homenajear a la familia Quintana de la comuna de El Bosque, quienes dedicaban su vida a la recolecci\u00f3n y que fallecieron en un tr\u00e1gico incendio.<\/p>\n\n\n\n<p>Hoy, las y los recicladores adem\u00e1s de contar con una fecha que los releva. Est\u00e1n organizados a nivel nacional y regional, siendo uno de los pilares del proceso de reducci\u00f3n de residuos. As\u00ed, la Asociaci\u00f3n Nacional de Recicladores de Chile (ANARCH) junto a su filial regional, participaron del Primer Encuentro Regional de Recicladoras y Recicladores de La Araucan\u00eda.<\/p>\n\n\n\n<p>En la instancia, las y los recicladores provenientes de diferentes extremos de la regi\u00f3n, participaron de diversas charlas sobre el Trabajo y la Previsi\u00f3n Social, y de la ley 20.920; norma que establece el Marco sobre Gesti\u00f3n de Residuos, la Responsabilidad Extendida del Productor y el Fomento al Reciclaje a cargo de Paulo Roa Pinar, profesional de la Unidad de Econom\u00eda Circular de la Seremi del Medio Ambiente.<\/p>\n\n\n\n<p>En esa misma l\u00ednea, y gracias al trabajo que se viene realizando entre <em>el Centro de Evaluaci\u00f3n y Certificaci\u00f3n de Competencias Laborales de la UC Temuco <\/em>y la<em> ANARCH<\/em>, se les inform\u00f3 acerca del proceso de certificaci\u00f3n de las competencias laborales de Recicladores (as) de Base y Recicladores (as) Avanzados, iniciativa que busca favorecer las oportunidades de aprendizaje continuo de las personas, su reconocimiento y valorizaci\u00f3n, mediante procesos de evaluaci\u00f3n y certificaci\u00f3n, basados en est\u00e1ndares definidos y validades por los sectores productivos.<\/p>\n\n\n\n<p>Aliro B\u00f3rquez Ram\u00edrez, Rector de la UC Temuco les dio la bienvenida a las y los recicladores de la regi\u00f3n presentes en este encuentro, comentando la disponibilidad de la casa de estudios \u201c<em>para favorecer, reconocer y valorar sus competencias laborales. Esperamos que los frutos de este primer encuentro se mantengan en el tiempo y sigan contando con nuestra Universidad\u201d.<\/em><\/p>\n\n\n\n<p>En ese contexto, Ana Luisa Jaque dirigenta nacional de la Asociaci\u00f3n Nacional de Recicladores de Chile, agradeci\u00f3 la acogida y el trabajo sostenido en el tiempo que han llevado a cabo en conjunto las instituciones. Cerrando su intervenci\u00f3n con la frase \u201c<em>el reciclaje sin recicladores\u2026es basura\u201d <\/em>sum\u00e1ndose las y los asistentes al mismo saludo.<\/p>\n\n\n\n<p><strong>Mesa de Di\u00e1logo Regional<\/strong><\/p>\n\n\n\n<p>Durante la misma jornada se conform\u00f3 la Mesa de Di\u00e1logo Regional iniciativa que busca fortalecer los lazos entre el gremio y las instituciones p\u00fablicas y privadas de la regi\u00f3n, abordando as\u00ed distintas l\u00edneas de acci\u00f3n que se puedan desarrollar en conjunto.<\/p>\n\n\n\n<p>La Mesa est\u00e1 conformada por el Vice Gran Canciller de la UC Temuco, Presb\u00edtero Leonardo Villagr\u00e1n, adem\u00e1s del Rector de la misma Casa de Estudios, quienes junto a la dirigenta nacional de ANARCH, Ana Luisa Jaque y de las socias Herminia Monsalve y Mar\u00eda del Pilar Herrera sumaron a la seremi del Trabajo y Previsi\u00f3n Social, de Medio Ambiente, de Econom\u00eda, Fomento y Turismo, de Salud y Agricultura, comprometi\u00e9ndose a constituir los primeros lineamientos del trabajo en conjunto.<\/p>\n\n\n\n<p>De manera paralela a \u00e9sta actividad, las y los recicladores de la regi\u00f3n realizaron su Asamblea Regional a cargo de Jos\u00e9 Fern\u00e1ndez Rebolledo dirigente regional de ANARCH.<\/p>\n\n\n\n<figure class=\"wp-block-image size-large\"><img loading=\"lazy\" decoding=\"async\" width=\"1000\" height=\"668\" src=\"https:\/\/temucotelevision.cl\/web\/wp-content\/uploads\/2024\/05\/Actividad-Recicladores-1000x668.jpg\" alt=\"\" class=\"wp-image-50389\" srcset=\"https:\/\/temucotelevision.cl\/web\/wp-content\/uploads\/2024\/05\/Actividad-Recicladores-1000x668.jpg 1000w, https:\/\/temucotelevision.cl\/web\/wp-content\/uploads\/2024\/05\/Actividad-Recicladores-768x513.jpg 768w, https:\/\/temucotelevision.cl\/web\/wp-content\/uploads\/2024\/05\/Actividad-Recicladores-1536x1025.jpg 1536w, https:\/\/temucotelevision.cl\/web\/wp-content\/uploads\/2024\/05\/Actividad-Recicladores-2048x1367.jpg 2048w\" sizes=\"auto, (max-width: 1000px) 100vw, 1000px\" \/><\/figure>\n","protected":false},"excerpt":{"rendered":"<div class=\"pvc_clear\"><\/div>\n<p id=\"pvc_stats_50387\" class=\"pvc_stats total_only  \" data-element-id=\"50387\" style=\"\"><i class=\"pvc-stats-icon large\" aria-hidden=\"true\"><svg aria-hidden=\"true\" focusable=\"false\" data-prefix=\"far\" data-icon=\"chart-bar\" role=\"img\" xmlns=\"http:\/\/www.w3.org\/2000\/svg\" viewBox=\"0 0 512 512\" class=\"svg-inline--fa fa-chart-bar fa-w-16 fa-2x\"><path fill=\"currentColor\" d=\"M396.8 352h22.4c6.4 0 12.8-6.4 12.8-12.8V108.8c0-6.4-6.4-12.8-12.8-12.8h-22.4c-6.4 0-12.8 6.4-12.8 12.8v230.4c0 6.4 6.4 12.8 12.8 12.8zm-192 0h22.4c6.4 0 12.8-6.4 12.8-12.8V140.8c0-6.4-6.4-12.8-12.8-12.8h-22.4c-6.4 0-12.8 6.4-12.8 12.8v198.4c0 6.4 6.4 12.8 12.8 12.8zm96 0h22.4c6.4 0 12.8-6.4 12.8-12.8V204.8c0-6.4-6.4-12.8-12.8-12.8h-22.4c-6.4 0-12.8 6.4-12.8 12.8v134.4c0 6.4 6.4 12.8 12.8 12.8zM496 400H48V80c0-8.84-7.16-16-16-16H16C7.16 64 0 71.16 0 80v336c0 17.67 14.33 32 32 32h464c8.84 0 16-7.16 16-16v-16c0-8.84-7.16-16-16-16zm-387.2-48h22.4c6.4 0 12.8-6.4 12.8-12.8v-70.4c0-6.4-6.4-12.8-12.8-12.8h-22.4c-6.4 0-12.8 6.4-12.8 12.8v70.4c0 6.4 6.4 12.8 12.8 12.8z\" class=\"\"><\/path><\/svg><\/i> <img loading=\"lazy\" decoding=\"async\" width=\"16\" height=\"16\" alt=\"Loading\" src=\"https:\/\/temucotelevision.cl\/web\/wp-content\/plugins\/page-views-count\/ajax-loader-2x.gif\" border=0 \/><\/p>\n<div class=\"pvc_clear\"><\/div>\n<p>Recolectoras y recolectores de La Araucan\u00eda se reunieron para conmemorar su d\u00eda y avanzar en diferentes acuerdos. El 23 de<\/p>\n","protected":false},"author":1,"featured_media":50388,"comment_status":"open","ping_status":"open","sticky":false,"template":"","format":"standard","meta":{"colormag_page_container_layout":"default_layout","colormag_page_sidebar_layout":"default_layout","footnotes":""},"categories":[14],"tags":[3635],"class_list":["post-50387","post","type-post","status-publish","format-standard","has-post-thumbnail","hentry","category-temuco","tag-recicladores"],"a3_pvc":{"activated":true,"total_views":859,"today_views":0},"_links":{"self":[{"href":"https:\/\/temucotelevision.cl\/web\/wp-json\/wp\/v2\/posts\/50387","targetHints":{"allow":["GET"]}}],"collection":[{"href":"https:\/\/temucotelevision.cl\/web\/wp-json\/wp\/v2\/posts"}],"about":[{"href":"https:\/\/temucotelevision.cl\/web\/wp-json\/wp\/v2\/types\/post"}],"author":[{"embeddable":true,"href":"https:\/\/temucotelevision.cl\/web\/wp-json\/wp\/v2\/users\/1"}],"replies":[{"embeddable":true,"href":"https:\/\/temucotelevision.cl\/web\/wp-json\/wp\/v2\/comments?post=50387"}],"version-history":[{"count":1,"href":"https:\/\/temucotelevision.cl\/web\/wp-json\/wp\/v2\/posts\/50387\/revisions"}],"predecessor-version":[{"id":50390,"href":"https:\/\/temucotelevision.cl\/web\/wp-json\/wp\/v2\/posts\/50387\/revisions\/50390"}],"wp:featuredmedia":[{"embeddable":true,"href":"https:\/\/temucotelevision.cl\/web\/wp-json\/wp\/v2\/media\/50388"}],"wp:attachment":[{"href":"https:\/\/temucotelevision.cl\/web\/wp-json\/wp\/v2\/media?parent=50387"}],"wp:term":[{"taxonomy":"category","embeddable":true,"href":"https:\/\/temucotelevision.cl\/web\/wp-json\/wp\/v2\/categories?post=50387"},{"taxonomy":"post_tag","embeddable":true,"href":"https:\/\/temucotelevision.cl\/web\/wp-json\/wp\/v2\/tags?post=50387"}],"curies":[{"name":"wp","href":"https:\/\/api.w.org\/{rel}","templated":true}]}}