{"id":50382,"date":"2024-05-31T12:31:01","date_gmt":"2024-05-31T15:31:01","guid":{"rendered":"https:\/\/temucotelevision.cl\/web\/?p=50382"},"modified":"2024-05-31T12:31:14","modified_gmt":"2024-05-31T15:31:14","slug":"grupo-credicorp-invita-a-jovenes-chilenos-a-presentar-ideas-para-fomentar-una-inteligencia-artificial-responsable","status":"publish","type":"post","link":"https:\/\/temucotelevision.cl\/web\/2024\/05\/31\/grupo-credicorp-invita-a-jovenes-chilenos-a-presentar-ideas-para-fomentar-una-inteligencia-artificial-responsable\/","title":{"rendered":"Grupo Credicorp invita a j\u00f3venes chilenos a presentar ideas para fomentar una inteligencia artificial responsable"},"content":{"rendered":"<div class=\"pvc_clear\"><\/div><p id=\"pvc_stats_50382\" class=\"pvc_stats total_only  \" data-element-id=\"50382\" style=\"\"><i class=\"pvc-stats-icon large\" aria-hidden=\"true\"><svg aria-hidden=\"true\" focusable=\"false\" data-prefix=\"far\" data-icon=\"chart-bar\" role=\"img\" xmlns=\"http:\/\/www.w3.org\/2000\/svg\" viewBox=\"0 0 512 512\" class=\"svg-inline--fa fa-chart-bar fa-w-16 fa-2x\"><path fill=\"currentColor\" d=\"M396.8 352h22.4c6.4 0 12.8-6.4 12.8-12.8V108.8c0-6.4-6.4-12.8-12.8-12.8h-22.4c-6.4 0-12.8 6.4-12.8 12.8v230.4c0 6.4 6.4 12.8 12.8 12.8zm-192 0h22.4c6.4 0 12.8-6.4 12.8-12.8V140.8c0-6.4-6.4-12.8-12.8-12.8h-22.4c-6.4 0-12.8 6.4-12.8 12.8v198.4c0 6.4 6.4 12.8 12.8 12.8zm96 0h22.4c6.4 0 12.8-6.4 12.8-12.8V204.8c0-6.4-6.4-12.8-12.8-12.8h-22.4c-6.4 0-12.8 6.4-12.8 12.8v134.4c0 6.4 6.4 12.8 12.8 12.8zM496 400H48V80c0-8.84-7.16-16-16-16H16C7.16 64 0 71.16 0 80v336c0 17.67 14.33 32 32 32h464c8.84 0 16-7.16 16-16v-16c0-8.84-7.16-16-16-16zm-387.2-48h22.4c6.4 0 12.8-6.4 12.8-12.8v-70.4c0-6.4-6.4-12.8-12.8-12.8h-22.4c-6.4 0-12.8 6.4-12.8 12.8v70.4c0 6.4 6.4 12.8 12.8 12.8z\" class=\"\"><\/path><\/svg><\/i> <img loading=\"lazy\" decoding=\"async\" width=\"16\" height=\"16\" alt=\"Loading\" src=\"https:\/\/temucotelevision.cl\/web\/wp-content\/plugins\/page-views-count\/ajax-loader-2x.gif\" border=0 \/><\/p><div class=\"pvc_clear\"><\/div>\n<p>Grupo Credicorp, l\u00edder financiero en Latinoam\u00e9rica, abri\u00f3 una convocatoria para ser parte de la tercera edici\u00f3n de VOCES, la plataforma que impulsa ideas de cambio social. En esta ocasi\u00f3n, el enfoque est\u00e1 en fomentar una inteligencia artificial responsable y potenciar las oportunidades que brindan estas nuevas tecnolog\u00edas para el desarrollo de los pa\u00edses en materia econ\u00f3mica y social.<\/p>\n\n\n\n<p>J\u00f3venes de entre 18 y 32 a\u00f1os pueden participar con una idea, desde el 29 de mayo hasta el 14 de agosto, pueden postular en vocescredicorp.com.<\/p>\n\n\n\n<p>Desde su inicio en 2022, VOCES ha sido un espacio para que j\u00f3venes de Chile, Per\u00fa, Colombia, Bolivia y Panam\u00e1 presenten soluciones innovadoras. Hasta la fecha, casi 7 mil j\u00f3venes se han sumado con m\u00e1s de 3.600 ideas, todas ellas enfocadas en mejorar nuestra sociedad.<\/p>\n\n\n\n<p>\u201cQueremos potenciar el uso de las nuevas tecnolog\u00edas a favor de los cambios que Latinoam\u00e9rica necesita. Por eso, convocamos a los j\u00f3venes -quienes ser\u00e1n los principales usuarios- a participar en VOCES por la ConciencIA Digital, con ideas para promover el desarrollo de la inteligencia artificial de manera responsable. Lo que buscamos es tener sociedades m\u00e1s empoderadas digitalmente, ya que as\u00ed tendr\u00e1n la opci\u00f3n de mejorar la calidad de vida de todos quienes las conforman\u201d, afirm\u00f3 Gianfranco Ferrari, CEO del grupo Credicorp.<\/p>\n\n\n\n<p><strong>VOCES y la innovaci\u00f3n en Chile<\/strong><\/p>\n\n\n\n<p>En la edici\u00f3n 2023, un equipo chileno fue reconocido por su proyecto &#8220;Handy&#8221;, una innovadora soluci\u00f3n que utiliza IA para traducir la lengua de se\u00f1as a audio y viceversa. Este equipo, compuesto por cinco j\u00f3venes de la Universidad de Los Andes, demostr\u00f3 un enfoque innovador y una profunda comprensi\u00f3n de las necesidades de la comunidad sorda en Chile.&nbsp;<\/p>\n\n\n\n<p>Estos j\u00f3venes idearon &#8220;Handy&#8221; con el objetivo de permitir que las personas sordas se comuniquen fluidamente en persona, por tel\u00e9fono o en diferentes escenarios. Su proyecto destac\u00f3 por su impacto potencial en la inclusi\u00f3n social y el empoderamiento de las personas con discapacidad auditiva.<\/p>\n\n\n\n<p>Javiera O\u2019Ryan, parte del equipo de \u201cHandy\u201d, valor\u00f3 la oportunidad y la iniciativa. \u201cAdem\u00e1s de pasarlo muy bien, pude intercambiar ideas y conocer a personas que est\u00e1n todos hacia la misma direcci\u00f3n de intentar mejorar el mundo. Como grupo estamos muy contentos con la experiencia en VOCES, fue todo muy grato y transparente. Nos cuesta creer lo que logramos, pero al mismo tiempo estamos muy motivados a poder llevar nuestro proyecto adelante, para incluir a m\u00e1s personas en nuestra sociedad y poder aportar al mundo\u201d, zanj\u00f3 O\u2019ryan.&nbsp;<\/p>\n\n\n\n<p>VOCES 2024 cuenta con un destacado Comit\u00e9 Evaluador que incluye a figuras como Gianfranco Ferrari, CEO de Credicorp, y Ariel Gringaus, CEO de Colegium, por parte de Chile. Ellos ser\u00e1n responsables de seleccionar las mejores propuestas.<\/p>\n\n\n\n<p>Las tres ideas ganadoras tendr\u00e1n la oportunidad \u00fanica de asistir al prestigioso One Young World Summit 2025 y recibir\u00e1n financiaci\u00f3n de $15,000 d\u00f3lares para su desarrollo. Adem\u00e1s, contar\u00e1n con mentor\u00eda especializada para potenciar su impacto.<\/p>\n\n\n\n<p>Sobre Credicorp<\/p>\n\n\n\n<p>Holding de servicios financieros l\u00edder en el Per\u00fa con presencia en Bolivia, Chile, Colombia, Panam\u00e1 y Estados Unidos. Cuenta con un portafolio diverso de servicios organizado en cuatro l\u00edneas de negocio: Banca Universal, a trav\u00e9s del Banco de Cr\u00e9dito del Per\u00fa &#8211; BCP y Banco de Cr\u00e9dito de Bolivia; Microfinanzas, a trav\u00e9s de Mibanco y Mibanco Colombia; Seguros y Fondos de Pensiones, a trav\u00e9s de Grupo Pacifico y Prima AFP; y Banca de Inversi\u00f3n y Gesti\u00f3n de Patrimonios, a trav\u00e9s de Credicorp Capital, Gesti\u00f3n de Patrimonios del BCP y Atlantic Security Bank. Asimismo, a trav\u00e9s de Krealo, el brazo de corporate venture capital, se crean, invierten y gestionan fintechs en la regi\u00f3n.<\/p>\n\n\n\n<p>Sobre VOCES<\/p>\n\n\n\n<p>VOCES es una plataforma creada por el Grupo Credicorp para la identificaci\u00f3n y amplificaci\u00f3n de todas esas ideas que hoy se convierten en una alternativa viable para avanzar en la construcci\u00f3n de una Latinoam\u00e9rica m\u00e1s equitativa. En sus dos primeras ediciones, VOCES ha convocado a 6.915 j\u00f3venes de Per\u00fa, Colombia, Chile, Bolivia y Panam\u00e1 que han compartido sus ideas de cambio. En 2024, la convocatoria VOCES por la ConciencIA Digital estar\u00e1 abierta del 29 de mayo al 14 de agosto para que los j\u00f3venes postulen sus ideas en la p\u00e1gina web vocescredicorp.com.<\/p>\n","protected":false},"excerpt":{"rendered":"<div class=\"pvc_clear\"><\/div>\n<p id=\"pvc_stats_50382\" class=\"pvc_stats total_only  \" data-element-id=\"50382\" style=\"\"><i class=\"pvc-stats-icon large\" aria-hidden=\"true\"><svg aria-hidden=\"true\" focusable=\"false\" data-prefix=\"far\" data-icon=\"chart-bar\" role=\"img\" xmlns=\"http:\/\/www.w3.org\/2000\/svg\" viewBox=\"0 0 512 512\" class=\"svg-inline--fa fa-chart-bar fa-w-16 fa-2x\"><path fill=\"currentColor\" d=\"M396.8 352h22.4c6.4 0 12.8-6.4 12.8-12.8V108.8c0-6.4-6.4-12.8-12.8-12.8h-22.4c-6.4 0-12.8 6.4-12.8 12.8v230.4c0 6.4 6.4 12.8 12.8 12.8zm-192 0h22.4c6.4 0 12.8-6.4 12.8-12.8V140.8c0-6.4-6.4-12.8-12.8-12.8h-22.4c-6.4 0-12.8 6.4-12.8 12.8v198.4c0 6.4 6.4 12.8 12.8 12.8zm96 0h22.4c6.4 0 12.8-6.4 12.8-12.8V204.8c0-6.4-6.4-12.8-12.8-12.8h-22.4c-6.4 0-12.8 6.4-12.8 12.8v134.4c0 6.4 6.4 12.8 12.8 12.8zM496 400H48V80c0-8.84-7.16-16-16-16H16C7.16 64 0 71.16 0 80v336c0 17.67 14.33 32 32 32h464c8.84 0 16-7.16 16-16v-16c0-8.84-7.16-16-16-16zm-387.2-48h22.4c6.4 0 12.8-6.4 12.8-12.8v-70.4c0-6.4-6.4-12.8-12.8-12.8h-22.4c-6.4 0-12.8 6.4-12.8 12.8v70.4c0 6.4 6.4 12.8 12.8 12.8z\" class=\"\"><\/path><\/svg><\/i> <img loading=\"lazy\" decoding=\"async\" width=\"16\" height=\"16\" alt=\"Loading\" src=\"https:\/\/temucotelevision.cl\/web\/wp-content\/plugins\/page-views-count\/ajax-loader-2x.gif\" border=0 \/><\/p>\n<div class=\"pvc_clear\"><\/div>\n<p>Grupo Credicorp, l\u00edder financiero en Latinoam\u00e9rica, abri\u00f3 una convocatoria para ser parte de la tercera edici\u00f3n de VOCES, la plataforma<\/p>\n","protected":false},"author":1,"featured_media":50383,"comment_status":"open","ping_status":"open","sticky":false,"template":"","format":"standard","meta":{"colormag_page_container_layout":"default_layout","colormag_page_sidebar_layout":"default_layout","footnotes":""},"categories":[6973],"tags":[7085,6453],"class_list":["post-50382","post","type-post","status-publish","format-standard","has-post-thumbnail","hentry","category-tecnologia","tag-credicorp","tag-ia"],"a3_pvc":{"activated":true,"total_views":866,"today_views":1},"_links":{"self":[{"href":"https:\/\/temucotelevision.cl\/web\/wp-json\/wp\/v2\/posts\/50382","targetHints":{"allow":["GET"]}}],"collection":[{"href":"https:\/\/temucotelevision.cl\/web\/wp-json\/wp\/v2\/posts"}],"about":[{"href":"https:\/\/temucotelevision.cl\/web\/wp-json\/wp\/v2\/types\/post"}],"author":[{"embeddable":true,"href":"https:\/\/temucotelevision.cl\/web\/wp-json\/wp\/v2\/users\/1"}],"replies":[{"embeddable":true,"href":"https:\/\/temucotelevision.cl\/web\/wp-json\/wp\/v2\/comments?post=50382"}],"version-history":[{"count":1,"href":"https:\/\/temucotelevision.cl\/web\/wp-json\/wp\/v2\/posts\/50382\/revisions"}],"predecessor-version":[{"id":50384,"href":"https:\/\/temucotelevision.cl\/web\/wp-json\/wp\/v2\/posts\/50382\/revisions\/50384"}],"wp:featuredmedia":[{"embeddable":true,"href":"https:\/\/temucotelevision.cl\/web\/wp-json\/wp\/v2\/media\/50383"}],"wp:attachment":[{"href":"https:\/\/temucotelevision.cl\/web\/wp-json\/wp\/v2\/media?parent=50382"}],"wp:term":[{"taxonomy":"category","embeddable":true,"href":"https:\/\/temucotelevision.cl\/web\/wp-json\/wp\/v2\/categories?post=50382"},{"taxonomy":"post_tag","embeddable":true,"href":"https:\/\/temucotelevision.cl\/web\/wp-json\/wp\/v2\/tags?post=50382"}],"curies":[{"name":"wp","href":"https:\/\/api.w.org\/{rel}","templated":true}]}}