{"id":50377,"date":"2024-05-31T12:16:17","date_gmt":"2024-05-31T15:16:17","guid":{"rendered":"https:\/\/temucotelevision.cl\/web\/?p=50377"},"modified":"2024-05-31T12:16:18","modified_gmt":"2024-05-31T15:16:18","slug":"pucon-se-luce-con-exitosa-gala-comunal-de-gimnasia-ritmica","status":"publish","type":"post","link":"https:\/\/temucotelevision.cl\/web\/2024\/05\/31\/pucon-se-luce-con-exitosa-gala-comunal-de-gimnasia-ritmica\/","title":{"rendered":"Puc\u00f3n se luce con exitosa gala comunal de Gimnasia R\u00edtmica"},"content":{"rendered":"<div class=\"pvc_clear\"><\/div><p id=\"pvc_stats_50377\" class=\"pvc_stats total_only  \" data-element-id=\"50377\" style=\"\"><i class=\"pvc-stats-icon large\" aria-hidden=\"true\"><svg aria-hidden=\"true\" focusable=\"false\" data-prefix=\"far\" data-icon=\"chart-bar\" role=\"img\" xmlns=\"http:\/\/www.w3.org\/2000\/svg\" viewBox=\"0 0 512 512\" class=\"svg-inline--fa fa-chart-bar fa-w-16 fa-2x\"><path fill=\"currentColor\" d=\"M396.8 352h22.4c6.4 0 12.8-6.4 12.8-12.8V108.8c0-6.4-6.4-12.8-12.8-12.8h-22.4c-6.4 0-12.8 6.4-12.8 12.8v230.4c0 6.4 6.4 12.8 12.8 12.8zm-192 0h22.4c6.4 0 12.8-6.4 12.8-12.8V140.8c0-6.4-6.4-12.8-12.8-12.8h-22.4c-6.4 0-12.8 6.4-12.8 12.8v198.4c0 6.4 6.4 12.8 12.8 12.8zm96 0h22.4c6.4 0 12.8-6.4 12.8-12.8V204.8c0-6.4-6.4-12.8-12.8-12.8h-22.4c-6.4 0-12.8 6.4-12.8 12.8v134.4c0 6.4 6.4 12.8 12.8 12.8zM496 400H48V80c0-8.84-7.16-16-16-16H16C7.16 64 0 71.16 0 80v336c0 17.67 14.33 32 32 32h464c8.84 0 16-7.16 16-16v-16c0-8.84-7.16-16-16-16zm-387.2-48h22.4c6.4 0 12.8-6.4 12.8-12.8v-70.4c0-6.4-6.4-12.8-12.8-12.8h-22.4c-6.4 0-12.8 6.4-12.8 12.8v70.4c0 6.4 6.4 12.8 12.8 12.8z\" class=\"\"><\/path><\/svg><\/i> <img loading=\"lazy\" decoding=\"async\" width=\"16\" height=\"16\" alt=\"Loading\" src=\"https:\/\/temucotelevision.cl\/web\/wp-content\/plugins\/page-views-count\/ajax-loader-2x.gif\" border=0 \/><\/p><div class=\"pvc_clear\"><\/div>\n<p>Una brillante presentaci\u00f3n realizaron las alumnas que forman parte de los talleres de gimnasia r\u00edtmica, que se llevaron a cabo en los establecimientos de Educaci\u00f3n Municipal de Puc\u00f3n, tanto urbanos como rurales, los cuales fueron coordinados por la profesora Claudia Chaipul, quien por tercer a\u00f1o consecutivo dirige la gala art\u00edstica comunal.<\/p>\n\n\n\n<p>Fueron alrededor de 170 deportistas los que dieron vida este mi\u00e9rcoles a la Gala Comunal efectuada en el gimnasio del Complejo Educacional Carlos Holzapfel de la comuna de Puc\u00f3n, oportunidad en que se mostraron diferentes coreograf\u00edas de manera combinada, tanto en grupos mixtos como individual. Durante este primer semestre, el taller demostr\u00f3 diferentes conductas importantes en esta disciplina como el trabajo en equipo.<\/p>\n\n\n\n<p>La iniciativa fue impulsada por el Departamento de Educaci\u00f3n Municipal, donde se observ\u00f3 que esta disciplina deportiva logra el desarrollo integral de los estudiantes, brindando las mismas oportunidades de desarrollo y pr\u00e1ctica deportiva, sin importar si son urbanos o rurales.&nbsp;<\/p>\n\n\n\n<p>El encargado de Educaci\u00f3n Extraescolar, Jos\u00e9 Garc\u00eda, destac\u00f3 la labor de la docente a cargo del taller. \u201cSe realiza un trabajo muy minucioso con los ni\u00f1os y que queda reflejado el gran cari\u00f1o, el esfuerzo y el tiempo que se dedica al taller, debiendo trasladarse a los distintos establecimientos de Educaci\u00f3n Municipal, urbanos y rurales, abriendo as\u00ed las puertas a los ni\u00f1os a descubrir nuevos talentos y futuros gimnastas para la comuna\u201d, expres\u00f3 Garc\u00eda.<\/p>\n\n\n\n<p>La comunidad educativa agradece a todos sus alumnos por participar de esta disciplina especializada en el desarrollo coreogr\u00e1fico, de alta velocidad y destreza, que permite crear de forma simult\u00e1nea movimientos corporales de elevado nivel por parte de los peque\u00f1os gimnastas de Puc\u00f3n.<\/p>\n\n\n\n<figure class=\"wp-block-image aligncenter size-full\"><img loading=\"lazy\" decoding=\"async\" width=\"600\" height=\"314\" src=\"https:\/\/temucotelevision.cl\/web\/wp-content\/uploads\/2024\/05\/Gala3.jpg\" alt=\"\" class=\"wp-image-50380\" srcset=\"https:\/\/temucotelevision.cl\/web\/wp-content\/uploads\/2024\/05\/Gala3.jpg 600w, https:\/\/temucotelevision.cl\/web\/wp-content\/uploads\/2024\/05\/Gala3-390x205.jpg 390w\" sizes=\"auto, (max-width: 600px) 100vw, 600px\" \/><\/figure>\n\n\n\n<figure class=\"wp-block-image aligncenter size-full\"><img loading=\"lazy\" decoding=\"async\" width=\"600\" height=\"314\" src=\"https:\/\/temucotelevision.cl\/web\/wp-content\/uploads\/2024\/05\/Gala2.jpg\" alt=\"\" class=\"wp-image-50379\" srcset=\"https:\/\/temucotelevision.cl\/web\/wp-content\/uploads\/2024\/05\/Gala2.jpg 600w, https:\/\/temucotelevision.cl\/web\/wp-content\/uploads\/2024\/05\/Gala2-390x205.jpg 390w\" sizes=\"auto, (max-width: 600px) 100vw, 600px\" \/><\/figure>\n","protected":false},"excerpt":{"rendered":"<div class=\"pvc_clear\"><\/div>\n<p id=\"pvc_stats_50377\" class=\"pvc_stats total_only  \" data-element-id=\"50377\" style=\"\"><i class=\"pvc-stats-icon large\" aria-hidden=\"true\"><svg aria-hidden=\"true\" focusable=\"false\" data-prefix=\"far\" data-icon=\"chart-bar\" role=\"img\" xmlns=\"http:\/\/www.w3.org\/2000\/svg\" viewBox=\"0 0 512 512\" class=\"svg-inline--fa fa-chart-bar fa-w-16 fa-2x\"><path fill=\"currentColor\" d=\"M396.8 352h22.4c6.4 0 12.8-6.4 12.8-12.8V108.8c0-6.4-6.4-12.8-12.8-12.8h-22.4c-6.4 0-12.8 6.4-12.8 12.8v230.4c0 6.4 6.4 12.8 12.8 12.8zm-192 0h22.4c6.4 0 12.8-6.4 12.8-12.8V140.8c0-6.4-6.4-12.8-12.8-12.8h-22.4c-6.4 0-12.8 6.4-12.8 12.8v198.4c0 6.4 6.4 12.8 12.8 12.8zm96 0h22.4c6.4 0 12.8-6.4 12.8-12.8V204.8c0-6.4-6.4-12.8-12.8-12.8h-22.4c-6.4 0-12.8 6.4-12.8 12.8v134.4c0 6.4 6.4 12.8 12.8 12.8zM496 400H48V80c0-8.84-7.16-16-16-16H16C7.16 64 0 71.16 0 80v336c0 17.67 14.33 32 32 32h464c8.84 0 16-7.16 16-16v-16c0-8.84-7.16-16-16-16zm-387.2-48h22.4c6.4 0 12.8-6.4 12.8-12.8v-70.4c0-6.4-6.4-12.8-12.8-12.8h-22.4c-6.4 0-12.8 6.4-12.8 12.8v70.4c0 6.4 6.4 12.8 12.8 12.8z\" class=\"\"><\/path><\/svg><\/i> <img loading=\"lazy\" decoding=\"async\" width=\"16\" height=\"16\" alt=\"Loading\" src=\"https:\/\/temucotelevision.cl\/web\/wp-content\/plugins\/page-views-count\/ajax-loader-2x.gif\" border=0 \/><\/p>\n<div class=\"pvc_clear\"><\/div>\n<p>Una brillante presentaci\u00f3n realizaron las alumnas que forman parte de los talleres de gimnasia r\u00edtmica, que se llevaron a cabo<\/p>\n","protected":false},"author":1,"featured_media":50378,"comment_status":"open","ping_status":"open","sticky":false,"template":"","format":"standard","meta":{"colormag_page_container_layout":"default_layout","colormag_page_sidebar_layout":"default_layout","footnotes":""},"categories":[14],"tags":[1777],"class_list":["post-50377","post","type-post","status-publish","format-standard","has-post-thumbnail","hentry","category-temuco","tag-gala"],"a3_pvc":{"activated":true,"total_views":986,"today_views":0},"_links":{"self":[{"href":"https:\/\/temucotelevision.cl\/web\/wp-json\/wp\/v2\/posts\/50377","targetHints":{"allow":["GET"]}}],"collection":[{"href":"https:\/\/temucotelevision.cl\/web\/wp-json\/wp\/v2\/posts"}],"about":[{"href":"https:\/\/temucotelevision.cl\/web\/wp-json\/wp\/v2\/types\/post"}],"author":[{"embeddable":true,"href":"https:\/\/temucotelevision.cl\/web\/wp-json\/wp\/v2\/users\/1"}],"replies":[{"embeddable":true,"href":"https:\/\/temucotelevision.cl\/web\/wp-json\/wp\/v2\/comments?post=50377"}],"version-history":[{"count":1,"href":"https:\/\/temucotelevision.cl\/web\/wp-json\/wp\/v2\/posts\/50377\/revisions"}],"predecessor-version":[{"id":50381,"href":"https:\/\/temucotelevision.cl\/web\/wp-json\/wp\/v2\/posts\/50377\/revisions\/50381"}],"wp:featuredmedia":[{"embeddable":true,"href":"https:\/\/temucotelevision.cl\/web\/wp-json\/wp\/v2\/media\/50378"}],"wp:attachment":[{"href":"https:\/\/temucotelevision.cl\/web\/wp-json\/wp\/v2\/media?parent=50377"}],"wp:term":[{"taxonomy":"category","embeddable":true,"href":"https:\/\/temucotelevision.cl\/web\/wp-json\/wp\/v2\/categories?post=50377"},{"taxonomy":"post_tag","embeddable":true,"href":"https:\/\/temucotelevision.cl\/web\/wp-json\/wp\/v2\/tags?post=50377"}],"curies":[{"name":"wp","href":"https:\/\/api.w.org\/{rel}","templated":true}]}}